{"id":175357,"date":"2021-02-10T13:15:00","date_gmt":"2021-02-10T19:15:00","guid":{"rendered":"http:\/\/vertienteglobal.com\/?p=175357"},"modified":"2021-02-10T17:17:32","modified_gmt":"2021-02-10T23:17:32","slug":"protocolo-de-playas-en-cancun-en-semaforo-naranja","status":"publish","type":"post","link":"http:\/\/vertienteglobal.com\/?p=175357","title":{"rendered":"Protocolo de Playas en Canc\u00fan en \u00abSemaforo Naranja\u00bb"},"content":{"rendered":"\n<div class=\"twitterbutton\" style=\"float: right; padding-left: 5px;\"><a href=\"http:\/\/twitter.com\/share\" class=\"twitter-share-button\" data-count=\"horizontal\" data-text=\"Protocolo de Playas en Canc\u00fan en \u00abSemaforo Naranja\u00bb\" data-via=\"https:\/\/twitter.com\/VertienteGloba1\" data-url=\"http:\/\/vertienteglobal.com\/?p=175357\" data-lang=\"es\" data-related=\"Informaci\u00f3n general:S\u00edguenos para que est\u00e9ss informado\"><\/a><\/div>\n<figure class=\"wp-block-image size-large\"><img loading=\"lazy\" decoding=\"async\" width=\"1024\" height=\"576\" src=\"http:\/\/vertienteglobal.com\/wp-content\/uploads\/2021\/02\/20210210_180841-1024x576.jpg\" alt=\"\" class=\"wp-image-175358\" srcset=\"http:\/\/vertienteglobal.com\/wp-content\/uploads\/2021\/02\/20210210_180841-1024x576.jpg 1024w, http:\/\/vertienteglobal.com\/wp-content\/uploads\/2021\/02\/20210210_180841-300x169.jpg 300w, http:\/\/vertienteglobal.com\/wp-content\/uploads\/2021\/02\/20210210_180841-150x84.jpg 150w, http:\/\/vertienteglobal.com\/wp-content\/uploads\/2021\/02\/20210210_180841-768x432.jpg 768w, http:\/\/vertienteglobal.com\/wp-content\/uploads\/2021\/02\/20210210_180841.jpg 1280w\" sizes=\"auto, (max-width: 1024px) 100vw, 1024px\" \/><\/figure>\n\n\n\n<p>(Redaccion)<\/p>\n\n\n\n<p>El horario establecido es de 09:00 a 17:00 horas de lunes a domingo<\/p>\n\n\n\n<p>Canc\u00fan, Quintana Roo, a 10 de febrero de 2021.- El Ayuntamiento de Benito Ju\u00e1rez&nbsp; y la Zona Federal Mar\u00edtimo Terrestre (ZOFEMAT) exhortan a la ciudadan\u00eda a seguir los protocolos sanitarios establecidos en las zonas de playa de acuerdo al color naranja del Sem\u00e1foro Epidemiol\u00f3gico Estatal y a las indicaciones emitidas por las autoridades de salud.<\/p>\n\n\n\n<p>El horario establecido es de 09:00 a 17:00 horas de lunes a domingo.<\/p>\n\n\n\n<p>El aforo m\u00e1ximo permitido es del 60 por ciento.<\/p>\n\n\n\n<p>No se deber\u00e1 acudir en grupos mayores a cinco personas.<\/p>\n\n\n\n<p>Durante el ingreso se tomar\u00e1 la temperatura corporal de cada persona.<\/p>\n\n\n\n<p>El uso de cubrebocas es obligatorio durante el ingreso a los arenales.<\/p>\n\n\n\n<p>No se permitir\u00e1 el ingreso de bebidas alcoh\u00f3licas.<\/p>\n\n\n\n<p>Ante todo, sigue las indicaciones del personal municipal. Lo m\u00e1s importante es tu salud y la de tus seres queridos. #T\u00f3maloEnSerio \u00a1No bajes la guardia!<\/p>\n\n\n\n<figure class=\"wp-block-image size-large\"><img loading=\"lazy\" decoding=\"async\" width=\"663\" height=\"1024\" src=\"http:\/\/vertienteglobal.com\/wp-content\/uploads\/2021\/02\/SEMAFORO_NARANJA_PLAYAS_web_Mesa-de-trabajo-1-copia-copy-2-1-663x1024.png\" alt=\"\" class=\"wp-image-175359\" srcset=\"http:\/\/vertienteglobal.com\/wp-content\/uploads\/2021\/02\/SEMAFORO_NARANJA_PLAYAS_web_Mesa-de-trabajo-1-copia-copy-2-1-663x1024.png 663w, http:\/\/vertienteglobal.com\/wp-content\/uploads\/2021\/02\/SEMAFORO_NARANJA_PLAYAS_web_Mesa-de-trabajo-1-copia-copy-2-1-194x300.png 194w, http:\/\/vertienteglobal.com\/wp-content\/uploads\/2021\/02\/SEMAFORO_NARANJA_PLAYAS_web_Mesa-de-trabajo-1-copia-copy-2-1-97x150.png 97w, http:\/\/vertienteglobal.com\/wp-content\/uploads\/2021\/02\/SEMAFORO_NARANJA_PLAYAS_web_Mesa-de-trabajo-1-copia-copy-2-1-768x1187.png 768w, http:\/\/vertienteglobal.com\/wp-content\/uploads\/2021\/02\/SEMAFORO_NARANJA_PLAYAS_web_Mesa-de-trabajo-1-copia-copy-2-1-994x1536.png 994w, http:\/\/vertienteglobal.com\/wp-content\/uploads\/2021\/02\/SEMAFORO_NARANJA_PLAYAS_web_Mesa-de-trabajo-1-copia-copy-2-1-1326x2048.png 1326w\" sizes=\"auto, (max-width: 663px) 100vw, 663px\" \/><\/figure>\n","protected":false},"excerpt":{"rendered":"<p>(Redaccion) El horario establecido es de 09:00 a 17:00 horas de lunes a domingo Canc\u00fan, Quintana Roo, a 10 de febrero de 2021.- El Ayuntamiento de Benito Ju\u00e1rez&nbsp; y la Zona Federal Mar\u00edtimo Terrestre (ZOFEMAT) exhortan a la ciudadan\u00eda a seguir los protocolos sanitarios establecidos en las zonas de playa de acuerdo al color naranja [&hellip;]<\/p>\n","protected":false},"author":1,"featured_media":175358,"comment_status":"open","ping_status":"open","sticky":false,"template":"","format":"standard","meta":{"footnotes":""},"categories":[3],"tags":[],"class_list":["post-175357","post","type-post","status-publish","format-standard","has-post-thumbnail","hentry","category-quintana-roo","entry","has-media"],"jetpack_featured_media_url":"http:\/\/vertienteglobal.com\/wp-content\/uploads\/2021\/02\/20210210_180841.jpg","_links":{"self":[{"href":"http:\/\/vertienteglobal.com\/index.php?rest_route=\/wp\/v2\/posts\/175357","targetHints":{"allow":["GET"]}}],"collection":[{"href":"http:\/\/vertienteglobal.com\/index.php?rest_route=\/wp\/v2\/posts"}],"about":[{"href":"http:\/\/vertienteglobal.com\/index.php?rest_route=\/wp\/v2\/types\/post"}],"author":[{"embeddable":true,"href":"http:\/\/vertienteglobal.com\/index.php?rest_route=\/wp\/v2\/users\/1"}],"replies":[{"embeddable":true,"href":"http:\/\/vertienteglobal.com\/index.php?rest_route=%2Fwp%2Fv2%2Fcomments&post=175357"}],"version-history":[{"count":0,"href":"http:\/\/vertienteglobal.com\/index.php?rest_route=\/wp\/v2\/posts\/175357\/revisions"}],"wp:featuredmedia":[{"embeddable":true,"href":"http:\/\/vertienteglobal.com\/index.php?rest_route=\/wp\/v2\/media\/175358"}],"wp:attachment":[{"href":"http:\/\/vertienteglobal.com\/index.php?rest_route=%2Fwp%2Fv2%2Fmedia&parent=175357"}],"wp:term":[{"taxonomy":"category","embeddable":true,"href":"http:\/\/vertienteglobal.com\/index.php?rest_route=%2Fwp%2Fv2%2Fcategories&post=175357"},{"taxonomy":"post_tag","embeddable":true,"href":"http:\/\/vertienteglobal.com\/index.php?rest_route=%2Fwp%2Fv2%2Ftags&post=175357"}],"curies":[{"name":"wp","href":"https:\/\/api.w.org\/{rel}","templated":true}]}}