{"id":175156,"date":"2021-02-05T18:39:05","date_gmt":"2021-02-06T00:39:05","guid":{"rendered":"http:\/\/vertienteglobal.com\/?p=175156"},"modified":"2021-02-07T13:41:45","modified_gmt":"2021-02-07T19:41:45","slug":"vacunacion-covid-19-para-adultos-mayores-iniciara-en-marzo-mauricio-vila","status":"publish","type":"post","link":"http:\/\/vertienteglobal.com\/?p=175156","title":{"rendered":"Vacunaci\u00f3n COVID-19 para adultos mayores iniciar\u00e1 en marzo: Mauricio Vila"},"content":{"rendered":"\n<div class=\"twitterbutton\" style=\"float: right; padding-left: 5px;\"><a href=\"http:\/\/twitter.com\/share\" class=\"twitter-share-button\" data-count=\"horizontal\" data-text=\"Vacunaci\u00f3n COVID-19 para adultos mayores iniciar\u00e1 en marzo: Mauricio Vila\" data-via=\"https:\/\/twitter.com\/VertienteGloba1\" data-url=\"http:\/\/vertienteglobal.com\/?p=175156\" data-lang=\"es\" data-related=\"Informaci\u00f3n general:S\u00edguenos para que est\u00e9ss informado\"><\/a><\/div>\n<figure class=\"wp-block-image size-large\"><img loading=\"lazy\" decoding=\"async\" width=\"660\" height=\"330\" src=\"http:\/\/vertienteglobal.com\/wp-content\/uploads\/2021\/02\/vila-660x330-1.jpg\" alt=\"\" class=\"wp-image-175157\" srcset=\"http:\/\/vertienteglobal.com\/wp-content\/uploads\/2021\/02\/vila-660x330-1.jpg 660w, http:\/\/vertienteglobal.com\/wp-content\/uploads\/2021\/02\/vila-660x330-1-300x150.jpg 300w, http:\/\/vertienteglobal.com\/wp-content\/uploads\/2021\/02\/vila-660x330-1-150x75.jpg 150w\" sizes=\"auto, (max-width: 660px) 100vw, 660px\" \/><\/figure>\n\n\n\n<p>(Redaccion)<\/p>\n\n\n\n<p>Sobre adquisici\u00f3n de vacunas contra COVID-19 por gobernadores, Mauricio Vila dijo que \u201cpor el momento, ning\u00fan gobierno estatal ha tenido la oportunidad de comprar vacunas y hay que ser realistas, se ve dif\u00edcil que lo podamos hacer en el corto plazo\u201d<\/p>\n\n\n\n<p>Merida, Yucatan, a 05 de febrero de 2021.- Mauricio Vila, gobernador de Yucat\u00e1n y coordinador de Salud de la Conferencia Nacional de Gobernadores (Conago), inform\u00f3 en entrevista para Despierta que la vacunaci\u00f3n contra COVID-19 para adultos mayores iniciar\u00e1 en marzo.<\/p>\n\n\n\n<p>El funcionario explic\u00f3 a Danielle Dithurbide y a Enrique Campos que el 15 y el 22 de febrero llegar\u00e1n dos nuevos embarques de vacunas COVID-19 a M\u00e9xico, \u201csuficientes para aplicar la segunda dosis a personal de salud de \u00e1reas COVID\u201d.<\/p>\n\n\n\n<p>Vila apunt\u00f3 que el \u201c\u00faltimo d\u00eda de febrero (el 28) negar\u00eda un nuevo embarque con el cual se empezar\u00eda a vacunar a los adultos mayores\u201d.<\/p>\n\n\n\n<p>El gobernador de Yucat\u00e1n se\u00f1alo que en la reciente reuni\u00f3n de la Conago se inform\u00f3 que las \u201cvacunas que van estar llegando van a ser de Pfizer, pero que ya se hab\u00eda firmado contrato con las vacunas Sputnik y que el fin de semana estr\u00edan teniendo ya la Secretar\u00eda de Salud federal el calendario de ls vacunas Sputnik que estar\u00edan llegando, con lo cual se incrementar\u00eda el n\u00famero de vacunas que estar\u00edan llegando en las pr\u00f3ximas semanas. Una buena noticia despu\u00e9s de varias semanas\u201d.<\/p>\n\n\n\n<p>Sobre adquisici\u00f3n de vacunas contra COVID-19 por gobernadores, Mauricio Vila dijo que \u201cpor el momento, ning\u00fan gobierno estatal ha tenido la oportunidad de comprar vacunas y hay que ser realistas, se ve dif\u00edcil que lo podamos hacer en el corto plazo\u201d.<\/p>\n\n\n\n<p>Adultos mayores contactados por tel\u00e9fono para vacuna COVID-19 ya no deben registrase en internet<\/p>\n\n\n\n<p>Tambi\u00e9n en entrevista con Despierta, Ricardo Cort\u00e9s Alcal\u00e1, director general de Promoci\u00f3n de la Salud de la Secretar\u00eda de Salud, inform\u00f3 que los adultos mayores que fueron contactados por tel\u00e9fono ya no deben registrase en internet en la p\u00e1gina Mi Vacuna.<\/p>\n\n\n\n<p>\u201cLas personas que ya recibieron una llamada son personas que est\u00e1n registradas en la Secretar\u00eda del Bienestar como personas adultas mayores que reciben una pensi\u00f3n a trav\u00e9s de estos programas sociales. Estas personas no tienen necesariamente registrarse de nuevo dado que ya se tiene una intenci\u00f3n de recibir la vacuna, ya se tienen sus datos de localizaci\u00f3n y ya no hay ning\u00fan problema\u201d, explic\u00f3 Cort\u00e9s Alcal\u00e1.<\/p>\n\n\n\n<p>El funcionario subray\u00f3 que a los adultos mayores que sean contactados por tel\u00e9fono \u201cno se les debe pedir ning\u00fan dato bancario, no se les pude pedir ning\u00fan otro dato, mas si est\u00e1n dispuestos a recibir la vacuna, y si pueden desplazarse por sus propios medios, por su propio pie\u201d. (Informaci\u00f3n de Noticieros Televisa)<\/p>\n","protected":false},"excerpt":{"rendered":"<p>(Redaccion) Sobre adquisici\u00f3n de vacunas contra COVID-19 por gobernadores, Mauricio Vila dijo que \u201cpor el momento, ning\u00fan gobierno estatal ha tenido la oportunidad de comprar vacunas y hay que ser realistas, se ve dif\u00edcil que lo podamos hacer en el corto plazo\u201d Merida, Yucatan, a 05 de febrero de 2021.- Mauricio Vila, gobernador de Yucat\u00e1n [&hellip;]<\/p>\n","protected":false},"author":1,"featured_media":175157,"comment_status":"open","ping_status":"open","sticky":false,"template":"","format":"standard","meta":{"footnotes":""},"categories":[2],"tags":[],"class_list":["post-175156","post","type-post","status-publish","format-standard","has-post-thumbnail","hentry","category-yucatan","entry","has-media"],"jetpack_featured_media_url":"http:\/\/vertienteglobal.com\/wp-content\/uploads\/2021\/02\/vila-660x330-1.jpg","_links":{"self":[{"href":"http:\/\/vertienteglobal.com\/index.php?rest_route=\/wp\/v2\/posts\/175156","targetHints":{"allow":["GET"]}}],"collection":[{"href":"http:\/\/vertienteglobal.com\/index.php?rest_route=\/wp\/v2\/posts"}],"about":[{"href":"http:\/\/vertienteglobal.com\/index.php?rest_route=\/wp\/v2\/types\/post"}],"author":[{"embeddable":true,"href":"http:\/\/vertienteglobal.com\/index.php?rest_route=\/wp\/v2\/users\/1"}],"replies":[{"embeddable":true,"href":"http:\/\/vertienteglobal.com\/index.php?rest_route=%2Fwp%2Fv2%2Fcomments&post=175156"}],"version-history":[{"count":0,"href":"http:\/\/vertienteglobal.com\/index.php?rest_route=\/wp\/v2\/posts\/175156\/revisions"}],"wp:featuredmedia":[{"embeddable":true,"href":"http:\/\/vertienteglobal.com\/index.php?rest_route=\/wp\/v2\/media\/175157"}],"wp:attachment":[{"href":"http:\/\/vertienteglobal.com\/index.php?rest_route=%2Fwp%2Fv2%2Fmedia&parent=175156"}],"wp:term":[{"taxonomy":"category","embeddable":true,"href":"http:\/\/vertienteglobal.com\/index.php?rest_route=%2Fwp%2Fv2%2Fcategories&post=175156"},{"taxonomy":"post_tag","embeddable":true,"href":"http:\/\/vertienteglobal.com\/index.php?rest_route=%2Fwp%2Fv2%2Ftags&post=175156"}],"curies":[{"name":"wp","href":"https:\/\/api.w.org\/{rel}","templated":true}]}}