{"id":174909,"date":"2021-02-03T13:52:00","date_gmt":"2021-02-03T19:52:00","guid":{"rendered":"http:\/\/vertienteglobal.com\/?p=174909"},"modified":"2021-02-03T18:54:02","modified_gmt":"2021-02-04T00:54:02","slug":"renuncian-9-funcionarios-el-ayuntamiento-de-centro-por-motivos-personales","status":"publish","type":"post","link":"http:\/\/vertienteglobal.com\/?p=174909","title":{"rendered":"Renuncian 9 funcionarios el Ayuntamiento de Centro, por \u00abmotivos personales\u00bb"},"content":{"rendered":"\n<div class=\"twitterbutton\" style=\"float: right; padding-left: 5px;\"><a href=\"http:\/\/twitter.com\/share\" class=\"twitter-share-button\" data-count=\"horizontal\" data-text=\"Renuncian 9 funcionarios el Ayuntamiento de Centro, por \u00abmotivos personales\u00bb\" data-via=\"https:\/\/twitter.com\/VertienteGloba1\" data-url=\"http:\/\/vertienteglobal.com\/?p=174909\" data-lang=\"es\" data-related=\"Informaci\u00f3n general:S\u00edguenos para que est\u00e9ss informado\"><\/a><\/div>\n<figure class=\"wp-block-image size-large\"><img loading=\"lazy\" decoding=\"async\" width=\"1024\" height=\"706\" src=\"http:\/\/vertienteglobal.com\/wp-content\/uploads\/2021\/02\/juancarlos-focus-0-0-1200-850-1024x706.jpg\" alt=\"\" class=\"wp-image-174910\" srcset=\"http:\/\/vertienteglobal.com\/wp-content\/uploads\/2021\/02\/juancarlos-focus-0-0-1200-850-1024x706.jpg 1024w, http:\/\/vertienteglobal.com\/wp-content\/uploads\/2021\/02\/juancarlos-focus-0-0-1200-850-300x207.jpg 300w, http:\/\/vertienteglobal.com\/wp-content\/uploads\/2021\/02\/juancarlos-focus-0-0-1200-850-150x103.jpg 150w, http:\/\/vertienteglobal.com\/wp-content\/uploads\/2021\/02\/juancarlos-focus-0-0-1200-850-768x529.jpg 768w, http:\/\/vertienteglobal.com\/wp-content\/uploads\/2021\/02\/juancarlos-focus-0-0-1200-850.jpg 1200w\" sizes=\"auto, (max-width: 1024px) 100vw, 1024px\" \/><\/figure>\n\n\n\n<p>(Redaccion)<\/p>\n\n\n\n<p>Informo que por el momento quedaron encargados de despacho, y que en los pr\u00f3ximos d\u00edas, el alcalde Evaristo Hern\u00e1ndez Cruz estar\u00eda haciendo los nombramientos de los nuevos directores, coordinadores y subdirectores de las \u00e1reas vacantes<\/p>\n\n\n\n<p>Villahermosa, Tabasco a 03 de febrero de 2021.-El vocero del Ayuntamiento de Centro,&nbsp;Juan Carlos Castillejos Castillejos, dio a conocer que con fecha 31 de enero, nueve funcionarios , entre ellos seis directores, presentaron sus renuncias.<\/p>\n\n\n\n<p>Y es que el funcionario municipal, dejo en claro que desconoce cuales fueron los \u00abmotivos personales\u00bb de renuncia de los ex funcionarios, al tiempo que descart\u00f3 que se les haya pedido su dimisi\u00f3n o que haya existido alguna inconformidad entre ambas partes.<\/p>\n\n\n\n<p>Castillejos Castillejos, sostuvo que dimitieron al cargo la direcci\u00f3n de Fomento Econ\u00f3mico, Martha Vera Mart\u00ednez, el coordinador de Delegados Municipales, Gilberto Ram\u00edrez, el director de Educaci\u00f3n, Cultura y Recreaci\u00f3n (DECUR), Miguel Ram\u00edrez Fr\u00edas.<\/p>\n\n\n\n<p>De igual forma, presento su renuncia Francisco Garc\u00eda Moreno de Atenci\u00f3n Ciudadana;&nbsp;Jorge Luis Sobrado Falc\u00f3n a la direcci\u00f3n de Desarrollo;&nbsp;Babe Segura C\u00f3rdova a la coordinaci\u00f3n de Modernizaci\u00f3n e Innovaci\u00f3n.<\/p>\n\n\n\n<p>Tambi\u00e9n hicieron lo propio Diana Carballo Priego, a la coordinaci\u00f3n del programa de Desarrollo Social y Prevenci\u00f3n \u00abEspacios\u00bb;&nbsp;Franklin P\u00e9rez Priego a la subdirecci\u00f3n del \u00c1rea Administrativa;&nbsp;y David Vel\u00e1zquez Garc\u00eda, a la subdirecci\u00f3n de Asuntos Ind\u00edgenas.<\/p>\n\n\n\n<p>Por ultimo, agreg\u00f3 que por el momento quedaron encargados de despacho, y que en los pr\u00f3ximos d\u00edas, el alcalde Evaristo Hern\u00e1ndez Cruz estar\u00eda haciendo los nombramientos de los nuevos directores, coordinadores y subdirectores de las \u00e1reas vacantes.<\/p>\n","protected":false},"excerpt":{"rendered":"<p>(Redaccion) Informo que por el momento quedaron encargados de despacho, y que en los pr\u00f3ximos d\u00edas, el alcalde Evaristo Hern\u00e1ndez Cruz estar\u00eda haciendo los nombramientos de los nuevos directores, coordinadores y subdirectores de las \u00e1reas vacantes Villahermosa, Tabasco a 03 de febrero de 2021.-El vocero del Ayuntamiento de Centro,&nbsp;Juan Carlos Castillejos Castillejos, dio a conocer [&hellip;]<\/p>\n","protected":false},"author":1,"featured_media":174910,"comment_status":"open","ping_status":"open","sticky":false,"template":"","format":"standard","meta":{"footnotes":""},"categories":[5],"tags":[],"class_list":["post-174909","post","type-post","status-publish","format-standard","has-post-thumbnail","hentry","category-tabasco","entry","has-media"],"jetpack_featured_media_url":"http:\/\/vertienteglobal.com\/wp-content\/uploads\/2021\/02\/juancarlos-focus-0-0-1200-850.jpg","_links":{"self":[{"href":"http:\/\/vertienteglobal.com\/index.php?rest_route=\/wp\/v2\/posts\/174909","targetHints":{"allow":["GET"]}}],"collection":[{"href":"http:\/\/vertienteglobal.com\/index.php?rest_route=\/wp\/v2\/posts"}],"about":[{"href":"http:\/\/vertienteglobal.com\/index.php?rest_route=\/wp\/v2\/types\/post"}],"author":[{"embeddable":true,"href":"http:\/\/vertienteglobal.com\/index.php?rest_route=\/wp\/v2\/users\/1"}],"replies":[{"embeddable":true,"href":"http:\/\/vertienteglobal.com\/index.php?rest_route=%2Fwp%2Fv2%2Fcomments&post=174909"}],"version-history":[{"count":0,"href":"http:\/\/vertienteglobal.com\/index.php?rest_route=\/wp\/v2\/posts\/174909\/revisions"}],"wp:featuredmedia":[{"embeddable":true,"href":"http:\/\/vertienteglobal.com\/index.php?rest_route=\/wp\/v2\/media\/174910"}],"wp:attachment":[{"href":"http:\/\/vertienteglobal.com\/index.php?rest_route=%2Fwp%2Fv2%2Fmedia&parent=174909"}],"wp:term":[{"taxonomy":"category","embeddable":true,"href":"http:\/\/vertienteglobal.com\/index.php?rest_route=%2Fwp%2Fv2%2Fcategories&post=174909"},{"taxonomy":"post_tag","embeddable":true,"href":"http:\/\/vertienteglobal.com\/index.php?rest_route=%2Fwp%2Fv2%2Ftags&post=174909"}],"curies":[{"name":"wp","href":"https:\/\/api.w.org\/{rel}","templated":true}]}}