{"id":174896,"date":"2021-02-03T18:35:00","date_gmt":"2021-02-04T00:35:00","guid":{"rendered":"http:\/\/vertienteglobal.com\/?p=174896"},"modified":"2021-02-03T20:57:26","modified_gmt":"2021-02-04T02:57:26","slug":"el-pvem-solo-encabezara-la-candidatura-en-puerto-morelos-quintana-roo-jose-de-la-pena-ruiz-de-chavez","status":"publish","type":"post","link":"http:\/\/vertienteglobal.com\/?p=174896","title":{"rendered":"El PVEM s\u00f3lo encabezar\u00e1 la candidatura en Puerto Morelos, Quintana Roo: Jos\u00e9 de la Pe\u00f1a Ruiz de Ch\u00e1vez"},"content":{"rendered":"\n<div class=\"twitterbutton\" style=\"float: right; padding-left: 5px;\"><a href=\"http:\/\/twitter.com\/share\" class=\"twitter-share-button\" data-count=\"horizontal\" data-text=\"El PVEM s\u00f3lo encabezar\u00e1 la candidatura en Puerto Morelos, Quintana Roo: Jos\u00e9 ...\" data-via=\"https:\/\/twitter.com\/VertienteGloba1\" data-url=\"http:\/\/vertienteglobal.com\/?p=174896\" data-lang=\"es\" data-related=\"Informaci\u00f3n general:S\u00edguenos para que est\u00e9ss informado\"><\/a><\/div>\n<figure class=\"wp-block-image size-large\"><img loading=\"lazy\" decoding=\"async\" width=\"783\" height=\"392\" src=\"http:\/\/vertienteglobal.com\/wp-content\/uploads\/2021\/02\/images-3.jpeg\" alt=\"\" class=\"wp-image-174978\" srcset=\"http:\/\/vertienteglobal.com\/wp-content\/uploads\/2021\/02\/images-3.jpeg 783w, http:\/\/vertienteglobal.com\/wp-content\/uploads\/2021\/02\/images-3-300x150.jpeg 300w, http:\/\/vertienteglobal.com\/wp-content\/uploads\/2021\/02\/images-3-150x75.jpeg 150w, http:\/\/vertienteglobal.com\/wp-content\/uploads\/2021\/02\/images-3-768x384.jpeg 768w\" sizes=\"auto, (max-width: 783px) 100vw, 783px\" \/><\/figure>\n\n\n\n<p>(Redaccion)<\/p>\n\n\n\n<p>Reiter\u00f3 que el PVEM apoya a&nbsp;Mara Lezama Espinosa&nbsp;para que busque la reelecci\u00f3n<\/p>\n\n\n\n<p>Cancun, Quintana Rpo, a 03 de febrero de 2021.- El dirigente del Partido Verde Ecologista de M\u00e9xico (PVEM) en Quintana Roo, Jos\u00e9 de la Pe\u00f1a Ruiz de Ch\u00e1vez, dejo en claro que para las elecciones del 6 de junio pr\u00f3ximo, mantendr\u00e1n la alianza con Morena, pero s\u00f3lo encabezar\u00e1n una candidatura a una presidencia municipal, la de Puerto Morelos.<\/p>\n\n\n\n<p>El dirigente estatal afirm\u00f3 que no vislumbra un escenario complicado a la hora de conformar cuadros, pues hay voluntad de trabajar juntos, \u201clo m\u00e1s dif\u00edcil es ponerse de acuerdo y se logr\u00f3\u201d.<\/p>\n\n\n\n<p>Y es que en entrevista para Radio F\u00f3rmula, se\u00f1al\u00f3 que hay confianza en que podr\u00e1n mantener los municipios que gobiernan en la entidad, as\u00ed como las cuatro diputaciones federales y es por eso que presentar\u00e1n a los mejores candidatos.<\/p>\n\n\n\n<p>Asimismo y en el caso de Benito Ju\u00e1rez, expres\u00f3 que es total responsabilidad de Morena determinar qui\u00e9n competir\u00e1 por la presidencia municipal, aunque particularmente reiter\u00f3 que el PVEM apoya a&nbsp;Mara Lezama Espinosa&nbsp;para que busque la reelecci\u00f3n.<\/p>\n\n\n\n<p>\u201cAl final ser\u00e1 Morena el que determine qui\u00e9n ir\u00e1 por la presidencia municipal de Benito Ju\u00e1rez\u201d, a\u00f1adi\u00f3.<\/p>\n\n\n\n<p>Jos\u00e9 de la Pe\u00f1a record\u00f3 que en los anteriores comicios la participaci\u00f3n de los quintanarroenses fue muy pobre, de casi el 20 por ciento, pero espera que en esta ocasi\u00f3n mejore de manera significativa, y para eso ser\u00e1 necesario alentarla con las propuestas de los candidatos.<\/p>\n\n\n\n<p>Por otro lado, el dirigente estatal, expres\u00f3 que pese a la alianza con Morena, el PVEM mantiene su pol\u00edtica de promover el uso de las energ\u00edas limpias e incluso siempre se han manifestado estar a favor de no modificar las leyes que las impulsan.<\/p>\n\n\n\n<p>Dijo: \u201cTenemos bien claro en nuestras alianzas una marcada agenda en que siempre vamos a tener convergencias y divergencias\u201d.<\/p>\n\n\n\n<p>El Partido Verde, sostuvo que se opondr\u00e1 a que no se promueva e impulse el uso de las energ\u00edas limpias, como la solares y e\u00f3licas.<\/p>\n\n\n\n<p>La propia Comisi\u00f3n Federal de Electricidad report\u00f3 que producir un megawatt hora con combust\u00f3leo le cost\u00f3 138 d\u00f3lares en 2019, y esa misma cantidad con energ\u00edas renovables, 67 d\u00f3lares.<\/p>\n","protected":false},"excerpt":{"rendered":"<p>(Redaccion) Reiter\u00f3 que el PVEM apoya a&nbsp;Mara Lezama Espinosa&nbsp;para que busque la reelecci\u00f3n Cancun, Quintana Rpo, a 03 de febrero de 2021.- El dirigente del Partido Verde Ecologista de M\u00e9xico (PVEM) en Quintana Roo, Jos\u00e9 de la Pe\u00f1a Ruiz de Ch\u00e1vez, dejo en claro que para las elecciones del 6 de junio pr\u00f3ximo, mantendr\u00e1n la [&hellip;]<\/p>\n","protected":false},"author":1,"featured_media":174978,"comment_status":"open","ping_status":"open","sticky":false,"template":"","format":"standard","meta":{"footnotes":""},"categories":[3],"tags":[],"class_list":["post-174896","post","type-post","status-publish","format-standard","has-post-thumbnail","hentry","category-quintana-roo","entry","has-media"],"jetpack_featured_media_url":"http:\/\/vertienteglobal.com\/wp-content\/uploads\/2021\/02\/images-3.jpeg","_links":{"self":[{"href":"http:\/\/vertienteglobal.com\/index.php?rest_route=\/wp\/v2\/posts\/174896","targetHints":{"allow":["GET"]}}],"collection":[{"href":"http:\/\/vertienteglobal.com\/index.php?rest_route=\/wp\/v2\/posts"}],"about":[{"href":"http:\/\/vertienteglobal.com\/index.php?rest_route=\/wp\/v2\/types\/post"}],"author":[{"embeddable":true,"href":"http:\/\/vertienteglobal.com\/index.php?rest_route=\/wp\/v2\/users\/1"}],"replies":[{"embeddable":true,"href":"http:\/\/vertienteglobal.com\/index.php?rest_route=%2Fwp%2Fv2%2Fcomments&post=174896"}],"version-history":[{"count":0,"href":"http:\/\/vertienteglobal.com\/index.php?rest_route=\/wp\/v2\/posts\/174896\/revisions"}],"wp:featuredmedia":[{"embeddable":true,"href":"http:\/\/vertienteglobal.com\/index.php?rest_route=\/wp\/v2\/media\/174978"}],"wp:attachment":[{"href":"http:\/\/vertienteglobal.com\/index.php?rest_route=%2Fwp%2Fv2%2Fmedia&parent=174896"}],"wp:term":[{"taxonomy":"category","embeddable":true,"href":"http:\/\/vertienteglobal.com\/index.php?rest_route=%2Fwp%2Fv2%2Fcategories&post=174896"},{"taxonomy":"post_tag","embeddable":true,"href":"http:\/\/vertienteglobal.com\/index.php?rest_route=%2Fwp%2Fv2%2Ftags&post=174896"}],"curies":[{"name":"wp","href":"https:\/\/api.w.org\/{rel}","templated":true}]}}