{"id":174883,"date":"2021-02-03T09:21:00","date_gmt":"2021-02-03T15:21:00","guid":{"rendered":"http:\/\/vertienteglobal.com\/?p=174883"},"modified":"2021-02-03T09:33:27","modified_gmt":"2021-02-03T15:33:27","slug":"oficial-ayuntamiento-cancela-el-carnaval-de-merida","status":"publish","type":"post","link":"http:\/\/vertienteglobal.com\/?p=174883","title":{"rendered":"Oficial: Ayuntamiento cancela el Carnaval de Merida"},"content":{"rendered":"\n<div class=\"twitterbutton\" style=\"float: right; padding-left: 5px;\"><a href=\"http:\/\/twitter.com\/share\" class=\"twitter-share-button\" data-count=\"horizontal\" data-text=\"Oficial: Ayuntamiento cancela el Carnaval de Merida\" data-via=\"https:\/\/twitter.com\/VertienteGloba1\" data-url=\"http:\/\/vertienteglobal.com\/?p=174883\" data-lang=\"es\" data-related=\"Informaci\u00f3n general:S\u00edguenos para que est\u00e9ss informado\"><\/a><\/div>\n<figure class=\"wp-block-image size-large\"><img loading=\"lazy\" decoding=\"async\" width=\"660\" height=\"330\" src=\"http:\/\/vertienteglobal.com\/wp-content\/uploads\/2021\/02\/C130B766-2895-44A7-9A83-12C457487775-696x1044-1-660x330-1.jpeg\" alt=\"\" class=\"wp-image-174884\" srcset=\"http:\/\/vertienteglobal.com\/wp-content\/uploads\/2021\/02\/C130B766-2895-44A7-9A83-12C457487775-696x1044-1-660x330-1.jpeg 660w, http:\/\/vertienteglobal.com\/wp-content\/uploads\/2021\/02\/C130B766-2895-44A7-9A83-12C457487775-696x1044-1-660x330-1-300x150.jpeg 300w, http:\/\/vertienteglobal.com\/wp-content\/uploads\/2021\/02\/C130B766-2895-44A7-9A83-12C457487775-696x1044-1-660x330-1-150x75.jpeg 150w\" sizes=\"auto, (max-width: 660px) 100vw, 660px\" \/><\/figure>\n\n\n\n<p>(Redaccion)<\/p>\n\n\n\n<p>Barrera Concha instruir\u00e1 de manera inmediata a los regidores para atender el tema del presupuesto previamente aprobado para esas actividades con el fin de que se reoriente a fortalecer la salud y mitigar los inconvenientes de la pandemia<\/p>\n\n\n\n<p>M\u00e9rida, Yucat\u00e1n, 3 de febrero de 2021. El Ayuntamiento de M\u00e9rida informa que quedan canceladas todas las actividades relacionadas con el Carnaval que este a\u00f1o, ante la situaci\u00f3n que atravesamos por la pandemia del COVID-19, se hab\u00edan programado \u00fanicamente en formato digital.<\/p>\n\n\n\n<p>Precisamente por las restricciones que impone la pandemia, la edici\u00f3n 2021 de estos festejos no contempl\u00f3 actividades presenciales, ni eventos masivos o desfiles de comparsas en el recinto ferial de Xmatkuil, que en a\u00f1os anteriores ha sido sede de las actividades.<\/p>\n\n\n\n<p>El \u00fanico prop\u00f3sito de la conmemoraci\u00f3n planeada en formato digital era apoyar a la econom\u00eda del sector que participa en la organizaci\u00f3n y desarrollo de las actividades, adem\u00e1s de ofrecer un poco de alegr\u00eda a los hogares que llevan ya casi un a\u00f1o en medio de la zozobra por la pandemia.<\/p>\n\n\n\n<p>Sin embargo, atento a la opini\u00f3n y el sentir de los meridanos y pendiente siempre de lo que la ciudadan\u00eda quiere, el Ayuntamiento ha decidido cancelar de manera definitiva todas las actividades carnavalescas.<\/p>\n\n\n\n<p>Adem\u00e1s, el alcalde Ren\u00e1n Barrera Concha instruir\u00e1 de manera inmediata a los regidores para atender el tema del presupuesto previamente aprobado para esas actividades con el fin de que se reoriente a fortalecer la salud y mitigar los inconvenientes de la pandemia.<\/p>\n\n\n\n<p>El alcalde Ren\u00e1n Barrera Concha ya ha girado las instrucciones pertinentes a su equipo de trabajo para convocar a una sesi\u00f3n extraordinaria en la que se puedan formalizar los ajustes necesarios referentes al presupuesto asignado al Comit\u00e9 Permanente del Carnaval de M\u00e9rida.<\/p>\n","protected":false},"excerpt":{"rendered":"<p>(Redaccion) Barrera Concha instruir\u00e1 de manera inmediata a los regidores para atender el tema del presupuesto previamente aprobado para esas actividades con el fin de que se reoriente a fortalecer la salud y mitigar los inconvenientes de la pandemia M\u00e9rida, Yucat\u00e1n, 3 de febrero de 2021. El Ayuntamiento de M\u00e9rida informa que quedan canceladas todas [&hellip;]<\/p>\n","protected":false},"author":1,"featured_media":174884,"comment_status":"open","ping_status":"open","sticky":false,"template":"","format":"standard","meta":{"footnotes":""},"categories":[2],"tags":[],"class_list":["post-174883","post","type-post","status-publish","format-standard","has-post-thumbnail","hentry","category-yucatan","entry","has-media"],"jetpack_featured_media_url":"http:\/\/vertienteglobal.com\/wp-content\/uploads\/2021\/02\/C130B766-2895-44A7-9A83-12C457487775-696x1044-1-660x330-1.jpeg","_links":{"self":[{"href":"http:\/\/vertienteglobal.com\/index.php?rest_route=\/wp\/v2\/posts\/174883","targetHints":{"allow":["GET"]}}],"collection":[{"href":"http:\/\/vertienteglobal.com\/index.php?rest_route=\/wp\/v2\/posts"}],"about":[{"href":"http:\/\/vertienteglobal.com\/index.php?rest_route=\/wp\/v2\/types\/post"}],"author":[{"embeddable":true,"href":"http:\/\/vertienteglobal.com\/index.php?rest_route=\/wp\/v2\/users\/1"}],"replies":[{"embeddable":true,"href":"http:\/\/vertienteglobal.com\/index.php?rest_route=%2Fwp%2Fv2%2Fcomments&post=174883"}],"version-history":[{"count":0,"href":"http:\/\/vertienteglobal.com\/index.php?rest_route=\/wp\/v2\/posts\/174883\/revisions"}],"wp:featuredmedia":[{"embeddable":true,"href":"http:\/\/vertienteglobal.com\/index.php?rest_route=\/wp\/v2\/media\/174884"}],"wp:attachment":[{"href":"http:\/\/vertienteglobal.com\/index.php?rest_route=%2Fwp%2Fv2%2Fmedia&parent=174883"}],"wp:term":[{"taxonomy":"category","embeddable":true,"href":"http:\/\/vertienteglobal.com\/index.php?rest_route=%2Fwp%2Fv2%2Fcategories&post=174883"},{"taxonomy":"post_tag","embeddable":true,"href":"http:\/\/vertienteglobal.com\/index.php?rest_route=%2Fwp%2Fv2%2Ftags&post=174883"}],"curies":[{"name":"wp","href":"https:\/\/api.w.org\/{rel}","templated":true}]}}