{"id":174690,"date":"2021-01-31T19:19:00","date_gmt":"2021-02-01T01:19:00","guid":{"rendered":"http:\/\/vertienteglobal.com\/?p=174690"},"modified":"2021-01-31T19:50:07","modified_gmt":"2021-02-01T01:50:07","slug":"habra-sanciones-severas-por-incumplimiento-de-protocolos-y-medidas-de-higiene-en-negocios-en-quintana-roo-carlos-joaquin","status":"publish","type":"post","link":"http:\/\/vertienteglobal.com\/?p=174690","title":{"rendered":"Habr\u00e1 sanciones severas por incumplimiento de protocolos y medidas de higiene en negocios en Quintana Roo: Carlos Joaqu\u00edn"},"content":{"rendered":"\n<div class=\"twitterbutton\" style=\"float: right; padding-left: 5px;\"><a href=\"http:\/\/twitter.com\/share\" class=\"twitter-share-button\" data-count=\"horizontal\" data-text=\"Habr\u00e1 sanciones severas por incumplimiento de protocolos y medidas de higiene e...\" data-via=\"https:\/\/twitter.com\/VertienteGloba1\" data-url=\"http:\/\/vertienteglobal.com\/?p=174690\" data-lang=\"es\" data-related=\"Informaci\u00f3n general:S\u00edguenos para que est\u00e9ss informado\"><\/a><\/div>\n<figure class=\"wp-block-image size-large\"><img loading=\"lazy\" decoding=\"async\" width=\"1024\" height=\"682\" src=\"http:\/\/vertienteglobal.com\/wp-content\/uploads\/2021\/01\/CJ-Sanciones-1024x682.jpeg\" alt=\"\" class=\"wp-image-174691\" srcset=\"http:\/\/vertienteglobal.com\/wp-content\/uploads\/2021\/01\/CJ-Sanciones-1024x682.jpeg 1024w, http:\/\/vertienteglobal.com\/wp-content\/uploads\/2021\/01\/CJ-Sanciones-300x200.jpeg 300w, http:\/\/vertienteglobal.com\/wp-content\/uploads\/2021\/01\/CJ-Sanciones-150x100.jpeg 150w, http:\/\/vertienteglobal.com\/wp-content\/uploads\/2021\/01\/CJ-Sanciones-768x512.jpeg 768w, http:\/\/vertienteglobal.com\/wp-content\/uploads\/2021\/01\/CJ-Sanciones.jpeg 1280w\" sizes=\"auto, (max-width: 1024px) 100vw, 1024px\" \/><\/figure>\n\n\n\n<p>(Redaccion)<\/p>\n\n\n\n<p>El titular del Ejecutivo advirti\u00f3 que las empresas que no cumplan con los protocolos de salud ser\u00e1n denunciadas ante la Fiscal\u00eda General del Estado<\/p>\n\n\n\n<p>El sem\u00e1foro epidemiol\u00f3gico estatal contin\u00faa en color naranja para el norte y en amarillo para el sur de Quintana Roo<\/p>\n\n\n\n<p>Chetumal, Quintana Roo, a 31 de enero de 2021.- El gobernador Carlos Joaqu\u00edn expres\u00f3 que, para lograr el equilibrio entre el cuidado de la salud y la recuperaci\u00f3n econ\u00f3mica, es importante cumplir con los protocolos preventivos contra la covid-19. \u201cPor ello, inspeccionamos y sancionamos el incumplimiento de ellos, en bien de la salud de los trabajadores, visitantes, clientes y sus familias\u201d, destac\u00f3.<\/p>\n\n\n\n<p>El gobernador de Quintana Roo explic\u00f3 que, en la b\u00fasqueda de frenar la curva de contagios, que pone en riesgo al estado de retroceder en los colores del sem\u00e1foro epidemiol\u00f3gico estatal, se intensifican las acciones de inspecci\u00f3n y supervisi\u00f3n.<\/p>\n\n\n\n<p>Para la semana del uno al siete de febrero, en la zona sur el color se mantiene en amarillo, pero est\u00e1 a .2 de pasar al color naranja, mientras la zona norte de Quintana Roo se mantiene en el color naranja.<\/p>\n\n\n\n<p>\u201cLa pandemia no ha terminado; podemos llegar hasta clausuras definitivas de negocios y empresas que incumplen con las medidas de higiene y ser\u00e1n denunciadas ante la Fiscal\u00eda General del Estado por atentar contra la salud y la vida de los quintanarroenses\u201d, a\u00f1adi\u00f3 el titular del Ejecutivo.<\/p>\n\n\n\n<p>Carlos Joaqu\u00edn reiter\u00f3: \u201cNo se va permitir que esta situaci\u00f3n contin\u00fae en diversos negocios, donde no hay controles preventivos, donde a los empresarios no les importan los quintanarroenses, sino un espejismo de recuperaci\u00f3n econ\u00f3mica, que no va en bien de nuestra poblaci\u00f3n, sino en el corto plazo para tener recursos.\u201d<\/p>\n\n\n\n<p>El gobernador Carlos Joaqu\u00edn explic\u00f3 que este tipo de denuncias ya se ha realizado en Canc\u00fan y actualmente se llevar\u00e1 a cabo en Tulum, el municipio con el m\u00e1s alto \u00edndice de contagios de covid-19, derivado del incumplimiento en los protocolos de salud.<\/p>\n\n\n\n<p>El titular del Ejecutivo expres\u00f3 que deben trabajar todos juntos, no bajar los brazos y ser m\u00e1s disciplinados, con mayor responsabilidad, solidaridad y, sobre todo, con mayor atenci\u00f3n en bien de la recuperaci\u00f3n del empleo para tener m\u00e1s ingresos en bien de las familias quintanarroenses.<\/p>\n","protected":false},"excerpt":{"rendered":"<p>(Redaccion) El titular del Ejecutivo advirti\u00f3 que las empresas que no cumplan con los protocolos de salud ser\u00e1n denunciadas ante la Fiscal\u00eda General del Estado El sem\u00e1foro epidemiol\u00f3gico estatal contin\u00faa en color naranja para el norte y en amarillo para el sur de Quintana Roo Chetumal, Quintana Roo, a 31 de enero de 2021.- El [&hellip;]<\/p>\n","protected":false},"author":1,"featured_media":174691,"comment_status":"open","ping_status":"open","sticky":false,"template":"","format":"standard","meta":{"footnotes":""},"categories":[3],"tags":[],"class_list":["post-174690","post","type-post","status-publish","format-standard","has-post-thumbnail","hentry","category-quintana-roo","entry","has-media"],"jetpack_featured_media_url":"http:\/\/vertienteglobal.com\/wp-content\/uploads\/2021\/01\/CJ-Sanciones.jpeg","_links":{"self":[{"href":"http:\/\/vertienteglobal.com\/index.php?rest_route=\/wp\/v2\/posts\/174690","targetHints":{"allow":["GET"]}}],"collection":[{"href":"http:\/\/vertienteglobal.com\/index.php?rest_route=\/wp\/v2\/posts"}],"about":[{"href":"http:\/\/vertienteglobal.com\/index.php?rest_route=\/wp\/v2\/types\/post"}],"author":[{"embeddable":true,"href":"http:\/\/vertienteglobal.com\/index.php?rest_route=\/wp\/v2\/users\/1"}],"replies":[{"embeddable":true,"href":"http:\/\/vertienteglobal.com\/index.php?rest_route=%2Fwp%2Fv2%2Fcomments&post=174690"}],"version-history":[{"count":0,"href":"http:\/\/vertienteglobal.com\/index.php?rest_route=\/wp\/v2\/posts\/174690\/revisions"}],"wp:featuredmedia":[{"embeddable":true,"href":"http:\/\/vertienteglobal.com\/index.php?rest_route=\/wp\/v2\/media\/174691"}],"wp:attachment":[{"href":"http:\/\/vertienteglobal.com\/index.php?rest_route=%2Fwp%2Fv2%2Fmedia&parent=174690"}],"wp:term":[{"taxonomy":"category","embeddable":true,"href":"http:\/\/vertienteglobal.com\/index.php?rest_route=%2Fwp%2Fv2%2Fcategories&post=174690"},{"taxonomy":"post_tag","embeddable":true,"href":"http:\/\/vertienteglobal.com\/index.php?rest_route=%2Fwp%2Fv2%2Ftags&post=174690"}],"curies":[{"name":"wp","href":"https:\/\/api.w.org\/{rel}","templated":true}]}}