{"id":174641,"date":"2021-01-30T17:10:36","date_gmt":"2021-01-30T23:10:36","guid":{"rendered":"http:\/\/vertienteglobal.com\/?p=174641"},"modified":"2021-01-31T19:02:10","modified_gmt":"2021-02-01T01:02:10","slug":"verifican-protocolos-sanitarios-en-asociaciones-religiosas-en-benito-juarez","status":"publish","type":"post","link":"http:\/\/vertienteglobal.com\/?p=174641","title":{"rendered":"Verifican protocolos sanitarios en asociaciones religiosas en Benito Ju\u00e1rez"},"content":{"rendered":"\n<div class=\"twitterbutton\" style=\"float: right; padding-left: 5px;\"><a href=\"http:\/\/twitter.com\/share\" class=\"twitter-share-button\" data-count=\"horizontal\" data-text=\"Verifican protocolos sanitarios en asociaciones religiosas en Benito Ju\u00e1rez\" data-via=\"https:\/\/twitter.com\/VertienteGloba1\" data-url=\"http:\/\/vertienteglobal.com\/?p=174641\" data-lang=\"es\" data-related=\"Informaci\u00f3n general:S\u00edguenos para que est\u00e9ss informado\"><\/a><\/div>\n<figure class=\"wp-block-image size-large\"><img loading=\"lazy\" decoding=\"async\" width=\"768\" height=\"1024\" src=\"http:\/\/vertienteglobal.com\/wp-content\/uploads\/2021\/01\/01-VERIFICAN-PROTOCOLOS-SANITARIOS-EN-ASOCIACIONES-RELIGIOSAS-768x1024.jpeg\" alt=\"\" class=\"wp-image-174645\" srcset=\"http:\/\/vertienteglobal.com\/wp-content\/uploads\/2021\/01\/01-VERIFICAN-PROTOCOLOS-SANITARIOS-EN-ASOCIACIONES-RELIGIOSAS-768x1024.jpeg 768w, http:\/\/vertienteglobal.com\/wp-content\/uploads\/2021\/01\/01-VERIFICAN-PROTOCOLOS-SANITARIOS-EN-ASOCIACIONES-RELIGIOSAS-225x300.jpeg 225w, http:\/\/vertienteglobal.com\/wp-content\/uploads\/2021\/01\/01-VERIFICAN-PROTOCOLOS-SANITARIOS-EN-ASOCIACIONES-RELIGIOSAS-113x150.jpeg 113w, http:\/\/vertienteglobal.com\/wp-content\/uploads\/2021\/01\/01-VERIFICAN-PROTOCOLOS-SANITARIOS-EN-ASOCIACIONES-RELIGIOSAS.jpeg 864w\" sizes=\"auto, (max-width: 768px) 100vw, 768px\" \/><\/figure>\n\n\n\n<p>(Redaccion)<\/p>\n\n\n\n<p>Dijo que se pidi\u00f3 a los ministros y\/o responsables de los templos sean responsables y solidarios al hacer conciencia de la importancia de redoblar esfuerzos para cuidar tanto la salud como la vida de las personas<\/p>\n\n\n\n<p>Canc\u00fan, Quintana Roo, a 30 de enero de 2021.- La Direcci\u00f3n de Asuntos Religiosos del Ayuntamiento de Benito Ju\u00e1rez realiz\u00f3 operativos de verificaci\u00f3n del cumplimiento de los protocolos sanitarios y de seguridad de las Asociaciones Religiosas que emiti\u00f3 el Gobierno de Quintana Roo, de acuerdo a las disposiciones establecidas en el Sem\u00e1foro Epidemiol\u00f3gico Estatal que se encuentra en color naranja en la zona norte del estado y que indica que estas actividades deber\u00e1n operar al 30 por ciento.<\/p>\n\n\n\n<p>La titular de la dependencia municipal, Claudia G\u00f3mez Verduzco, inform\u00f3 que se realizaron recorridos por la Iglesia Adventista, Iglesia de Dios de la Profec\u00eda, Asambleas de Dios y Centro Cristiano Canc\u00fan, junto con los representantes de estas religiones, en donde se les entreg\u00f3 a cada uno de los l\u00edderes eclesi\u00e1sticos los protocolos escritos que emitieron las autoridades sanitarias, para que los hagan llegar a cada uno de sus integrantes y as\u00ed redoblar esfuerzos en el objetivo de evitar la propagaci\u00f3n de COVID-19.<\/p>\n\n\n\n<p>Dijo que se pidi\u00f3 a los ministros y\/o responsables de los templos sean responsables y solidarios al hacer conciencia de la importancia de redoblar esfuerzos para cuidar tanto la salud como la vida de las personas.<\/p>\n\n\n\n<p>Destac\u00f3 que en el Centro Cristiano Canc\u00fan se llev\u00f3 a cabo la desinfecci\u00f3n de las instalaciones del templo como medida de prevenci\u00f3n y cumplimiento de los protocolos establecidos por las autoridades.<\/p>\n\n\n\n<p>\u201cLa importancia de venir a los recorridos en las instalaciones de los edificios destinados a culto p\u00fablico, es el constatar el cumplimiento de las medidas de sanidad y que sepan los ministros y\/o representantes que la Administraci\u00f3n P\u00fablica Municipal est\u00e1 uniendo esfuerzos y muy&nbsp; comprometidos en redoblar los trabajos para salvaguardar la vida de las personas\u201d, finaliz\u00f3 G\u00f3mez Verduzco.<\/p>\n\n\n\n<figure class=\"wp-block-image size-large\"><img loading=\"lazy\" decoding=\"async\" width=\"1024\" height=\"768\" src=\"http:\/\/vertienteglobal.com\/wp-content\/uploads\/2021\/01\/02-VERIFICAN-PROTOCOLOS-SANITARIOS-EN-ASOCIACIONES-RELIGIOSAS-1024x768.jpeg\" alt=\"\" class=\"wp-image-174644\" srcset=\"http:\/\/vertienteglobal.com\/wp-content\/uploads\/2021\/01\/02-VERIFICAN-PROTOCOLOS-SANITARIOS-EN-ASOCIACIONES-RELIGIOSAS-1024x768.jpeg 1024w, http:\/\/vertienteglobal.com\/wp-content\/uploads\/2021\/01\/02-VERIFICAN-PROTOCOLOS-SANITARIOS-EN-ASOCIACIONES-RELIGIOSAS-300x225.jpeg 300w, http:\/\/vertienteglobal.com\/wp-content\/uploads\/2021\/01\/02-VERIFICAN-PROTOCOLOS-SANITARIOS-EN-ASOCIACIONES-RELIGIOSAS-150x113.jpeg 150w, http:\/\/vertienteglobal.com\/wp-content\/uploads\/2021\/01\/02-VERIFICAN-PROTOCOLOS-SANITARIOS-EN-ASOCIACIONES-RELIGIOSAS-768x576.jpeg 768w, http:\/\/vertienteglobal.com\/wp-content\/uploads\/2021\/01\/02-VERIFICAN-PROTOCOLOS-SANITARIOS-EN-ASOCIACIONES-RELIGIOSAS.jpeg 1152w\" sizes=\"auto, (max-width: 1024px) 100vw, 1024px\" \/><\/figure>\n\n\n\n<figure class=\"wp-block-image size-large\"><img loading=\"lazy\" decoding=\"async\" width=\"1024\" height=\"768\" src=\"http:\/\/vertienteglobal.com\/wp-content\/uploads\/2021\/01\/05-VERIFICAN-PROTOCOLOS-SANITARIOS-EN-ASOCIACIONES-RELIGIOSAS-1024x768.jpeg\" alt=\"\" class=\"wp-image-174643\" srcset=\"http:\/\/vertienteglobal.com\/wp-content\/uploads\/2021\/01\/05-VERIFICAN-PROTOCOLOS-SANITARIOS-EN-ASOCIACIONES-RELIGIOSAS-1024x768.jpeg 1024w, http:\/\/vertienteglobal.com\/wp-content\/uploads\/2021\/01\/05-VERIFICAN-PROTOCOLOS-SANITARIOS-EN-ASOCIACIONES-RELIGIOSAS-300x225.jpeg 300w, http:\/\/vertienteglobal.com\/wp-content\/uploads\/2021\/01\/05-VERIFICAN-PROTOCOLOS-SANITARIOS-EN-ASOCIACIONES-RELIGIOSAS-150x113.jpeg 150w, http:\/\/vertienteglobal.com\/wp-content\/uploads\/2021\/01\/05-VERIFICAN-PROTOCOLOS-SANITARIOS-EN-ASOCIACIONES-RELIGIOSAS-768x576.jpeg 768w, http:\/\/vertienteglobal.com\/wp-content\/uploads\/2021\/01\/05-VERIFICAN-PROTOCOLOS-SANITARIOS-EN-ASOCIACIONES-RELIGIOSAS.jpeg 1152w\" sizes=\"auto, (max-width: 1024px) 100vw, 1024px\" \/><\/figure>\n","protected":false},"excerpt":{"rendered":"<p>(Redaccion) Dijo que se pidi\u00f3 a los ministros y\/o responsables de los templos sean responsables y solidarios al hacer conciencia de la importancia de redoblar esfuerzos para cuidar tanto la salud como la vida de las personas Canc\u00fan, Quintana Roo, a 30 de enero de 2021.- La Direcci\u00f3n de Asuntos Religiosos del Ayuntamiento de Benito [&hellip;]<\/p>\n","protected":false},"author":1,"featured_media":174643,"comment_status":"open","ping_status":"open","sticky":false,"template":"","format":"standard","meta":{"footnotes":""},"categories":[3],"tags":[],"class_list":["post-174641","post","type-post","status-publish","format-standard","has-post-thumbnail","hentry","category-quintana-roo","entry","has-media"],"jetpack_featured_media_url":"http:\/\/vertienteglobal.com\/wp-content\/uploads\/2021\/01\/05-VERIFICAN-PROTOCOLOS-SANITARIOS-EN-ASOCIACIONES-RELIGIOSAS.jpeg","_links":{"self":[{"href":"http:\/\/vertienteglobal.com\/index.php?rest_route=\/wp\/v2\/posts\/174641","targetHints":{"allow":["GET"]}}],"collection":[{"href":"http:\/\/vertienteglobal.com\/index.php?rest_route=\/wp\/v2\/posts"}],"about":[{"href":"http:\/\/vertienteglobal.com\/index.php?rest_route=\/wp\/v2\/types\/post"}],"author":[{"embeddable":true,"href":"http:\/\/vertienteglobal.com\/index.php?rest_route=\/wp\/v2\/users\/1"}],"replies":[{"embeddable":true,"href":"http:\/\/vertienteglobal.com\/index.php?rest_route=%2Fwp%2Fv2%2Fcomments&post=174641"}],"version-history":[{"count":0,"href":"http:\/\/vertienteglobal.com\/index.php?rest_route=\/wp\/v2\/posts\/174641\/revisions"}],"wp:featuredmedia":[{"embeddable":true,"href":"http:\/\/vertienteglobal.com\/index.php?rest_route=\/wp\/v2\/media\/174643"}],"wp:attachment":[{"href":"http:\/\/vertienteglobal.com\/index.php?rest_route=%2Fwp%2Fv2%2Fmedia&parent=174641"}],"wp:term":[{"taxonomy":"category","embeddable":true,"href":"http:\/\/vertienteglobal.com\/index.php?rest_route=%2Fwp%2Fv2%2Fcategories&post=174641"},{"taxonomy":"post_tag","embeddable":true,"href":"http:\/\/vertienteglobal.com\/index.php?rest_route=%2Fwp%2Fv2%2Ftags&post=174641"}],"curies":[{"name":"wp","href":"https:\/\/api.w.org\/{rel}","templated":true}]}}