{"id":174581,"date":"2021-01-30T09:50:00","date_gmt":"2021-01-30T15:50:00","guid":{"rendered":"http:\/\/vertienteglobal.com\/?p=174581"},"modified":"2021-01-30T14:37:43","modified_gmt":"2021-01-30T20:37:43","slug":"designan-a-dirigente-de-fuerza-por-mexico-en-puerto-morelos-quintana-roo","status":"publish","type":"post","link":"http:\/\/vertienteglobal.com\/?p=174581","title":{"rendered":"Designan a dirigente de Fuerza por M\u00e9xico en Puerto Morelos, Quintana Roo"},"content":{"rendered":"\n<div class=\"twitterbutton\" style=\"float: right; padding-left: 5px;\"><a href=\"http:\/\/twitter.com\/share\" class=\"twitter-share-button\" data-count=\"horizontal\" data-text=\"Designan a dirigente de Fuerza por M\u00e9xico en Puerto Morelos, Quintana Roo\" data-via=\"https:\/\/twitter.com\/VertienteGloba1\" data-url=\"http:\/\/vertienteglobal.com\/?p=174581\" data-lang=\"es\" data-related=\"Informaci\u00f3n general:S\u00edguenos para que est\u00e9ss informado\"><\/a><\/div>\n<figure class=\"wp-block-image size-large\"><img loading=\"lazy\" decoding=\"async\" width=\"900\" height=\"599\" src=\"http:\/\/vertienteglobal.com\/wp-content\/uploads\/2021\/01\/NoticaribeIMG-20210129-WA0226.jpg\" alt=\"\" class=\"wp-image-174582\" srcset=\"http:\/\/vertienteglobal.com\/wp-content\/uploads\/2021\/01\/NoticaribeIMG-20210129-WA0226.jpg 900w, http:\/\/vertienteglobal.com\/wp-content\/uploads\/2021\/01\/NoticaribeIMG-20210129-WA0226-300x200.jpg 300w, http:\/\/vertienteglobal.com\/wp-content\/uploads\/2021\/01\/NoticaribeIMG-20210129-WA0226-150x100.jpg 150w, http:\/\/vertienteglobal.com\/wp-content\/uploads\/2021\/01\/NoticaribeIMG-20210129-WA0226-768x511.jpg 768w\" sizes=\"auto, (max-width: 900px) 100vw, 900px\" \/><\/figure>\n\n\n\n<p>(Antonio Rivera)<\/p>\n\n\n\n<p>Este nuevo partido es una oportunidad para que la ciudadan\u00eda democr\u00e1ticamente \u201cluche contra las fuerzas oscuras del poder\u201d<\/p>\n\n\n\n<p>Puerto Morelos, Quintana Roo, a 30 de enero de 2021.-&nbsp;Luego de un discurso altamente cr\u00edtico hacia el actual gobierno municipal,&nbsp;Brisa del mar Dom\u00ednguez de Esquivel&nbsp;rindi\u00f3 protesta, la noche del viernes, como la primera dirigente del partido Fuerza por M\u00e9xico en Puerto Morelos; la primera de 11 presidentes de comit\u00e9s locales, que deber\u00e1n estar instalados para el mi\u00e9rcoles, a tiempo para el actual proceso electoral.<\/p>\n\n\n\n<p>Y es que en un evento realizado en el sal\u00f3n de un hotel local, Brisa del Mar asever\u00f3 que \u201ca cinco a\u00f1os de la creaci\u00f3n del d\u00e9cimo primer municipio, el pueblo sigue oprimido\u201d, acusando que Puerto Morelos sigue sin siquiera un hospital y con deficiencia en servicios b\u00e1sicos como la recoja de basura.<br>\u201cNos han coartado nuestras libertades fundamentales.<\/p>\n\n\n\n<p>Se castiga aqu\u00ed a quienes opinan diferente y se les manda a la polic\u00eda a quienes protestan; se les quita su trabajo a quienes no siguen el juego de la reina y su virrey\u201d, reclam\u00f3.<\/p>\n\n\n\n<p>Los que se auto emplean, continu\u00f3, son hostigados y amenazados con la c\u00e1rcel o les quitan su mercanc\u00eda \u201cpara obligarlos a apoyar al sistema y a su virrey\u201d.<\/p>\n\n\n\n<p>Resalto que este nuevo partido es una oportunidad para que la ciudadan\u00eda democr\u00e1ticamente \u201cluche contra las fuerzas oscuras del poder\u201d.<\/p>\n\n\n\n<p>Designaci\u00f3n directa<\/p>\n\n\n\n<p>En el marco de esta ceremonia,&nbsp;Mauricio Espinoza Alem\u00e1n, presidente del Comit\u00e9 directivo estatal del Partido Fuerza por M\u00e9xico, revel\u00f3 qu\u00e9 no habr\u00e1 precampa\u00f1as y que los candidatos a presidentes municipales se definir\u00e1n hasta el \u00faltimo d\u00eda.<\/p>\n\n\n\n<p>\u201cNing\u00fan nombre todav\u00eda, va ser por designaci\u00f3n directa y va ser el \u00faltimo d\u00eda, que es para principios de febrero\u201d, asegur\u00f3.<\/p>\n\n\n\n<p>Manifest\u00f3 que postular\u00e1n a seis mujeres y cinco hombres para contender por los respectivos ayuntamientos en los 11 municipios de Quintana Roo.<\/p>\n\n\n\n<p>De igual manera a\u00f1adi\u00f3 que antes de concluir la siguiente semana ya habr\u00e1n quedado definidos instalados los 11 comit\u00e9s.<\/p>\n\n\n\n<p>Por ultimo agreg\u00f3: \u201cEstamos trabajando mucho con las redes, sobre todo ahorita que la pandemia nos proh\u00edbe estar en contacto con las personas directamente\u201d.<\/p>\n\n\n\n<figure class=\"wp-block-image size-large\"><img loading=\"lazy\" decoding=\"async\" width=\"900\" height=\"599\" src=\"http:\/\/vertienteglobal.com\/wp-content\/uploads\/2021\/01\/NoticaribeIMG-20210129-WA0228.jpg\" alt=\"\" class=\"wp-image-174583\" srcset=\"http:\/\/vertienteglobal.com\/wp-content\/uploads\/2021\/01\/NoticaribeIMG-20210129-WA0228.jpg 900w, http:\/\/vertienteglobal.com\/wp-content\/uploads\/2021\/01\/NoticaribeIMG-20210129-WA0228-300x200.jpg 300w, http:\/\/vertienteglobal.com\/wp-content\/uploads\/2021\/01\/NoticaribeIMG-20210129-WA0228-150x100.jpg 150w, http:\/\/vertienteglobal.com\/wp-content\/uploads\/2021\/01\/NoticaribeIMG-20210129-WA0228-768x511.jpg 768w\" sizes=\"auto, (max-width: 900px) 100vw, 900px\" \/><\/figure>\n","protected":false},"excerpt":{"rendered":"<p>(Antonio Rivera) Este nuevo partido es una oportunidad para que la ciudadan\u00eda democr\u00e1ticamente \u201cluche contra las fuerzas oscuras del poder\u201d Puerto Morelos, Quintana Roo, a 30 de enero de 2021.-&nbsp;Luego de un discurso altamente cr\u00edtico hacia el actual gobierno municipal,&nbsp;Brisa del mar Dom\u00ednguez de Esquivel&nbsp;rindi\u00f3 protesta, la noche del viernes, como la primera dirigente del [&hellip;]<\/p>\n","protected":false},"author":1,"featured_media":174583,"comment_status":"open","ping_status":"open","sticky":false,"template":"","format":"standard","meta":{"footnotes":""},"categories":[3],"tags":[],"class_list":["post-174581","post","type-post","status-publish","format-standard","has-post-thumbnail","hentry","category-quintana-roo","entry","has-media"],"jetpack_featured_media_url":"http:\/\/vertienteglobal.com\/wp-content\/uploads\/2021\/01\/NoticaribeIMG-20210129-WA0228.jpg","_links":{"self":[{"href":"http:\/\/vertienteglobal.com\/index.php?rest_route=\/wp\/v2\/posts\/174581","targetHints":{"allow":["GET"]}}],"collection":[{"href":"http:\/\/vertienteglobal.com\/index.php?rest_route=\/wp\/v2\/posts"}],"about":[{"href":"http:\/\/vertienteglobal.com\/index.php?rest_route=\/wp\/v2\/types\/post"}],"author":[{"embeddable":true,"href":"http:\/\/vertienteglobal.com\/index.php?rest_route=\/wp\/v2\/users\/1"}],"replies":[{"embeddable":true,"href":"http:\/\/vertienteglobal.com\/index.php?rest_route=%2Fwp%2Fv2%2Fcomments&post=174581"}],"version-history":[{"count":0,"href":"http:\/\/vertienteglobal.com\/index.php?rest_route=\/wp\/v2\/posts\/174581\/revisions"}],"wp:featuredmedia":[{"embeddable":true,"href":"http:\/\/vertienteglobal.com\/index.php?rest_route=\/wp\/v2\/media\/174583"}],"wp:attachment":[{"href":"http:\/\/vertienteglobal.com\/index.php?rest_route=%2Fwp%2Fv2%2Fmedia&parent=174581"}],"wp:term":[{"taxonomy":"category","embeddable":true,"href":"http:\/\/vertienteglobal.com\/index.php?rest_route=%2Fwp%2Fv2%2Fcategories&post=174581"},{"taxonomy":"post_tag","embeddable":true,"href":"http:\/\/vertienteglobal.com\/index.php?rest_route=%2Fwp%2Fv2%2Ftags&post=174581"}],"curies":[{"name":"wp","href":"https:\/\/api.w.org\/{rel}","templated":true}]}}