{"id":174381,"date":"2021-01-27T20:32:00","date_gmt":"2021-01-28T02:32:00","guid":{"rendered":"http:\/\/vertienteglobal.com\/?p=174381"},"modified":"2021-01-28T12:10:24","modified_gmt":"2021-01-28T18:10:24","slug":"cifras-del-inegi-contradicen-a-la-ssa-reportan-45-mas-muertes-por-covid-en-2020","status":"publish","type":"post","link":"http:\/\/vertienteglobal.com\/?p=174381","title":{"rendered":"Cifras del Inegi contradicen a la SSa; reportan 45% m\u00e1s muertes por covid en 2020"},"content":{"rendered":"\n<div class=\"twitterbutton\" style=\"float: right; padding-left: 5px;\"><a href=\"http:\/\/twitter.com\/share\" class=\"twitter-share-button\" data-count=\"horizontal\" data-text=\"Cifras del Inegi contradicen a la SSa; reportan 45% m\u00e1s muertes por covid en 20...\" data-via=\"https:\/\/twitter.com\/VertienteGloba1\" data-url=\"http:\/\/vertienteglobal.com\/?p=174381\" data-lang=\"es\" data-related=\"Informaci\u00f3n general:S\u00edguenos para que est\u00e9ss informado\"><\/a><\/div>\n<figure class=\"wp-block-image size-large\"><img loading=\"lazy\" decoding=\"async\" width=\"660\" height=\"330\" src=\"http:\/\/vertienteglobal.com\/wp-content\/uploads\/2021\/01\/gobierno-mexico-subestimo-cifra-muertes-covid-19-2020-inegi-780x470-1-660x330-1.jpg\" alt=\"\" class=\"wp-image-174382\" srcset=\"http:\/\/vertienteglobal.com\/wp-content\/uploads\/2021\/01\/gobierno-mexico-subestimo-cifra-muertes-covid-19-2020-inegi-780x470-1-660x330-1.jpg 660w, http:\/\/vertienteglobal.com\/wp-content\/uploads\/2021\/01\/gobierno-mexico-subestimo-cifra-muertes-covid-19-2020-inegi-780x470-1-660x330-1-300x150.jpg 300w, http:\/\/vertienteglobal.com\/wp-content\/uploads\/2021\/01\/gobierno-mexico-subestimo-cifra-muertes-covid-19-2020-inegi-780x470-1-660x330-1-150x75.jpg 150w\" sizes=\"auto, (max-width: 660px) 100vw, 660px\" \/><\/figure>\n\n\n\n<p>(Redaccion)<\/p>\n\n\n\n<p>las muertes por COVID-19 se coloc\u00f3 como la\u00a0<strong>segunda causa de muerte<\/strong>, solo despu\u00e9s de las enfermedades del coraz\u00f3n, que provocaron 141 mil 873 muertes y el tercer lugar es la diabetes, con 9 mil 733 decesos<\/p>\n\n\n\n<p>Ciudad de Mexico a 27 de enero de 2021.- El Instituto Nacional de Estad\u00edstica y Geograf\u00eda (INEGI) afirm\u00f3 que de enero a agosto de 2020,\u00a0108 mil 658\u00a0mexicanos y mexicanas murieron por la\u00a0COVID-19; mientras que, las autoridades de la Secretar\u00eda de Salud (SSa) report\u00f3 en el mismo periodo\u00a075 mil 17 decesos.<\/p>\n\n\n\n<p>Dicho informe fue basado en las actas de defunciones que integra el INEGI, por lo que se confirma que el gobierno subestim\u00f3 36 mil 600 muertes por el virus del SARS-CoV-2 en nuestro pa\u00eds. Adem\u00e1s, es necesario resaltar que en dicho reporte no se contabilizan los decesos acumulados de septiembre a diciembre del mismo a\u00f1o.<\/p>\n\n\n\n<p>Al respecto, el subsecretario de Salud,&nbsp;<strong>Hugo L\u00f3pez-Gatell<\/strong>, ha mencionado que las subestimaciones de&nbsp;<strong>muertes<\/strong>&nbsp;esta sucediendo en todo el mundo; sin embargo, el porcentaje de error en M\u00e9xico es del 45%.<\/p>\n\n\n\n<p>Cabe mencionar que las muertes por COVID-19 se coloc\u00f3 como la&nbsp;<strong>segunda causa de muerte<\/strong>, solo despu\u00e9s de las enfermedades del coraz\u00f3n, que provocaron 141 mil 873 muertes y el tercer lugar es la diabetes, con 9 mil 733 decesos.<\/p>\n\n\n\n<p>Respecto a las muertes por todas las causas, el INEGI contabiliz\u00f3 mediante los registros administrativos generados a partir de los certificados de defunci\u00f3n un total de 638 mil 823 muertes de enero a agosto de 2020, es decir, 184 mil 039 m\u00e1s que el mismo periodo de 2019.<\/p>\n\n\n\n<p>Adem\u00e1s, el organismo indic\u00f3 que las defunciones ocurridas entre enero y agosto de 2020 fueron 673 mil 260, ya que con base en datos de 2012 a 2019, se esperaba que ocurrieran 488 mil 3434, por lo que se registr\u00f3 un exceso de mortalidad por todas las causas de 184 mil 91, lo cual equivale al 37.9%.<\/p>\n\n\n\n<p>58% de la poblaci\u00f3n muri\u00f3 en casa: INEGI<br>Edgar Vielma Orozco, director general de Estad\u00edsticas Sociodemogr\u00e1ficas del INEGI, inform\u00f3 que las cifras anteriores son preliminares, pues se contin\u00faa trabajando en conjunto con la Secretar\u00eda de Salud Federal y estatales, por lo que las cifras finales se dar\u00edan a conocer hasta octubre de 2021.<\/p>\n\n\n\n<p>Debido a ello, \u201cla cifra puede subir, pues no hay probabilidad de que baje. Lo que s\u00ed puede suceder es que alguna enfermedad se pueda reclasificar, sucede en muertes de homicidios, materno -infantil, de quir\u00f3fano\u201d.<\/p>\n\n\n\n<p>Adem\u00e1s, en entrevista con Ciro G\u00f3mez Leyva en Radio F\u00f3rmula , afirm\u00f3 que las cifras que han dado a conocer la Secretar\u00eda de Salud registran las muertes en los hospitales, mientras que el 58% de las personas fallecidas en el pa\u00eds han muerto en sus casa. (Fuente: Radio F\u00f3rmula)<\/p>\n\n\n\n<p><\/p>\n","protected":false},"excerpt":{"rendered":"<p>(Redaccion) las muertes por COVID-19 se coloc\u00f3 como la\u00a0segunda causa de muerte, solo despu\u00e9s de las enfermedades del coraz\u00f3n, que provocaron 141 mil 873 muertes y el tercer lugar es la diabetes, con 9 mil 733 decesos Ciudad de Mexico a 27 de enero de 2021.- El Instituto Nacional de Estad\u00edstica y Geograf\u00eda (INEGI) afirm\u00f3 [&hellip;]<\/p>\n","protected":false},"author":1,"featured_media":174382,"comment_status":"open","ping_status":"open","sticky":false,"template":"","format":"standard","meta":{"footnotes":""},"categories":[8],"tags":[],"class_list":["post-174381","post","type-post","status-publish","format-standard","has-post-thumbnail","hentry","category-pais","entry","has-media"],"jetpack_featured_media_url":"http:\/\/vertienteglobal.com\/wp-content\/uploads\/2021\/01\/gobierno-mexico-subestimo-cifra-muertes-covid-19-2020-inegi-780x470-1-660x330-1.jpg","_links":{"self":[{"href":"http:\/\/vertienteglobal.com\/index.php?rest_route=\/wp\/v2\/posts\/174381","targetHints":{"allow":["GET"]}}],"collection":[{"href":"http:\/\/vertienteglobal.com\/index.php?rest_route=\/wp\/v2\/posts"}],"about":[{"href":"http:\/\/vertienteglobal.com\/index.php?rest_route=\/wp\/v2\/types\/post"}],"author":[{"embeddable":true,"href":"http:\/\/vertienteglobal.com\/index.php?rest_route=\/wp\/v2\/users\/1"}],"replies":[{"embeddable":true,"href":"http:\/\/vertienteglobal.com\/index.php?rest_route=%2Fwp%2Fv2%2Fcomments&post=174381"}],"version-history":[{"count":0,"href":"http:\/\/vertienteglobal.com\/index.php?rest_route=\/wp\/v2\/posts\/174381\/revisions"}],"wp:featuredmedia":[{"embeddable":true,"href":"http:\/\/vertienteglobal.com\/index.php?rest_route=\/wp\/v2\/media\/174382"}],"wp:attachment":[{"href":"http:\/\/vertienteglobal.com\/index.php?rest_route=%2Fwp%2Fv2%2Fmedia&parent=174381"}],"wp:term":[{"taxonomy":"category","embeddable":true,"href":"http:\/\/vertienteglobal.com\/index.php?rest_route=%2Fwp%2Fv2%2Fcategories&post=174381"},{"taxonomy":"post_tag","embeddable":true,"href":"http:\/\/vertienteglobal.com\/index.php?rest_route=%2Fwp%2Fv2%2Ftags&post=174381"}],"curies":[{"name":"wp","href":"https:\/\/api.w.org\/{rel}","templated":true}]}}