{"id":174134,"date":"2021-01-24T17:34:00","date_gmt":"2021-01-24T23:34:00","guid":{"rendered":"http:\/\/vertienteglobal.com\/?p=174134"},"modified":"2021-01-24T19:04:27","modified_gmt":"2021-01-25T01:04:27","slug":"estamos-listos-para-consolidar-la-4t-en-quintana-roo-anahi-gonzalez","status":"publish","type":"post","link":"http:\/\/vertienteglobal.com\/?p=174134","title":{"rendered":"Estamos listos para consolidar la 4T en Quintana Roo: Anah\u00ed Gonz\u00e1lez"},"content":{"rendered":"\n<div class=\"twitterbutton\" style=\"float: right; padding-left: 5px;\"><a href=\"http:\/\/twitter.com\/share\" class=\"twitter-share-button\" data-count=\"horizontal\" data-text=\"Estamos listos para consolidar la 4T en Quintana Roo: Anah\u00ed Gonz\u00e1lez\" data-via=\"https:\/\/twitter.com\/VertienteGloba1\" data-url=\"http:\/\/vertienteglobal.com\/?p=174134\" data-lang=\"es\" data-related=\"Informaci\u00f3n general:S\u00edguenos para que est\u00e9ss informado\"><\/a><\/div>\n<figure class=\"wp-block-image size-large\"><img loading=\"lazy\" decoding=\"async\" width=\"1024\" height=\"682\" src=\"http:\/\/vertienteglobal.com\/wp-content\/uploads\/2021\/01\/20210124_200232-1024x682.jpg\" alt=\"\" class=\"wp-image-174135\" srcset=\"http:\/\/vertienteglobal.com\/wp-content\/uploads\/2021\/01\/20210124_200232-1024x682.jpg 1024w, http:\/\/vertienteglobal.com\/wp-content\/uploads\/2021\/01\/20210124_200232-300x200.jpg 300w, http:\/\/vertienteglobal.com\/wp-content\/uploads\/2021\/01\/20210124_200232-150x100.jpg 150w, http:\/\/vertienteglobal.com\/wp-content\/uploads\/2021\/01\/20210124_200232-768x512.jpg 768w, http:\/\/vertienteglobal.com\/wp-content\/uploads\/2021\/01\/20210124_200232.jpg 1280w\" sizes=\"auto, (max-width: 1024px) 100vw, 1024px\" \/><\/figure>\n\n\n\n<p>(Redaccion)<\/p>\n\n\n\n<p>Anah\u00ed Gonz\u00e1lez expres\u00f3 que lo aprobado esta tarde es un paso firme que cumple con la legalidad establecida<\/p>\n\n\n\n<p>Canc\u00fan, Quintana Roo a 24 de enero de 2021.- Una vez que el Consejo General del IEQROO aprob\u00f3 la coalici\u00f3n \u00abJuntos Haremos Historia en Quintana Roo\u00bb, la dirigente de Morena en el estado, Anah\u00ed Gonz\u00e1lez Hern\u00e1ndez, report\u00f3 que est\u00e1n listos para arrancar con la consolidaci\u00f3n de la Cuarta Transformaci\u00f3n en la entidad.<\/p>\n\n\n\n<p>\u00abHoy fue aprobado por unanimidad de las y los consejeros del Instituto Electoral de Quintana Roo el registro de la coalici\u00f3n parcial integrada por nuestro partido MORENA, as\u00ed como por el Partido Verde de M\u00e9xico, el Partido del Trabajo y el Movimiento Aut\u00e9ntico Social, que nos permite competir en unidad en el proceso electoral\u00bb, afirm\u00f3.<\/p>\n\n\n\n<p>Anah\u00ed Gonz\u00e1lez expres\u00f3 que lo aprobado esta tarde es un paso firme que cumple con la legalidad establecida.<\/p>\n\n\n\n<p>\u00abYa estamos movilizados para consolidar la Cuarta Transformaci\u00f3n Porque Juntos Haremos Historia\u00bb, destac\u00f3.<\/p>\n","protected":false},"excerpt":{"rendered":"<p>(Redaccion) Anah\u00ed Gonz\u00e1lez expres\u00f3 que lo aprobado esta tarde es un paso firme que cumple con la legalidad establecida Canc\u00fan, Quintana Roo a 24 de enero de 2021.- Una vez que el Consejo General del IEQROO aprob\u00f3 la coalici\u00f3n \u00abJuntos Haremos Historia en Quintana Roo\u00bb, la dirigente de Morena en el estado, Anah\u00ed Gonz\u00e1lez Hern\u00e1ndez, [&hellip;]<\/p>\n","protected":false},"author":1,"featured_media":174135,"comment_status":"open","ping_status":"open","sticky":false,"template":"","format":"standard","meta":{"footnotes":""},"categories":[3],"tags":[],"class_list":["post-174134","post","type-post","status-publish","format-standard","has-post-thumbnail","hentry","category-quintana-roo","entry","has-media"],"jetpack_featured_media_url":"http:\/\/vertienteglobal.com\/wp-content\/uploads\/2021\/01\/20210124_200232.jpg","_links":{"self":[{"href":"http:\/\/vertienteglobal.com\/index.php?rest_route=\/wp\/v2\/posts\/174134","targetHints":{"allow":["GET"]}}],"collection":[{"href":"http:\/\/vertienteglobal.com\/index.php?rest_route=\/wp\/v2\/posts"}],"about":[{"href":"http:\/\/vertienteglobal.com\/index.php?rest_route=\/wp\/v2\/types\/post"}],"author":[{"embeddable":true,"href":"http:\/\/vertienteglobal.com\/index.php?rest_route=\/wp\/v2\/users\/1"}],"replies":[{"embeddable":true,"href":"http:\/\/vertienteglobal.com\/index.php?rest_route=%2Fwp%2Fv2%2Fcomments&post=174134"}],"version-history":[{"count":0,"href":"http:\/\/vertienteglobal.com\/index.php?rest_route=\/wp\/v2\/posts\/174134\/revisions"}],"wp:featuredmedia":[{"embeddable":true,"href":"http:\/\/vertienteglobal.com\/index.php?rest_route=\/wp\/v2\/media\/174135"}],"wp:attachment":[{"href":"http:\/\/vertienteglobal.com\/index.php?rest_route=%2Fwp%2Fv2%2Fmedia&parent=174134"}],"wp:term":[{"taxonomy":"category","embeddable":true,"href":"http:\/\/vertienteglobal.com\/index.php?rest_route=%2Fwp%2Fv2%2Fcategories&post=174134"},{"taxonomy":"post_tag","embeddable":true,"href":"http:\/\/vertienteglobal.com\/index.php?rest_route=%2Fwp%2Fv2%2Ftags&post=174134"}],"curies":[{"name":"wp","href":"https:\/\/api.w.org\/{rel}","templated":true}]}}