{"id":174041,"date":"2021-01-21T17:21:00","date_gmt":"2021-01-21T23:21:00","guid":{"rendered":"http:\/\/vertienteglobal.com\/?p=174041"},"modified":"2021-01-21T22:22:53","modified_gmt":"2021-01-22T04:22:53","slug":"reciben-constancia-de-registro-los-tres-candidatos-a-la-dirigencia-del-sindicato-de-taxistas-de-cancun","status":"publish","type":"post","link":"http:\/\/vertienteglobal.com\/?p=174041","title":{"rendered":"Reciben constancia de registro los tres candidatos a la dirigencia del sindicato de taxistas de Canc\u00fan"},"content":{"rendered":"\n<div class=\"twitterbutton\" style=\"float: right; padding-left: 5px;\"><a href=\"http:\/\/twitter.com\/share\" class=\"twitter-share-button\" data-count=\"horizontal\" data-text=\"Reciben constancia de registro los tres candidatos a la dirigencia del sindicato...\" data-via=\"https:\/\/twitter.com\/VertienteGloba1\" data-url=\"http:\/\/vertienteglobal.com\/?p=174041\" data-lang=\"es\" data-related=\"Informaci\u00f3n general:S\u00edguenos para que est\u00e9ss informado\"><\/a><\/div>\n<figure class=\"wp-block-image size-large\"><img loading=\"lazy\" decoding=\"async\" width=\"900\" height=\"598\" src=\"http:\/\/vertienteglobal.com\/wp-content\/uploads\/2021\/01\/WhatsApp-Image-2021-01-21-at-4.42.26-PM-e1611273979414.jpeg\" alt=\"\" class=\"wp-image-174042\" srcset=\"http:\/\/vertienteglobal.com\/wp-content\/uploads\/2021\/01\/WhatsApp-Image-2021-01-21-at-4.42.26-PM-e1611273979414.jpeg 900w, http:\/\/vertienteglobal.com\/wp-content\/uploads\/2021\/01\/WhatsApp-Image-2021-01-21-at-4.42.26-PM-e1611273979414-300x199.jpeg 300w, http:\/\/vertienteglobal.com\/wp-content\/uploads\/2021\/01\/WhatsApp-Image-2021-01-21-at-4.42.26-PM-e1611273979414-150x100.jpeg 150w, http:\/\/vertienteglobal.com\/wp-content\/uploads\/2021\/01\/WhatsApp-Image-2021-01-21-at-4.42.26-PM-e1611273979414-768x510.jpeg 768w\" sizes=\"auto, (max-width: 900px) 100vw, 900px\" \/><\/figure>\n\n\n\n<p>(Redaccion)<\/p>\n\n\n\n<p>Iniciaran campa\u00f1a a partir del pr\u00f3ximo s\u00e1bado para convencer al gremio y les d\u00e9 su voto de confianza el pr\u00f3ximo 13 de febrero y quien resulte electo, estar\u00e1 el cargo durante el periodo 2021-2023<br>&nbsp;<br>Cancun, Quintana Roo, a 21 de enero de 2021.-&nbsp;Los tres candidatos a la Secretar\u00eda General de&nbsp;Sindicato de Taxistas \u201cAndr\u00e9s Quintana Roo\u201d, recibieron su constancia de registro este jueves para iniciar campa\u00f1a a partir de los primeros minutos del s\u00e1bado 23 de enero, aunque las elecciones se desarrollar\u00e1n el 13 de febrero.<\/p>\n\n\n\n<p>Y es que las constancias fueron entregadas por Myriam C\u00e1rdenas Marrufo a&nbsp;Heriberto N\u00fa\u00f1ez Cahuich&nbsp;por parte de la Planilla Verde, a&nbsp;\u00c1lvaro Rosado Ortiz&nbsp;de la Planilla Guinda y a&nbsp;Alejandro Peralta Paredes&nbsp;de la Planilla Blanca, quienes tambi\u00e9n recibieron el padr\u00f3n de socios y aprovecharon para se\u00f1alar que se espera un proceso el que predominen las propuestas y el respeto mutuo.<\/p>\n\n\n\n<p>Lo anterior, luego de que el pasado 19 de enero hicieron oficial sus registros ante el consejo electoral, quien valid\u00f3 la documentaci\u00f3n presentada para que est\u00e9n en condiciones de iniciar campa\u00f1a a partir del pr\u00f3ximo s\u00e1bado para convencer al gremio y les d\u00e9 su voto de confianza el pr\u00f3ximo 13 de febrero y quien resulte electo, estar\u00e1 el cargo durante el periodo 2021-2023.<\/p>\n\n\n\n<p>Los candidatos tambi\u00e9n firmaron un \u201cPacto de Civilidad\u201d en la v\u00edspera del inicio de campa\u00f1as y la entrega de constancia fue atestiguada por el actual dirigente,&nbsp;Erasmo Abelar C\u00e1mara, y el documento firmado por los candidatos a secretarios generales de las tres planillas contendientes, precisa el inter\u00e9s general que debe prevalecer entre ambos para conducirse con respeto a la organizaci\u00f3n sindical y con propuestas de campa\u00f1a que atiendan el bienestar de los concesionarios, principalmente.<\/p>\n","protected":false},"excerpt":{"rendered":"<p>(Redaccion) Iniciaran campa\u00f1a a partir del pr\u00f3ximo s\u00e1bado para convencer al gremio y les d\u00e9 su voto de confianza el pr\u00f3ximo 13 de febrero y quien resulte electo, estar\u00e1 el cargo durante el periodo 2021-2023&nbsp;Cancun, Quintana Roo, a 21 de enero de 2021.-&nbsp;Los tres candidatos a la Secretar\u00eda General de&nbsp;Sindicato de Taxistas \u201cAndr\u00e9s Quintana Roo\u201d, [&hellip;]<\/p>\n","protected":false},"author":1,"featured_media":174042,"comment_status":"open","ping_status":"open","sticky":false,"template":"","format":"standard","meta":{"footnotes":""},"categories":[3],"tags":[],"class_list":["post-174041","post","type-post","status-publish","format-standard","has-post-thumbnail","hentry","category-quintana-roo","entry","has-media"],"jetpack_featured_media_url":"http:\/\/vertienteglobal.com\/wp-content\/uploads\/2021\/01\/WhatsApp-Image-2021-01-21-at-4.42.26-PM-e1611273979414.jpeg","_links":{"self":[{"href":"http:\/\/vertienteglobal.com\/index.php?rest_route=\/wp\/v2\/posts\/174041","targetHints":{"allow":["GET"]}}],"collection":[{"href":"http:\/\/vertienteglobal.com\/index.php?rest_route=\/wp\/v2\/posts"}],"about":[{"href":"http:\/\/vertienteglobal.com\/index.php?rest_route=\/wp\/v2\/types\/post"}],"author":[{"embeddable":true,"href":"http:\/\/vertienteglobal.com\/index.php?rest_route=\/wp\/v2\/users\/1"}],"replies":[{"embeddable":true,"href":"http:\/\/vertienteglobal.com\/index.php?rest_route=%2Fwp%2Fv2%2Fcomments&post=174041"}],"version-history":[{"count":0,"href":"http:\/\/vertienteglobal.com\/index.php?rest_route=\/wp\/v2\/posts\/174041\/revisions"}],"wp:featuredmedia":[{"embeddable":true,"href":"http:\/\/vertienteglobal.com\/index.php?rest_route=\/wp\/v2\/media\/174042"}],"wp:attachment":[{"href":"http:\/\/vertienteglobal.com\/index.php?rest_route=%2Fwp%2Fv2%2Fmedia&parent=174041"}],"wp:term":[{"taxonomy":"category","embeddable":true,"href":"http:\/\/vertienteglobal.com\/index.php?rest_route=%2Fwp%2Fv2%2Fcategories&post=174041"},{"taxonomy":"post_tag","embeddable":true,"href":"http:\/\/vertienteglobal.com\/index.php?rest_route=%2Fwp%2Fv2%2Ftags&post=174041"}],"curies":[{"name":"wp","href":"https:\/\/api.w.org\/{rel}","templated":true}]}}