{"id":174032,"date":"2021-01-21T16:36:00","date_gmt":"2021-01-21T22:36:00","guid":{"rendered":"http:\/\/vertienteglobal.com\/?p=174032"},"modified":"2021-01-21T22:18:09","modified_gmt":"2021-01-22T04:18:09","slug":"lenovo-presento-sus-lentes-inteligentes-thinkreality-a3","status":"publish","type":"post","link":"http:\/\/vertienteglobal.com\/?p=174032","title":{"rendered":"Lenovo present\u00f3 sus \u201clentes inteligentes\u201d ThinkReality A3"},"content":{"rendered":"\n<div class=\"twitterbutton\" style=\"float: right; padding-left: 5px;\"><a href=\"http:\/\/twitter.com\/share\" class=\"twitter-share-button\" data-count=\"horizontal\" data-text=\"Lenovo present\u00f3 sus \u201clentes inteligentes\u201d ThinkReality A3\" data-via=\"https:\/\/twitter.com\/VertienteGloba1\" data-url=\"http:\/\/vertienteglobal.com\/?p=174032\" data-lang=\"es\" data-related=\"Informaci\u00f3n general:S\u00edguenos para que est\u00e9ss informado\"><\/a><\/div>\n<figure class=\"wp-block-image size-large\"><img loading=\"lazy\" decoding=\"async\" width=\"800\" height=\"600\" src=\"http:\/\/vertienteglobal.com\/wp-content\/uploads\/2021\/01\/lentes_654.jpg\" alt=\"\" class=\"wp-image-174033\" srcset=\"http:\/\/vertienteglobal.com\/wp-content\/uploads\/2021\/01\/lentes_654.jpg 800w, http:\/\/vertienteglobal.com\/wp-content\/uploads\/2021\/01\/lentes_654-300x225.jpg 300w, http:\/\/vertienteglobal.com\/wp-content\/uploads\/2021\/01\/lentes_654-150x113.jpg 150w, http:\/\/vertienteglobal.com\/wp-content\/uploads\/2021\/01\/lentes_654-768x576.jpg 768w\" sizes=\"auto, (max-width: 800px) 100vw, 800px\" \/><\/figure>\n\n\n\n<p>(Redaccion)<\/p>\n\n\n\n<p>Adem\u00e1s se adapta como lentes de sol y se puede mejorar con opciones de marco industrial para un uso m\u00e1s seguro y duradero<\/p>\n\n\n\n<p>Ciudad de Mexico a 21 de enero de 2021.- Lenovo present\u00f3 sus lentes inteligentes livianos llamados \u2018ThinkReality A3\u2032.<\/p>\n\n\n\n<p>Y es que estas gafas empresariales son las m\u00e1s avanzadas y vers\u00e1tiles que se comercializan y que forma parte de una completa oferta de soluciones digitales para proporcionar una transformaci\u00f3n inteligente en la empresa y llevar tecnolog\u00eda m\u00e1s inteligente a m\u00e1s personas.<\/p>\n\n\n\n<p>Desde monitores virtuales personalizados y visualizaci\u00f3n en 3D hasta flujos de trabajo asistidos por realidad aumentada (AR) y formaci\u00f3n inmersiva, el ThinkReality A3 ayuda a transformar el trabajo en muchos niveles de la empresa.<\/p>\n\n\n\n<p>ThinkReality A3 se conecta a una PC o selecciona smartphones Motorola a trav\u00e9s de un cable USB-C en funci\u00f3n de las necesidades de los trabajadores<br>inteligentes en cualquier lugar.<\/p>\n\n\n\n<p>Adem\u00e1s se adapta como lentes de sol y se puede mejorar con opciones de marco industrial para un uso m\u00e1s seguro y duradero.<\/p>\n\n\n\n<p>Las gafas inteligentes AR, que son envolventes, pero no aislantes, est\u00e1n potenciadas por la plataforma Snapdragon XR1 de Qualcomm para un rendimiento de alta calidad y cuentan con pantallas estereosc\u00f3picas de 1080p que ofrecen al usuario hasta 5 pantallas virtuales.<\/p>\n\n\n\n<p>Una c\u00e1mara RGB de 8 MP proporciona video de 1080p para casos de uso experto a distancia, mientras que las dos c\u00e1maras ojo de pez proporcionan seguimiento a escala de habitaci\u00f3n.<\/p>\n","protected":false},"excerpt":{"rendered":"<p>(Redaccion) Adem\u00e1s se adapta como lentes de sol y se puede mejorar con opciones de marco industrial para un uso m\u00e1s seguro y duradero Ciudad de Mexico a 21 de enero de 2021.- Lenovo present\u00f3 sus lentes inteligentes livianos llamados \u2018ThinkReality A3\u2032. Y es que estas gafas empresariales son las m\u00e1s avanzadas y vers\u00e1tiles que [&hellip;]<\/p>\n","protected":false},"author":1,"featured_media":174033,"comment_status":"open","ping_status":"open","sticky":false,"template":"","format":"standard","meta":{"footnotes":""},"categories":[8],"tags":[],"class_list":["post-174032","post","type-post","status-publish","format-standard","has-post-thumbnail","hentry","category-pais","entry","has-media"],"jetpack_featured_media_url":"http:\/\/vertienteglobal.com\/wp-content\/uploads\/2021\/01\/lentes_654.jpg","_links":{"self":[{"href":"http:\/\/vertienteglobal.com\/index.php?rest_route=\/wp\/v2\/posts\/174032","targetHints":{"allow":["GET"]}}],"collection":[{"href":"http:\/\/vertienteglobal.com\/index.php?rest_route=\/wp\/v2\/posts"}],"about":[{"href":"http:\/\/vertienteglobal.com\/index.php?rest_route=\/wp\/v2\/types\/post"}],"author":[{"embeddable":true,"href":"http:\/\/vertienteglobal.com\/index.php?rest_route=\/wp\/v2\/users\/1"}],"replies":[{"embeddable":true,"href":"http:\/\/vertienteglobal.com\/index.php?rest_route=%2Fwp%2Fv2%2Fcomments&post=174032"}],"version-history":[{"count":0,"href":"http:\/\/vertienteglobal.com\/index.php?rest_route=\/wp\/v2\/posts\/174032\/revisions"}],"wp:featuredmedia":[{"embeddable":true,"href":"http:\/\/vertienteglobal.com\/index.php?rest_route=\/wp\/v2\/media\/174033"}],"wp:attachment":[{"href":"http:\/\/vertienteglobal.com\/index.php?rest_route=%2Fwp%2Fv2%2Fmedia&parent=174032"}],"wp:term":[{"taxonomy":"category","embeddable":true,"href":"http:\/\/vertienteglobal.com\/index.php?rest_route=%2Fwp%2Fv2%2Fcategories&post=174032"},{"taxonomy":"post_tag","embeddable":true,"href":"http:\/\/vertienteglobal.com\/index.php?rest_route=%2Fwp%2Fv2%2Ftags&post=174032"}],"curies":[{"name":"wp","href":"https:\/\/api.w.org\/{rel}","templated":true}]}}