{"id":173994,"date":"2021-01-20T19:24:04","date_gmt":"2021-01-21T01:24:04","guid":{"rendered":"http:\/\/vertienteglobal.com\/?p=173994"},"modified":"2021-01-21T01:05:38","modified_gmt":"2021-01-21T07:05:38","slug":"en-holbox-se-analiza-aprovechar-los-residuos-para-convertirlos-en-energia","status":"publish","type":"post","link":"http:\/\/vertienteglobal.com\/?p=173994","title":{"rendered":"En Holbox se analiza aprovechar los residuos para convertirlos en energ\u00eda"},"content":{"rendered":"\n<div class=\"twitterbutton\" style=\"float: right; padding-left: 5px;\"><a href=\"http:\/\/twitter.com\/share\" class=\"twitter-share-button\" data-count=\"horizontal\" data-text=\"En Holbox se analiza aprovechar los residuos para convertirlos en energ\u00eda\" data-via=\"https:\/\/twitter.com\/VertienteGloba1\" data-url=\"http:\/\/vertienteglobal.com\/?p=173994\" data-lang=\"es\" data-related=\"Informaci\u00f3n general:S\u00edguenos para que est\u00e9ss informado\"><\/a><\/div>\n<figure class=\"wp-block-image size-large\"><img loading=\"lazy\" decoding=\"async\" width=\"900\" height=\"599\" src=\"http:\/\/vertienteglobal.com\/wp-content\/uploads\/2021\/01\/SEMA-Holbox.jpeg\" alt=\"\" class=\"wp-image-173995\" srcset=\"http:\/\/vertienteglobal.com\/wp-content\/uploads\/2021\/01\/SEMA-Holbox.jpeg 900w, http:\/\/vertienteglobal.com\/wp-content\/uploads\/2021\/01\/SEMA-Holbox-300x200.jpeg 300w, http:\/\/vertienteglobal.com\/wp-content\/uploads\/2021\/01\/SEMA-Holbox-150x100.jpeg 150w, http:\/\/vertienteglobal.com\/wp-content\/uploads\/2021\/01\/SEMA-Holbox-768x511.jpeg 768w\" sizes=\"auto, (max-width: 900px) 100vw, 900px\" \/><\/figure>\n\n\n\n<p>(Redaccion)<\/p>\n\n\n\n<p>Retirar los desechos de la isla es muy costoso<\/p>\n\n\n\n<p>Se estructurar\u00e1 un convenio de colaboraci\u00f3n entre la Procuradur\u00eda de Protecci\u00f3n al Ambiente y las autoridades de L\u00e1zaro C\u00e1rdenas<\/p>\n\n\n\n<p>Holbox, municipio de Lazaro Cardenas, Quintana Roo, a 20 de enero de 2021.- En la IV sesi\u00f3n del Subcomit\u00e9 para la Gesti\u00f3n Integral de Residuos en la isla de Holbox, se abord\u00f3 la atenci\u00f3n a las disposiciones de la Ley de Prevenci\u00f3n, Gesti\u00f3n Integral y Econom\u00eda Circular de los Residuos, para el fortalecimiento en la gesti\u00f3n de productos de un solo uso (botellas de vidrio y pl\u00e1stico), inform\u00f3 Efra\u00edn Villanueva secretario de Ecolog\u00eda y Medio Ambiente.<\/p>\n\n\n\n<p>Se dio a conocer que retirar los residuos de la isla de Holbox se traduce en costos muy altos, por lo que se analiza la opci\u00f3n de seguir trabajando en una tecnolog\u00eda que permita aprovechar los residuos en energ\u00eda dentro de la isla.<\/p>\n\n\n\n<p>En promedio, se generan 120 m3 de residuos dentro de la Isla, equivale en promedio a 30 Ton\/d\u00edas, por lo que es importante atender y darle prioridad a esta problem\u00e1tica de disposici\u00f3n de residuos.<\/p>\n\n\n\n<p>Entre los acuerdos que se tomaron se encuentra la gesti\u00f3n de recursos para dar soluci\u00f3n a la situaci\u00f3n actual de la isla de Holbox, estructurar un convenio de colaboraci\u00f3n entre la Procuradur\u00eda de Protecci\u00f3n al Ambiente y las autoridades municipales de L\u00e1zaro C\u00e1rdenas y trabajar en conjunto para atender la problem\u00e1tica de la separaci\u00f3n y recolecci\u00f3n de los residuos.<\/p>\n\n\n\n<p>Actualmente el sitio de transferencia dentro de la isla es saneado por la empresa ECO-V a cargo de su director General Roberto Reynoso Sep\u00falveda.<\/p>\n\n\n\n<p>Durante la Sesi\u00f3n estuvo presente Efra\u00edn Villanueva Arcos, secretario de Ecolog\u00eda y Medio Ambiente (SEMA); Josu\u00e9 N. Mena, presidente municipal de L\u00e1zaro C\u00e1rdenas; Jorge P\u00e9rez, director General de Instituto de Movilidad; Yafith Montalvo, director de Residuos S\u00f3lidos de la SEMA; Morelia Montes, consejero de Educaci\u00f3n Ambiental.<\/p>\n\n\n\n<p>Adem\u00e1s, Franklin Campos, consejero para el Fortalecimiento de la Gesti\u00f3n Integral de Residuos; Eduardo Pacheco, consejero de Difusi\u00f3n; Alicia Campos, consejero de Gesti\u00f3n Intergubernamental y Cumplimiento de la Legislaci\u00f3n; Enrique Ram\u00edrez, consejero para el Fortalecimiento de las Tecnolog\u00edas de Residuos; Sergio V\u00e1squez, director de Ordenamiento Tur\u00edstico Sustentable de SEDETUR;<br>B\u00e1rbara Hern\u00e1ndez, presidenta de la Asociaci\u00f3n de Hoteles y Moteles de Holbox.<\/p>\n","protected":false},"excerpt":{"rendered":"<p>(Redaccion) Retirar los desechos de la isla es muy costoso Se estructurar\u00e1 un convenio de colaboraci\u00f3n entre la Procuradur\u00eda de Protecci\u00f3n al Ambiente y las autoridades de L\u00e1zaro C\u00e1rdenas Holbox, municipio de Lazaro Cardenas, Quintana Roo, a 20 de enero de 2021.- En la IV sesi\u00f3n del Subcomit\u00e9 para la Gesti\u00f3n Integral de Residuos en [&hellip;]<\/p>\n","protected":false},"author":1,"featured_media":173995,"comment_status":"open","ping_status":"open","sticky":false,"template":"","format":"standard","meta":{"footnotes":""},"categories":[3],"tags":[],"class_list":["post-173994","post","type-post","status-publish","format-standard","has-post-thumbnail","hentry","category-quintana-roo","entry","has-media"],"jetpack_featured_media_url":"http:\/\/vertienteglobal.com\/wp-content\/uploads\/2021\/01\/SEMA-Holbox.jpeg","_links":{"self":[{"href":"http:\/\/vertienteglobal.com\/index.php?rest_route=\/wp\/v2\/posts\/173994","targetHints":{"allow":["GET"]}}],"collection":[{"href":"http:\/\/vertienteglobal.com\/index.php?rest_route=\/wp\/v2\/posts"}],"about":[{"href":"http:\/\/vertienteglobal.com\/index.php?rest_route=\/wp\/v2\/types\/post"}],"author":[{"embeddable":true,"href":"http:\/\/vertienteglobal.com\/index.php?rest_route=\/wp\/v2\/users\/1"}],"replies":[{"embeddable":true,"href":"http:\/\/vertienteglobal.com\/index.php?rest_route=%2Fwp%2Fv2%2Fcomments&post=173994"}],"version-history":[{"count":0,"href":"http:\/\/vertienteglobal.com\/index.php?rest_route=\/wp\/v2\/posts\/173994\/revisions"}],"wp:featuredmedia":[{"embeddable":true,"href":"http:\/\/vertienteglobal.com\/index.php?rest_route=\/wp\/v2\/media\/173995"}],"wp:attachment":[{"href":"http:\/\/vertienteglobal.com\/index.php?rest_route=%2Fwp%2Fv2%2Fmedia&parent=173994"}],"wp:term":[{"taxonomy":"category","embeddable":true,"href":"http:\/\/vertienteglobal.com\/index.php?rest_route=%2Fwp%2Fv2%2Fcategories&post=173994"},{"taxonomy":"post_tag","embeddable":true,"href":"http:\/\/vertienteglobal.com\/index.php?rest_route=%2Fwp%2Fv2%2Ftags&post=173994"}],"curies":[{"name":"wp","href":"https:\/\/api.w.org\/{rel}","templated":true}]}}