{"id":173986,"date":"2021-01-20T21:52:59","date_gmt":"2021-01-21T03:52:59","guid":{"rendered":"http:\/\/vertienteglobal.com\/?p=173986"},"modified":"2021-01-21T00:53:50","modified_gmt":"2021-01-21T06:53:50","slug":"reduciran-movilidad-en-municipios-de-veracruz-en-semaforo-rojo-y-naranja","status":"publish","type":"post","link":"http:\/\/vertienteglobal.com\/?p=173986","title":{"rendered":"Reducir\u00e1n movilidad en municipios de Veracruz en sem\u00e1foro rojo y naranja"},"content":{"rendered":"\n<div class=\"twitterbutton\" style=\"float: right; padding-left: 5px;\"><a href=\"http:\/\/twitter.com\/share\" class=\"twitter-share-button\" data-count=\"horizontal\" data-text=\"Reducir\u00e1n movilidad en municipios de Veracruz en sem\u00e1foro rojo y naranja\" data-via=\"https:\/\/twitter.com\/VertienteGloba1\" data-url=\"http:\/\/vertienteglobal.com\/?p=173986\" data-lang=\"es\" data-related=\"Informaci\u00f3n general:S\u00edguenos para que est\u00e9ss informado\"><\/a><\/div>\n<figure class=\"wp-block-image size-large\"><img loading=\"lazy\" decoding=\"async\" width=\"1024\" height=\"683\" src=\"http:\/\/vertienteglobal.com\/wp-content\/uploads\/2021\/01\/1140446.jpg\" alt=\"\" class=\"wp-image-173987\" srcset=\"http:\/\/vertienteglobal.com\/wp-content\/uploads\/2021\/01\/1140446.jpg 1024w, http:\/\/vertienteglobal.com\/wp-content\/uploads\/2021\/01\/1140446-300x200.jpg 300w, http:\/\/vertienteglobal.com\/wp-content\/uploads\/2021\/01\/1140446-150x100.jpg 150w, http:\/\/vertienteglobal.com\/wp-content\/uploads\/2021\/01\/1140446-768x512.jpg 768w\" sizes=\"auto, (max-width: 1024px) 100vw, 1024px\" \/><\/figure>\n\n\n\n<p>(Redacci\u00f3n)<\/p>\n\n\n\n<p>El funcionario exhort\u00f3 a la poblaci\u00f3n a seguir y atender las disposiciones que emite la Secretar\u00eda de Salud para reducir la cifra de contagios<\/p>\n\n\n\n<p>Xalapa, Veracruz, a 20 de enero de 2021.- El secretario de Salud de Veracruz, Roberto Ramos Alor, inform\u00f3 que el gobierno estatal&nbsp;reforzar\u00e1&nbsp;las medidas preventivas para frenar los contagios de COVID-19.<\/p>\n\n\n\n<p>\u00abSe llevar\u00e1n a cabo acciones para la reducci\u00f3n de la movilidad en la zona centro de los siete municipios que est\u00e1n en sem\u00e1foro rojo, y 77 m\u00e1s que tienen sem\u00e1foro naranja; as\u00ed como las ciudades donde se est\u00e1 dando el incremento de ocupaci\u00f3n hospitalaria\u00bb.<\/p>\n\n\n\n<p>Y es que en ese sentido, dijo que en&nbsp;acato al Decreto publicado en la Gaceta Oficial del Estado, del viernes 22 al domingo 24 de enero aplicar\u00e1 la Alerta Preventiva en los municipios de Atzalan, Cazones, Coxquihui, Espinal, Huayacocotla, Poza Rica y Tecolutla \u2013que est\u00e1n en sem\u00e1foro rojo\u2013 y en los 77 que se encuentran en naranja, de 07:00 a 18:00 horas.<\/p>\n\n\n\n<p>Se\u00f1al\u00f3 que por ello, los ayuntamientos deber\u00e1n reforzar la instalaci\u00f3n de filtros sanitarios en puntos espec\u00edficos y limitar el acceso al centro de estas cabeceras, con la finalidad de disminuir la permanencia de personas en las calles y evitar aglomeraciones, aunado a las medidas que cada Cabildo contemple.<\/p>\n\n\n\n<p>El funcionario exhort\u00f3 a la poblaci\u00f3n a seguir y atender las disposiciones que emite la Secretar\u00eda de Salud para reducir la cifra de contagios.<\/p>\n\n\n\n<p>Por ultimp agreg\u00f3 que esta tarea requiere la coordinaci\u00f3n con autoridades municipales, pero tambi\u00e9n el apoyo de la ciudadan\u00eda. (Fuente:SSVer)<\/p>\n","protected":false},"excerpt":{"rendered":"<p>(Redacci\u00f3n) El funcionario exhort\u00f3 a la poblaci\u00f3n a seguir y atender las disposiciones que emite la Secretar\u00eda de Salud para reducir la cifra de contagios Xalapa, Veracruz, a 20 de enero de 2021.- El secretario de Salud de Veracruz, Roberto Ramos Alor, inform\u00f3 que el gobierno estatal&nbsp;reforzar\u00e1&nbsp;las medidas preventivas para frenar los contagios de COVID-19. [&hellip;]<\/p>\n","protected":false},"author":1,"featured_media":173987,"comment_status":"open","ping_status":"open","sticky":false,"template":"","format":"standard","meta":{"footnotes":""},"categories":[7],"tags":[],"class_list":["post-173986","post","type-post","status-publish","format-standard","has-post-thumbnail","hentry","category-veracruz","entry","has-media"],"jetpack_featured_media_url":"http:\/\/vertienteglobal.com\/wp-content\/uploads\/2021\/01\/1140446.jpg","_links":{"self":[{"href":"http:\/\/vertienteglobal.com\/index.php?rest_route=\/wp\/v2\/posts\/173986","targetHints":{"allow":["GET"]}}],"collection":[{"href":"http:\/\/vertienteglobal.com\/index.php?rest_route=\/wp\/v2\/posts"}],"about":[{"href":"http:\/\/vertienteglobal.com\/index.php?rest_route=\/wp\/v2\/types\/post"}],"author":[{"embeddable":true,"href":"http:\/\/vertienteglobal.com\/index.php?rest_route=\/wp\/v2\/users\/1"}],"replies":[{"embeddable":true,"href":"http:\/\/vertienteglobal.com\/index.php?rest_route=%2Fwp%2Fv2%2Fcomments&post=173986"}],"version-history":[{"count":0,"href":"http:\/\/vertienteglobal.com\/index.php?rest_route=\/wp\/v2\/posts\/173986\/revisions"}],"wp:featuredmedia":[{"embeddable":true,"href":"http:\/\/vertienteglobal.com\/index.php?rest_route=\/wp\/v2\/media\/173987"}],"wp:attachment":[{"href":"http:\/\/vertienteglobal.com\/index.php?rest_route=%2Fwp%2Fv2%2Fmedia&parent=173986"}],"wp:term":[{"taxonomy":"category","embeddable":true,"href":"http:\/\/vertienteglobal.com\/index.php?rest_route=%2Fwp%2Fv2%2Fcategories&post=173986"},{"taxonomy":"post_tag","embeddable":true,"href":"http:\/\/vertienteglobal.com\/index.php?rest_route=%2Fwp%2Fv2%2Ftags&post=173986"}],"curies":[{"name":"wp","href":"https:\/\/api.w.org\/{rel}","templated":true}]}}