{"id":173940,"date":"2021-01-20T08:42:00","date_gmt":"2021-01-20T14:42:00","guid":{"rendered":"http:\/\/vertienteglobal.com\/?p=173940"},"modified":"2021-01-20T09:03:40","modified_gmt":"2021-01-20T15:03:40","slug":"apagon-interrumpe-por-segundos-la-mananera-de-amlo","status":"publish","type":"post","link":"http:\/\/vertienteglobal.com\/?p=173940","title":{"rendered":"&#8216;Apag\u00f3n\u2019 interrumpe por segundos la \u2018ma\u00f1anera\u2019 de AMLO"},"content":{"rendered":"\n<div class=\"twitterbutton\" style=\"float: right; padding-left: 5px;\"><a href=\"http:\/\/twitter.com\/share\" class=\"twitter-share-button\" data-count=\"horizontal\" data-text=\"&#8216;Apag\u00f3n\u2019 interrumpe por segundos la \u2018ma\u00f1anera\u2019 de AMLO\" data-via=\"https:\/\/twitter.com\/VertienteGloba1\" data-url=\"http:\/\/vertienteglobal.com\/?p=173940\" data-lang=\"es\" data-related=\"Informaci\u00f3n general:S\u00edguenos para que est\u00e9ss informado\"><\/a><\/div>\n<figure class=\"wp-block-image size-large\"><img loading=\"lazy\" decoding=\"async\" width=\"1024\" height=\"683\" src=\"http:\/\/vertienteglobal.com\/wp-content\/uploads\/2021\/01\/131885.jpg\" alt=\"\" class=\"wp-image-173941\" srcset=\"http:\/\/vertienteglobal.com\/wp-content\/uploads\/2021\/01\/131885.jpg 1024w, http:\/\/vertienteglobal.com\/wp-content\/uploads\/2021\/01\/131885-300x200.jpg 300w, http:\/\/vertienteglobal.com\/wp-content\/uploads\/2021\/01\/131885-150x100.jpg 150w, http:\/\/vertienteglobal.com\/wp-content\/uploads\/2021\/01\/131885-768x512.jpg 768w\" sizes=\"auto, (max-width: 1024px) 100vw, 1024px\" \/><\/figure>\n\n\n\n<p>(Redacci\u00f3n)<\/p>\n\n\n\n<p>La falla el\u00e9ctrica s\u00f3lo dur\u00f3 unos segundos, ya que de inmediato se restableci\u00f3 el servicio en el Sal\u00f3n de la Tesorer\u00eda<\/p>\n\n\n\n<p>Ciudad de Mexico a 20 de enero de 2021.- Este mi\u00e9rcoles 20 de enero se registr\u00f3 un apag\u00f3n de energ\u00eda el\u00e9ctrica en la conferencia de prensa matutina del presidente de M\u00e9xico, Andr\u00e9s Manuel L\u00f3pez Obrador, desperfecto que s\u00f3lo dur\u00f3 unos segundos.<\/p>\n\n\n\n<p>Los hechos ocurrieron mientras presentaba el informe mensual de seguridad, justo cuando Luis Cresencio Sandoval, titular de la Secretar\u00eda de la Defensa Nacional (Sedena) daba a conocer los datos.<\/p>\n\n\n\n<p>Sin embargo, la falla el\u00e9ctrica s\u00f3lo dur\u00f3 unos segundos, ya que de inmediato se restableci\u00f3 el servicio en el Sal\u00f3n de la Tesorer\u00eda. (Fuente: Pol\u00edtico MX)<\/p>\n","protected":false},"excerpt":{"rendered":"<p>(Redacci\u00f3n) La falla el\u00e9ctrica s\u00f3lo dur\u00f3 unos segundos, ya que de inmediato se restableci\u00f3 el servicio en el Sal\u00f3n de la Tesorer\u00eda Ciudad de Mexico a 20 de enero de 2021.- Este mi\u00e9rcoles 20 de enero se registr\u00f3 un apag\u00f3n de energ\u00eda el\u00e9ctrica en la conferencia de prensa matutina del presidente de M\u00e9xico, Andr\u00e9s Manuel [&hellip;]<\/p>\n","protected":false},"author":1,"featured_media":173941,"comment_status":"open","ping_status":"open","sticky":false,"template":"","format":"standard","meta":{"footnotes":""},"categories":[8],"tags":[],"class_list":["post-173940","post","type-post","status-publish","format-standard","has-post-thumbnail","hentry","category-pais","entry","has-media"],"jetpack_featured_media_url":"http:\/\/vertienteglobal.com\/wp-content\/uploads\/2021\/01\/131885.jpg","_links":{"self":[{"href":"http:\/\/vertienteglobal.com\/index.php?rest_route=\/wp\/v2\/posts\/173940","targetHints":{"allow":["GET"]}}],"collection":[{"href":"http:\/\/vertienteglobal.com\/index.php?rest_route=\/wp\/v2\/posts"}],"about":[{"href":"http:\/\/vertienteglobal.com\/index.php?rest_route=\/wp\/v2\/types\/post"}],"author":[{"embeddable":true,"href":"http:\/\/vertienteglobal.com\/index.php?rest_route=\/wp\/v2\/users\/1"}],"replies":[{"embeddable":true,"href":"http:\/\/vertienteglobal.com\/index.php?rest_route=%2Fwp%2Fv2%2Fcomments&post=173940"}],"version-history":[{"count":0,"href":"http:\/\/vertienteglobal.com\/index.php?rest_route=\/wp\/v2\/posts\/173940\/revisions"}],"wp:featuredmedia":[{"embeddable":true,"href":"http:\/\/vertienteglobal.com\/index.php?rest_route=\/wp\/v2\/media\/173941"}],"wp:attachment":[{"href":"http:\/\/vertienteglobal.com\/index.php?rest_route=%2Fwp%2Fv2%2Fmedia&parent=173940"}],"wp:term":[{"taxonomy":"category","embeddable":true,"href":"http:\/\/vertienteglobal.com\/index.php?rest_route=%2Fwp%2Fv2%2Fcategories&post=173940"},{"taxonomy":"post_tag","embeddable":true,"href":"http:\/\/vertienteglobal.com\/index.php?rest_route=%2Fwp%2Fv2%2Ftags&post=173940"}],"curies":[{"name":"wp","href":"https:\/\/api.w.org\/{rel}","templated":true}]}}