{"id":173736,"date":"2021-01-18T10:50:00","date_gmt":"2021-01-18T16:50:00","guid":{"rendered":"http:\/\/vertienteglobal.com\/?p=173736"},"modified":"2021-01-18T18:27:23","modified_gmt":"2021-01-19T00:27:23","slug":"alista-aeropuerto-de-merida-chequeos-anti-covid-19-para-viajar-a-estados","status":"publish","type":"post","link":"http:\/\/vertienteglobal.com\/?p=173736","title":{"rendered":"Alista Aeropuerto de M\u00e9rida chequeos anti Covid-19 para viajar a Estados"},"content":{"rendered":"\n<div class=\"twitterbutton\" style=\"float: right; padding-left: 5px;\"><a href=\"http:\/\/twitter.com\/share\" class=\"twitter-share-button\" data-count=\"horizontal\" data-text=\"Alista Aeropuerto de M\u00e9rida chequeos anti Covid-19 para viajar a Estados\" data-via=\"https:\/\/twitter.com\/VertienteGloba1\" data-url=\"http:\/\/vertienteglobal.com\/?p=173736\" data-lang=\"es\" data-related=\"Informaci\u00f3n general:S\u00edguenos para que est\u00e9ss informado\"><\/a><\/div>\n<figure class=\"wp-block-image size-large\"><img loading=\"lazy\" decoding=\"async\" width=\"660\" height=\"330\" src=\"http:\/\/vertienteglobal.com\/wp-content\/uploads\/2021\/01\/1610905949716-660x330-1.jpg\" alt=\"\" class=\"wp-image-173737\" srcset=\"http:\/\/vertienteglobal.com\/wp-content\/uploads\/2021\/01\/1610905949716-660x330-1.jpg 660w, http:\/\/vertienteglobal.com\/wp-content\/uploads\/2021\/01\/1610905949716-660x330-1-300x150.jpg 300w, http:\/\/vertienteglobal.com\/wp-content\/uploads\/2021\/01\/1610905949716-660x330-1-150x75.jpg 150w\" sizes=\"auto, (max-width: 660px) 100vw, 660px\" \/><\/figure>\n\n\n\n<p>(Redaccion)<\/p>\n\n\n\n<p>El administrador general de la terminal a\u00e9rea, coment\u00f3 que al cerrar la primera quincena del mes de enero se ha visto una leve reducci\u00f3n en el flujo de pasajeros, derivado del cierre de las fiestas decembrinas, aunque la recuperaci\u00f3n se mantiene en alrededor de un 50 por ciento en comparaci\u00f3n al mismo per\u00edodo del a\u00f1o pasado<\/p>\n\n\n\n<p>Merida, Yucatan., 18 enero 2021.- Ante las nuevas reglas de viaje que arrancar\u00e1n a partir del pr\u00f3ximo 26 de enero en los Estados Unidos y en las que se exigir\u00e1n pruebas negativas de coronavirus a cada viajero antes de abordar el avi\u00f3n, el Aeropuerto Internacional de M\u00e9rida (MID) \u201cManuel Crescencio Rej\u00f3n\u201d se ha comenzado a coordinar con las aerol\u00edneas que manejan vuelos hacia Miami o Oakland para informarles de estas nuevas disposiciones y que no tengan mayores problemas al programar sus viajes.<\/p>\n\n\n\n<p>Y es aue en cuanto al tema, el administrador general de la terminal a\u00e9rea, coment\u00f3 que al cerrar la primera quincena del mes de enero se ha visto una leve reducci\u00f3n en el flujo de pasajeros, derivado del cierre de las fiestas decembrinas, aunque la recuperaci\u00f3n se mantiene en alrededor de un 50 por ciento en comparaci\u00f3n al mismo per\u00edodo del a\u00f1o pasado.<\/p>\n\n\n\n<p>Refiri\u00f3 que esta tendencia es normal, aunque el flujo de pasajeros ha sido constante y se ha mantenido en un promedio de 4 mil 700 viajeros al d\u00eda con 44 operaciones comerciales, cifra que se espera pueda ir en aumento, dado que a partir de ma\u00f1ana (lunes) se tendr\u00e1 una nueva frecuencia hacia la Ciudad de M\u00e9xico y ser\u00e1 la misma que vaya hacia Oakland, California, a cargo de la aerol\u00ednea Volaris.<\/p>\n\n\n\n<p>Sin embargo, apunt\u00f3 que ante las nuevas medidas de viaje que el gobierno norteamericano ha impuesto por el repunte en la pandemia del Covid-19, las aerol\u00edneas han empezado a informar a sus clientes con destinos en ese vecino pa\u00eds del norte para que tengan a la mano los test con resultados negativos de este virus, pues de lo contrario no se les dejar\u00e1 subir al avi\u00f3n.<\/p>\n\n\n\n<p>Suspenden vuelo a La Habana.<\/p>\n\n\n\n<p>Adem\u00e1s, record\u00f3 que el MID tambi\u00e9n ten\u00eda un vuelo internacional en la ruta M\u00e9rida-La Habana, Cuba, el cual se encuentra suspendido pues el gobierno de ese pa\u00eds ha empezado a solicitar la prueba Covid-19 PCR para todos sus pasajeros, por lo que la compa\u00f1\u00eda a\u00e9rea decidi\u00f3 suspender de forma temporal sus operaciones hacia ese destino.<\/p>\n\n\n\n<p>\u201cEn el caso particular de los vuelos hacia Estados Unidos, a partir del d\u00eda 26 est\u00e1 previsto que se empiecen a solicitar, pero ah\u00ed ser\u00e1 un poco m\u00e1s f\u00e1cil porque s\u00ed podr\u00e1n aceptar las pruebas r\u00e1pidas de ant\u00edgenos, entonces la solicitud es que no sea mayor a 72 horas de hab\u00e9rsela hecho antes de la salida del vuelo\u201d, acot\u00f3.<\/p>\n\n\n\n<p>Aclar\u00f3 que a pesar de estas nuevas medidas instauradas por la Uni\u00f3n Americana, ninguna de las aerol\u00edneas que manejan vuelos hacia ese pa\u00eds han anunciado la suspensi\u00f3n de sus operaciones y por el contrario, han empezado a informar a sus pasajeros para que estos presenten la prueba negativa antes de poder documentar. (Fuente: Novedades Yucat\u00e1n)<\/p>\n","protected":false},"excerpt":{"rendered":"<p>(Redaccion) El administrador general de la terminal a\u00e9rea, coment\u00f3 que al cerrar la primera quincena del mes de enero se ha visto una leve reducci\u00f3n en el flujo de pasajeros, derivado del cierre de las fiestas decembrinas, aunque la recuperaci\u00f3n se mantiene en alrededor de un 50 por ciento en comparaci\u00f3n al mismo per\u00edodo del [&hellip;]<\/p>\n","protected":false},"author":1,"featured_media":173737,"comment_status":"open","ping_status":"open","sticky":false,"template":"","format":"standard","meta":{"footnotes":""},"categories":[2],"tags":[],"class_list":["post-173736","post","type-post","status-publish","format-standard","has-post-thumbnail","hentry","category-yucatan","entry","has-media"],"jetpack_featured_media_url":"http:\/\/vertienteglobal.com\/wp-content\/uploads\/2021\/01\/1610905949716-660x330-1.jpg","_links":{"self":[{"href":"http:\/\/vertienteglobal.com\/index.php?rest_route=\/wp\/v2\/posts\/173736","targetHints":{"allow":["GET"]}}],"collection":[{"href":"http:\/\/vertienteglobal.com\/index.php?rest_route=\/wp\/v2\/posts"}],"about":[{"href":"http:\/\/vertienteglobal.com\/index.php?rest_route=\/wp\/v2\/types\/post"}],"author":[{"embeddable":true,"href":"http:\/\/vertienteglobal.com\/index.php?rest_route=\/wp\/v2\/users\/1"}],"replies":[{"embeddable":true,"href":"http:\/\/vertienteglobal.com\/index.php?rest_route=%2Fwp%2Fv2%2Fcomments&post=173736"}],"version-history":[{"count":0,"href":"http:\/\/vertienteglobal.com\/index.php?rest_route=\/wp\/v2\/posts\/173736\/revisions"}],"wp:featuredmedia":[{"embeddable":true,"href":"http:\/\/vertienteglobal.com\/index.php?rest_route=\/wp\/v2\/media\/173737"}],"wp:attachment":[{"href":"http:\/\/vertienteglobal.com\/index.php?rest_route=%2Fwp%2Fv2%2Fmedia&parent=173736"}],"wp:term":[{"taxonomy":"category","embeddable":true,"href":"http:\/\/vertienteglobal.com\/index.php?rest_route=%2Fwp%2Fv2%2Fcategories&post=173736"},{"taxonomy":"post_tag","embeddable":true,"href":"http:\/\/vertienteglobal.com\/index.php?rest_route=%2Fwp%2Fv2%2Ftags&post=173736"}],"curies":[{"name":"wp","href":"https:\/\/api.w.org\/{rel}","templated":true}]}}