{"id":173732,"date":"2021-01-18T08:23:00","date_gmt":"2021-01-18T14:23:00","guid":{"rendered":"http:\/\/vertienteglobal.com\/?p=173732"},"modified":"2021-01-18T18:25:10","modified_gmt":"2021-01-19T00:25:10","slug":"apicultores-y-productores-de-cacao-se-integran-a-produccion-para-el-bienestar","status":"publish","type":"post","link":"http:\/\/vertienteglobal.com\/?p=173732","title":{"rendered":"Apicultores y productores de cacao se integran a Producci\u00f3n para el Bienestar"},"content":{"rendered":"\n<div class=\"twitterbutton\" style=\"float: right; padding-left: 5px;\"><a href=\"http:\/\/twitter.com\/share\" class=\"twitter-share-button\" data-count=\"horizontal\" data-text=\"Apicultores y productores de cacao se integran a Producci\u00f3n para el Bienestar\" data-via=\"https:\/\/twitter.com\/VertienteGloba1\" data-url=\"http:\/\/vertienteglobal.com\/?p=173732\" data-lang=\"es\" data-related=\"Informaci\u00f3n general:S\u00edguenos para que est\u00e9ss informado\"><\/a><\/div>\n<figure class=\"wp-block-image size-large\"><img loading=\"lazy\" decoding=\"async\" width=\"1024\" height=\"768\" src=\"http:\/\/vertienteglobal.com\/wp-content\/uploads\/2021\/01\/DSC05855-1024x768.jpg\" alt=\"\" class=\"wp-image-173733\" srcset=\"http:\/\/vertienteglobal.com\/wp-content\/uploads\/2021\/01\/DSC05855-1024x768.jpg 1024w, http:\/\/vertienteglobal.com\/wp-content\/uploads\/2021\/01\/DSC05855-300x225.jpg 300w, http:\/\/vertienteglobal.com\/wp-content\/uploads\/2021\/01\/DSC05855-150x113.jpg 150w, http:\/\/vertienteglobal.com\/wp-content\/uploads\/2021\/01\/DSC05855-768x576.jpg 768w, http:\/\/vertienteglobal.com\/wp-content\/uploads\/2021\/01\/DSC05855.jpg 1280w\" sizes=\"auto, (max-width: 1024px) 100vw, 1024px\" \/><\/figure>\n\n\n\n<p>(Redaccion)<\/p>\n\n\n\n<p>Por primera vez productores de miel y cacao recibir\u00e1n apoyos directos y tambi\u00e9n se incrementan las cuotas a productores de granos, amaranto, ch\u00eda, caf\u00e9 y ca\u00f1a de az\u00facar<\/p>\n\n\n\n<p>Ciudad de Mexico a 18 de enero de 2021.- Producci\u00f3n para el Bienestar suma a productores de miel y cacao como beneficiarios del programa.AutorSecretar\u00eda de Agricultura y Desarrollo RuralFecha de publicaci\u00f3n15 de enero de 2021<\/p>\n\n\n\n<p>En el marco del prop\u00f3sito gubernamental de la autosuficiencia alimentaria y el rescate del campo, los apoyos que se entregar\u00e1n en 2021 a las y los productores beneficiarios considerados de peque\u00f1a escala de granos (con predios de hasta cinco hect\u00e1reas de temporal) ser\u00e1 de dos mil pesos por hect\u00e1rea, y los de mediana escala (con m\u00e1s de cinco hect\u00e1reas y hasta 20 de temporal o hasta cinco hect\u00e1reas de riego) ser\u00e1n apoyados con mil 200 pesos por hect\u00e1rea.<\/p>\n\n\n\n<p>En el caso de los productores de amaranto y ch\u00eda de peque\u00f1a y mediana escala, recibir\u00e1n tres mil pesos por hect\u00e1rea; para los de caf\u00e9, cacao o miel de abeja -peque\u00f1a o mediana escala- el apoyo qued\u00f3 establecido en seis mil 200 pesos y para los de ca\u00f1a de az\u00facar (peque\u00f1a o mediana escala) ser\u00e1 apoyados con siete mil 300 pesos.<\/p>\n\n\n\n<p>Debe se\u00f1alarse que cada productor recibir\u00e1 un solo apoyo, ya sea para granos, o bien amaranto, ch\u00eda, caf\u00e9, ca\u00f1a de az\u00facar, cacao o miel y en el caso de granos s\u00f3lo recibir\u00e1n apoyo para un ciclo: primavera-verano u oto\u00f1o-invierno.<\/p>\n\n\n\n<p>Ahora bien, entre los apoyos que ofrece Producci\u00f3n para el Bienestar, adem\u00e1s de los otorgados directamente, est\u00e1n la capacitaci\u00f3n y el acompa\u00f1amiento t\u00e9cnico-organizativo, que facilitan la adopci\u00f3n de pr\u00e1cticas agroecol\u00f3gicas y sustentables para incrementar los rendimientos de producci\u00f3n, principalmente de ma\u00edz, frijol, caf\u00e9, ca\u00f1a de az\u00facar, cacao, miel o leche, as\u00ed como para fortalecer la instrumentaci\u00f3n de servicios de vinculaci\u00f3n productiva.<\/p>\n\n\n\n<p>A lo anterior se suma la Estrategia de Fomento al Acceso al Financiamiento que impulsa el acceso al financiamiento formal a los productores beneficiarios del programa.<\/p>\n\n\n\n<p>\u2013prioritariamente a los que reciban capacitaci\u00f3n y\/o acompa\u00f1amiento t\u00e9cnico-organizativo\u2014, para complementar los apoyos directos con recursos crediticios para la producci\u00f3n, adquisici\u00f3n de bienes de capital productivo, cosecha, poscosecha, valor agregado o comercializaci\u00f3n que respalden o mejoren las operaciones crediticias, sin costo a los productores.<\/p>\n\n\n\n<p>As\u00ed podemos ver que la tarea clave de Producci\u00f3n para el Bienestar es lograr la autosuficiencia alimentaria, produciendo los alimentos que abastezcan de forma suficiente a la poblaci\u00f3n nacional, con la prioridad, por justicia social, de que quienes producen coman saludablemente y vivan bien.<\/p>\n\n\n\n<figure class=\"wp-block-image size-large\"><img loading=\"lazy\" decoding=\"async\" width=\"750\" height=\"392\" src=\"http:\/\/vertienteglobal.com\/wp-content\/uploads\/2021\/01\/cacao_4_gob.jpg\" alt=\"\" class=\"wp-image-173734\" srcset=\"http:\/\/vertienteglobal.com\/wp-content\/uploads\/2021\/01\/cacao_4_gob.jpg 750w, http:\/\/vertienteglobal.com\/wp-content\/uploads\/2021\/01\/cacao_4_gob-300x157.jpg 300w, http:\/\/vertienteglobal.com\/wp-content\/uploads\/2021\/01\/cacao_4_gob-150x78.jpg 150w\" sizes=\"auto, (max-width: 750px) 100vw, 750px\" \/><\/figure>\n","protected":false},"excerpt":{"rendered":"<p>(Redaccion) Por primera vez productores de miel y cacao recibir\u00e1n apoyos directos y tambi\u00e9n se incrementan las cuotas a productores de granos, amaranto, ch\u00eda, caf\u00e9 y ca\u00f1a de az\u00facar Ciudad de Mexico a 18 de enero de 2021.- Producci\u00f3n para el Bienestar suma a productores de miel y cacao como beneficiarios del programa.AutorSecretar\u00eda de Agricultura [&hellip;]<\/p>\n","protected":false},"author":1,"featured_media":173733,"comment_status":"open","ping_status":"open","sticky":false,"template":"","format":"standard","meta":{"footnotes":""},"categories":[8],"tags":[],"class_list":["post-173732","post","type-post","status-publish","format-standard","has-post-thumbnail","hentry","category-pais","entry","has-media"],"jetpack_featured_media_url":"http:\/\/vertienteglobal.com\/wp-content\/uploads\/2021\/01\/DSC05855.jpg","_links":{"self":[{"href":"http:\/\/vertienteglobal.com\/index.php?rest_route=\/wp\/v2\/posts\/173732","targetHints":{"allow":["GET"]}}],"collection":[{"href":"http:\/\/vertienteglobal.com\/index.php?rest_route=\/wp\/v2\/posts"}],"about":[{"href":"http:\/\/vertienteglobal.com\/index.php?rest_route=\/wp\/v2\/types\/post"}],"author":[{"embeddable":true,"href":"http:\/\/vertienteglobal.com\/index.php?rest_route=\/wp\/v2\/users\/1"}],"replies":[{"embeddable":true,"href":"http:\/\/vertienteglobal.com\/index.php?rest_route=%2Fwp%2Fv2%2Fcomments&post=173732"}],"version-history":[{"count":0,"href":"http:\/\/vertienteglobal.com\/index.php?rest_route=\/wp\/v2\/posts\/173732\/revisions"}],"wp:featuredmedia":[{"embeddable":true,"href":"http:\/\/vertienteglobal.com\/index.php?rest_route=\/wp\/v2\/media\/173733"}],"wp:attachment":[{"href":"http:\/\/vertienteglobal.com\/index.php?rest_route=%2Fwp%2Fv2%2Fmedia&parent=173732"}],"wp:term":[{"taxonomy":"category","embeddable":true,"href":"http:\/\/vertienteglobal.com\/index.php?rest_route=%2Fwp%2Fv2%2Fcategories&post=173732"},{"taxonomy":"post_tag","embeddable":true,"href":"http:\/\/vertienteglobal.com\/index.php?rest_route=%2Fwp%2Fv2%2Ftags&post=173732"}],"curies":[{"name":"wp","href":"https:\/\/api.w.org\/{rel}","templated":true}]}}