{"id":173626,"date":"2021-01-16T16:10:00","date_gmt":"2021-01-16T22:10:00","guid":{"rendered":"http:\/\/vertienteglobal.com\/?p=173626"},"modified":"2021-01-16T16:27:04","modified_gmt":"2021-01-16T22:27:04","slug":"no-sere-un-dirigente-eterno-amlo-revela-cuando-se-jubilara","status":"publish","type":"post","link":"http:\/\/vertienteglobal.com\/?p=173626","title":{"rendered":"No ser\u00e9 un dirigente eterno: AMLO revela cu\u00e1ndo se jubilar\u00e1"},"content":{"rendered":"\n<div class=\"twitterbutton\" style=\"float: right; padding-left: 5px;\"><a href=\"http:\/\/twitter.com\/share\" class=\"twitter-share-button\" data-count=\"horizontal\" data-text=\"No ser\u00e9 un dirigente eterno: AMLO revela cu\u00e1ndo se jubilar\u00e1\" data-via=\"https:\/\/twitter.com\/VertienteGloba1\" data-url=\"http:\/\/vertienteglobal.com\/?p=173626\" data-lang=\"es\" data-related=\"Informaci\u00f3n general:S\u00edguenos para que est\u00e9ss informado\"><\/a><\/div>\n<figure class=\"wp-block-image size-large\"><img loading=\"lazy\" decoding=\"async\" width=\"1024\" height=\"683\" src=\"http:\/\/vertienteglobal.com\/wp-content\/uploads\/2021\/01\/1139765.jpg\" alt=\"\" class=\"wp-image-173628\" srcset=\"http:\/\/vertienteglobal.com\/wp-content\/uploads\/2021\/01\/1139765.jpg 1024w, http:\/\/vertienteglobal.com\/wp-content\/uploads\/2021\/01\/1139765-300x200.jpg 300w, http:\/\/vertienteglobal.com\/wp-content\/uploads\/2021\/01\/1139765-150x100.jpg 150w, http:\/\/vertienteglobal.com\/wp-content\/uploads\/2021\/01\/1139765-768x512.jpg 768w\" sizes=\"auto, (max-width: 1024px) 100vw, 1024px\" \/><\/figure>\n\n\n\n<p>(Redacci\u00f3n)<\/p>\n\n\n\n<p>Dijo que no caer\u00e1 en \u00abnecesariato\u00bb, como sucedi\u00f3 con Antonio L\u00f3pez de Santa Anna, pues \u00e9l es maderista y no cree en la reelecci\u00f3n<\/p>\n\n\n\n<p>Ciudad de Mexico a 16 de enero de 2021.- El presidente Andr\u00e9s Manuel L\u00f3pez Obrador adelant\u00f3 este s\u00e1bado que se jubilar\u00e1 de la pol\u00edtica en septiembre de 2024, pues no ser\u00e1 un \u00abdirigente eterno\u00bb.<\/p>\n\n\n\n<p>Asimismo, dijo que no caer\u00e1 en \u00abnecesariato\u00bb, como sucedi\u00f3 con Antonio L\u00f3pez de Santa Anna, pues \u00e9l es maderista y no cree en la reelecci\u00f3n.<\/p>\n\n\n\n<p>\u00abSe nos va a terminar el tiempo y soy maderista, estoy a favor del sufragio efectivo y la no reelecci\u00f3n.<\/p>\n\n\n\n<p>Voy a terminar a finales de septiembre y me retiro, me j\u00fabilo, misi\u00f3n cumplida.<\/p>\n\n\n\n<p>\u00abNo voy a estar como dirigente permanente eterno, no hay que caer en el necesariato, en decir, qui\u00e9n me va a sustituir; claro que hay gente buena, mujeres y hombres, que van a darle continuidad a esta lucha\u2026estamos haciendo lo que nos corresponde\u00bb, reiter\u00f3.<br>&nbsp;<\/p>\n","protected":false},"excerpt":{"rendered":"<p>(Redacci\u00f3n) Dijo que no caer\u00e1 en \u00abnecesariato\u00bb, como sucedi\u00f3 con Antonio L\u00f3pez de Santa Anna, pues \u00e9l es maderista y no cree en la reelecci\u00f3n Ciudad de Mexico a 16 de enero de 2021.- El presidente Andr\u00e9s Manuel L\u00f3pez Obrador adelant\u00f3 este s\u00e1bado que se jubilar\u00e1 de la pol\u00edtica en septiembre de 2024, pues no [&hellip;]<\/p>\n","protected":false},"author":1,"featured_media":173628,"comment_status":"open","ping_status":"open","sticky":false,"template":"","format":"standard","meta":{"footnotes":""},"categories":[8],"tags":[],"class_list":["post-173626","post","type-post","status-publish","format-standard","has-post-thumbnail","hentry","category-pais","entry","has-media"],"jetpack_featured_media_url":"http:\/\/vertienteglobal.com\/wp-content\/uploads\/2021\/01\/1139765.jpg","_links":{"self":[{"href":"http:\/\/vertienteglobal.com\/index.php?rest_route=\/wp\/v2\/posts\/173626","targetHints":{"allow":["GET"]}}],"collection":[{"href":"http:\/\/vertienteglobal.com\/index.php?rest_route=\/wp\/v2\/posts"}],"about":[{"href":"http:\/\/vertienteglobal.com\/index.php?rest_route=\/wp\/v2\/types\/post"}],"author":[{"embeddable":true,"href":"http:\/\/vertienteglobal.com\/index.php?rest_route=\/wp\/v2\/users\/1"}],"replies":[{"embeddable":true,"href":"http:\/\/vertienteglobal.com\/index.php?rest_route=%2Fwp%2Fv2%2Fcomments&post=173626"}],"version-history":[{"count":0,"href":"http:\/\/vertienteglobal.com\/index.php?rest_route=\/wp\/v2\/posts\/173626\/revisions"}],"wp:featuredmedia":[{"embeddable":true,"href":"http:\/\/vertienteglobal.com\/index.php?rest_route=\/wp\/v2\/media\/173628"}],"wp:attachment":[{"href":"http:\/\/vertienteglobal.com\/index.php?rest_route=%2Fwp%2Fv2%2Fmedia&parent=173626"}],"wp:term":[{"taxonomy":"category","embeddable":true,"href":"http:\/\/vertienteglobal.com\/index.php?rest_route=%2Fwp%2Fv2%2Fcategories&post=173626"},{"taxonomy":"post_tag","embeddable":true,"href":"http:\/\/vertienteglobal.com\/index.php?rest_route=%2Fwp%2Fv2%2Ftags&post=173626"}],"curies":[{"name":"wp","href":"https:\/\/api.w.org\/{rel}","templated":true}]}}