{"id":173461,"date":"2021-01-13T20:15:16","date_gmt":"2021-01-14T02:15:16","guid":{"rendered":"http:\/\/vertienteglobal.com\/?p=173461"},"modified":"2021-01-14T09:16:18","modified_gmt":"2021-01-14T15:16:18","slug":"fue-una-vil-venganza-de-arturo-nunez-no-tememos-que-adversarios-retomen-el-tema-del-proceso-penal-en-su-contra-fabian-granier-calles","status":"publish","type":"post","link":"http:\/\/vertienteglobal.com\/?p=173461","title":{"rendered":"Fue una vil venganza de Arturo N\u00fa\u00f1ez, no tememos que adversarios retomen el tema del proceso penal en su contra: Fabi\u00e1n Granier Calles"},"content":{"rendered":"\n<div class=\"twitterbutton\" style=\"float: right; padding-left: 5px;\"><a href=\"http:\/\/twitter.com\/share\" class=\"twitter-share-button\" data-count=\"horizontal\" data-text=\"Fue una vil venganza de Arturo N\u00fa\u00f1ez, no tememos que adversarios retomen el te...\" data-via=\"https:\/\/twitter.com\/VertienteGloba1\" data-url=\"http:\/\/vertienteglobal.com\/?p=173461\" data-lang=\"es\" data-related=\"Informaci\u00f3n general:S\u00edguenos para que est\u00e9ss informado\"><\/a><\/div>\n<figure class=\"wp-block-image size-large\"><img loading=\"lazy\" decoding=\"async\" width=\"1024\" height=\"461\" src=\"http:\/\/vertienteglobal.com\/wp-content\/uploads\/2021\/01\/fabian-focus-0-0-1200-850-1024x461.jpg\" alt=\"\" class=\"wp-image-173462\" srcset=\"http:\/\/vertienteglobal.com\/wp-content\/uploads\/2021\/01\/fabian-focus-0-0-1200-850-1024x461.jpg 1024w, http:\/\/vertienteglobal.com\/wp-content\/uploads\/2021\/01\/fabian-focus-0-0-1200-850-300x135.jpg 300w, http:\/\/vertienteglobal.com\/wp-content\/uploads\/2021\/01\/fabian-focus-0-0-1200-850-150x68.jpg 150w, http:\/\/vertienteglobal.com\/wp-content\/uploads\/2021\/01\/fabian-focus-0-0-1200-850-768x346.jpg 768w, http:\/\/vertienteglobal.com\/wp-content\/uploads\/2021\/01\/fabian-focus-0-0-1200-850.jpg 1200w\" sizes=\"auto, (max-width: 1024px) 100vw, 1024px\" \/><\/figure>\n\n\n\n<p>(Martha Rodriguez)<\/p>\n\n\n\n<p>Declar\u00f3: \u00abSeguramente lo van a tocar, pero toda la gente lo sabe, fue una&nbsp;venganza&nbsp;pol\u00edtica de Arturo N\u00fa\u00f1ez Jim\u00e9nez en contra de mi padre, de mi familia, fuimos absueltos<\/p>\n\n\n\n<p>Villahermosa, Tabasco a 13 de enero de 2021.- El aspirante del&nbsp;PRI&nbsp;a la diputaci\u00f3n local por el VI Distrito de Centro,&nbsp;Fabi\u00e1n Granier&nbsp;Calles, dejo en claro, no temer que en caso de obtener la&nbsp;candidatura&nbsp;, sus&nbsp;adversarios&nbsp;retomen&nbsp;en su contra el tema del proceso penal que se le inici\u00f3 en la administraci\u00f3n pasada.&nbsp;<\/p>\n\n\n\n<p>Y es que entrevistado por diversos medios de comunicacion, el hijo del ex gobernador, Andr\u00e9s Granier, aclaro que tanto \u00e9l como su padre est\u00e1n absueltos, siendo que dijo, todo fue una \u00abvil\u00bb&nbsp;venganza&nbsp;pol\u00edtica del exmandatario Arturo N\u00fa\u00f1ez.<br>Fabi\u00e1n Granier&nbsp;asegur\u00f3 estar limpio de cualquier delito del que se le haya acusado.&nbsp;<\/p>\n\n\n\n<p>Declar\u00f3: \u00abSeguramente lo van a tocar, pero toda la gente lo sabe, fue una&nbsp;venganza&nbsp;pol\u00edtica de Arturo N\u00fa\u00f1ez Jim\u00e9nez en contra de mi padre, de mi familia, fuimos absueltos. Y todo mundo lo sabe que fue una vil&nbsp;venganza&nbsp;y aqu\u00ed estamos con la frente en alto. Ya estamos sin ning\u00fan problema penal, absueltos, porque todo fue inventado. Que le escarben lo que sea, yo estoy limpio\u00bb.&nbsp;<\/p>\n\n\n\n<p>Hay que recordar que en su momento, a Granier Calles se le acus\u00f3 de la presunta comisi\u00f3n del delito de defraudaci\u00f3n fiscal.&nbsp;<\/p>\n\n\n\n<p>Cuestionado en cuanto a la posibilidad de que su padre participe para buscar la&nbsp;candidatura&nbsp;a la presidencia municipal de Centro, el priista dijo que ese es un cuestionamiento que tendr\u00e1 que responder \u00e9l.&nbsp;<\/p>\n\n\n\n<p>A lo que respondi\u00f3 que \u00abhabr\u00e1 qu\u00edmica en el Centro\u00bb.<\/p>\n","protected":false},"excerpt":{"rendered":"<p>(Martha Rodriguez) Declar\u00f3: \u00abSeguramente lo van a tocar, pero toda la gente lo sabe, fue una&nbsp;venganza&nbsp;pol\u00edtica de Arturo N\u00fa\u00f1ez Jim\u00e9nez en contra de mi padre, de mi familia, fuimos absueltos Villahermosa, Tabasco a 13 de enero de 2021.- El aspirante del&nbsp;PRI&nbsp;a la diputaci\u00f3n local por el VI Distrito de Centro,&nbsp;Fabi\u00e1n Granier&nbsp;Calles, dejo en claro, no [&hellip;]<\/p>\n","protected":false},"author":1,"featured_media":173462,"comment_status":"open","ping_status":"open","sticky":false,"template":"","format":"standard","meta":{"footnotes":""},"categories":[5],"tags":[],"class_list":["post-173461","post","type-post","status-publish","format-standard","has-post-thumbnail","hentry","category-tabasco","entry","has-media"],"jetpack_featured_media_url":"http:\/\/vertienteglobal.com\/wp-content\/uploads\/2021\/01\/fabian-focus-0-0-1200-850.jpg","_links":{"self":[{"href":"http:\/\/vertienteglobal.com\/index.php?rest_route=\/wp\/v2\/posts\/173461","targetHints":{"allow":["GET"]}}],"collection":[{"href":"http:\/\/vertienteglobal.com\/index.php?rest_route=\/wp\/v2\/posts"}],"about":[{"href":"http:\/\/vertienteglobal.com\/index.php?rest_route=\/wp\/v2\/types\/post"}],"author":[{"embeddable":true,"href":"http:\/\/vertienteglobal.com\/index.php?rest_route=\/wp\/v2\/users\/1"}],"replies":[{"embeddable":true,"href":"http:\/\/vertienteglobal.com\/index.php?rest_route=%2Fwp%2Fv2%2Fcomments&post=173461"}],"version-history":[{"count":0,"href":"http:\/\/vertienteglobal.com\/index.php?rest_route=\/wp\/v2\/posts\/173461\/revisions"}],"wp:featuredmedia":[{"embeddable":true,"href":"http:\/\/vertienteglobal.com\/index.php?rest_route=\/wp\/v2\/media\/173462"}],"wp:attachment":[{"href":"http:\/\/vertienteglobal.com\/index.php?rest_route=%2Fwp%2Fv2%2Fmedia&parent=173461"}],"wp:term":[{"taxonomy":"category","embeddable":true,"href":"http:\/\/vertienteglobal.com\/index.php?rest_route=%2Fwp%2Fv2%2Fcategories&post=173461"},{"taxonomy":"post_tag","embeddable":true,"href":"http:\/\/vertienteglobal.com\/index.php?rest_route=%2Fwp%2Fv2%2Ftags&post=173461"}],"curies":[{"name":"wp","href":"https:\/\/api.w.org\/{rel}","templated":true}]}}