{"id":172973,"date":"2021-01-05T17:27:00","date_gmt":"2021-01-05T23:27:00","guid":{"rendered":"http:\/\/vertienteglobal.com\/?p=172973"},"modified":"2021-01-05T21:29:17","modified_gmt":"2021-01-06T03:29:17","slug":"asi-sera-el-regreso-a-clases","status":"publish","type":"post","link":"http:\/\/vertienteglobal.com\/?p=172973","title":{"rendered":"As\u00ed ser\u00e1 el regreso a clases"},"content":{"rendered":"\n<div class=\"twitterbutton\" style=\"float: right; padding-left: 5px;\"><a href=\"http:\/\/twitter.com\/share\" class=\"twitter-share-button\" data-count=\"horizontal\" data-text=\"As\u00ed ser\u00e1 el regreso a clases\" data-via=\"https:\/\/twitter.com\/VertienteGloba1\" data-url=\"http:\/\/vertienteglobal.com\/?p=172973\" data-lang=\"es\" data-related=\"Informaci\u00f3n general:S\u00edguenos para que est\u00e9ss informado\"><\/a><\/div>\n<figure class=\"wp-block-image size-large\"><img loading=\"lazy\" decoding=\"async\" width=\"1024\" height=\"683\" src=\"http:\/\/vertienteglobal.com\/wp-content\/uploads\/2021\/01\/IMG-20210105-WA0069.jpg\" alt=\"\" class=\"wp-image-172974\" srcset=\"http:\/\/vertienteglobal.com\/wp-content\/uploads\/2021\/01\/IMG-20210105-WA0069.jpg 1024w, http:\/\/vertienteglobal.com\/wp-content\/uploads\/2021\/01\/IMG-20210105-WA0069-300x200.jpg 300w, http:\/\/vertienteglobal.com\/wp-content\/uploads\/2021\/01\/IMG-20210105-WA0069-150x100.jpg 150w, http:\/\/vertienteglobal.com\/wp-content\/uploads\/2021\/01\/IMG-20210105-WA0069-768x512.jpg 768w\" sizes=\"auto, (max-width: 1024px) 100vw, 1024px\" \/><\/figure>\n\n\n\n<p>(Redacci\u00f3n)<\/p>\n\n\n\n<p>Esteban Moctezuma, declar\u00f3 durante los primeros d\u00edas de diciembre lo anterior, agregando que en los estados en color amarillo podr\u00edan tener asesor\u00edas, pero que en ambos casos, el regreso ser\u00eda voluntario<\/p>\n\n\n\n<p>Ciudad de Mexico a 05 de enero de 2021.- El pr\u00f3ximo lunes 11 de enero de 2021 volver\u00e1n a clases presenciales, en los estados que se encuentran en sem\u00e1foro verde epidemiol\u00f3gico por el COVID-19, de acuerdo con la Secretar\u00eda de Educaci\u00f3n P\u00fablica (SEP).<\/p>\n\n\n\n<p>El entonces titular de la SEP, Esteban Moctezuma, declar\u00f3 durante los primeros d\u00edas de diciembre lo anterior, agregando que en los estados en color amarillo podr\u00edan tener asesor\u00edas, pero que en ambos casos, el regreso ser\u00eda voluntario.<\/p>\n\n\n\n<p>Cabe se\u00f1alar que al momento, la SEP no ha presentado a\u00fan el plan de regreso a clases para los estados que se encuentran en verde, como son Campeche y Chiapas, \u00fanicamente, mientras que en Jalisco, el gobernador Enrique Alfaro, inform\u00f3 que el 25 de enero las ni\u00f1as y los ni\u00f1os podr\u00e1n volver a clases presenciales, si sus padres y madres as\u00ed lo deciden o eligen continuar de manera virtual. (Fuente: El Financiero)<\/p>\n","protected":false},"excerpt":{"rendered":"<p>(Redacci\u00f3n) Esteban Moctezuma, declar\u00f3 durante los primeros d\u00edas de diciembre lo anterior, agregando que en los estados en color amarillo podr\u00edan tener asesor\u00edas, pero que en ambos casos, el regreso ser\u00eda voluntario Ciudad de Mexico a 05 de enero de 2021.- El pr\u00f3ximo lunes 11 de enero de 2021 volver\u00e1n a clases presenciales, en los [&hellip;]<\/p>\n","protected":false},"author":1,"featured_media":172974,"comment_status":"open","ping_status":"open","sticky":false,"template":"","format":"standard","meta":{"footnotes":""},"categories":[9,8],"tags":[],"class_list":["post-172973","post","type-post","status-publish","format-standard","has-post-thumbnail","hentry","category-educacion","category-pais","entry","has-media"],"jetpack_featured_media_url":"http:\/\/vertienteglobal.com\/wp-content\/uploads\/2021\/01\/IMG-20210105-WA0069.jpg","_links":{"self":[{"href":"http:\/\/vertienteglobal.com\/index.php?rest_route=\/wp\/v2\/posts\/172973","targetHints":{"allow":["GET"]}}],"collection":[{"href":"http:\/\/vertienteglobal.com\/index.php?rest_route=\/wp\/v2\/posts"}],"about":[{"href":"http:\/\/vertienteglobal.com\/index.php?rest_route=\/wp\/v2\/types\/post"}],"author":[{"embeddable":true,"href":"http:\/\/vertienteglobal.com\/index.php?rest_route=\/wp\/v2\/users\/1"}],"replies":[{"embeddable":true,"href":"http:\/\/vertienteglobal.com\/index.php?rest_route=%2Fwp%2Fv2%2Fcomments&post=172973"}],"version-history":[{"count":0,"href":"http:\/\/vertienteglobal.com\/index.php?rest_route=\/wp\/v2\/posts\/172973\/revisions"}],"wp:featuredmedia":[{"embeddable":true,"href":"http:\/\/vertienteglobal.com\/index.php?rest_route=\/wp\/v2\/media\/172974"}],"wp:attachment":[{"href":"http:\/\/vertienteglobal.com\/index.php?rest_route=%2Fwp%2Fv2%2Fmedia&parent=172973"}],"wp:term":[{"taxonomy":"category","embeddable":true,"href":"http:\/\/vertienteglobal.com\/index.php?rest_route=%2Fwp%2Fv2%2Fcategories&post=172973"},{"taxonomy":"post_tag","embeddable":true,"href":"http:\/\/vertienteglobal.com\/index.php?rest_route=%2Fwp%2Fv2%2Ftags&post=172973"}],"curies":[{"name":"wp","href":"https:\/\/api.w.org\/{rel}","templated":true}]}}