{"id":172944,"date":"2021-01-04T20:10:00","date_gmt":"2021-01-05T02:10:00","guid":{"rendered":"http:\/\/vertienteglobal.com\/?p=172944"},"modified":"2021-01-04T20:40:08","modified_gmt":"2021-01-05T02:40:08","slug":"si-no-pagaste-derecho-vehicular-2020-podras-hacerlo-este-ano-sin-recargos-y-multas","status":"publish","type":"post","link":"http:\/\/vertienteglobal.com\/?p=172944","title":{"rendered":"Si no pagaste derecho vehicular 2020 podr\u00e1s hacerlo este a\u00f1o sin recargos y multas"},"content":{"rendered":"\n<div class=\"twitterbutton\" style=\"float: right; padding-left: 5px;\"><a href=\"http:\/\/twitter.com\/share\" class=\"twitter-share-button\" data-count=\"horizontal\" data-text=\"Si no pagaste derecho vehicular 2020 podr\u00e1s hacerlo este a\u00f1o sin recargos y mu...\" data-via=\"https:\/\/twitter.com\/VertienteGloba1\" data-url=\"http:\/\/vertienteglobal.com\/?p=172944\" data-lang=\"es\" data-related=\"Informaci\u00f3n general:S\u00edguenos para que est\u00e9ss informado\"><\/a><\/div>\n<figure class=\"wp-block-image size-large\"><img loading=\"lazy\" decoding=\"async\" width=\"1024\" height=\"660\" src=\"http:\/\/vertienteglobal.com\/wp-content\/uploads\/2021\/01\/1137887.jpg\" alt=\"\" class=\"wp-image-172945\" srcset=\"http:\/\/vertienteglobal.com\/wp-content\/uploads\/2021\/01\/1137887.jpg 1024w, http:\/\/vertienteglobal.com\/wp-content\/uploads\/2021\/01\/1137887-300x193.jpg 300w, http:\/\/vertienteglobal.com\/wp-content\/uploads\/2021\/01\/1137887-150x97.jpg 150w, http:\/\/vertienteglobal.com\/wp-content\/uploads\/2021\/01\/1137887-768x495.jpg 768w\" sizes=\"auto, (max-width: 1024px) 100vw, 1024px\" \/><\/figure>\n\n\n\n<p>(Redacci\u00f3n)<\/p>\n\n\n\n<p>Las personas deben ingresar a la p\u00e1gina Oficina Virtual de Hacienda, poner la placa y el n\u00famero de serie<\/p>\n\n\n\n<p>Xalapa, Veracruz, a 04 de enero de 2021.- Ricardo Rodr\u00edguez, subsecretario de ingresos de la secretar\u00eda de Finanzas del estado, coment\u00f3 que si algun automovilista no pudo pagar el derecho vehicular en 2020 podr\u00e1 hacerlo este a\u00f1o sin recargos y multas.<\/p>\n\n\n\n<p>Y es que entrevistado en xeu Noticias, el subsecretario, se\u00f1al\u00f3 que, \u00aba los automovilistas se les est\u00e1 ayudando para los que no pudieron cubrir el derecho vehicular en el 2020, para cubrirlo este a\u00f1o sin que les refleje el subsidio a la tenencia. Si alguien no pudo pagar el derecho vehicular el a\u00f1o pasado, este a\u00f1o lo podr\u00e1 hacer sin recargos y multas, a su vez el derecho vehicular del 2021 y podr\u00e1 ser acreedor al subsidio a la tenencia\u00bb.<\/p>\n\n\n\n<p>Para conocer el monto, las personas deben ingresar a la p\u00e1gina Oficina Virtual de Hacienda, poner la placa y el n\u00famero de serie.<\/p>\n\n\n\n<p>\u00abLas multas y recargos se van a condonar, el tramite que deben hacer es deben ingresar a la pagina ovh, poner placa y n\u00famero de serie y en autom\u00e1tico va a salir el monto a pagar, si solo deben 2020 y 2021 lo que se les har\u00e1 es pagar los dos derechos vehiculares del 2020 y 2021 y la tenencia se les resta de manera autom\u00e1tica por el subsidio\u00bb.<\/p>\n\n\n\n<p>En este sentido, coment\u00f3 que solo se podr\u00e1 condonar 2020 y 2021, por lo que las personas que deban a\u00f1os anteriores deber\u00e1n pagar la tenencia correspondiente.<\/p>\n\n\n\n<p>\u00abLos que deb\u00edan a\u00f1os anteriores, el a\u00f1o pasado tuvimos el programa para regularizarse que dur\u00f3 hasta febrero si deb\u00edas a\u00f1os anteriores, sino te pusiste al corriente este a\u00f1o tendr\u00e1s que pagar la tenencia que se deba\u00bb.<\/p>\n","protected":false},"excerpt":{"rendered":"<p>(Redacci\u00f3n) Las personas deben ingresar a la p\u00e1gina Oficina Virtual de Hacienda, poner la placa y el n\u00famero de serie Xalapa, Veracruz, a 04 de enero de 2021.- Ricardo Rodr\u00edguez, subsecretario de ingresos de la secretar\u00eda de Finanzas del estado, coment\u00f3 que si algun automovilista no pudo pagar el derecho vehicular en 2020 podr\u00e1 hacerlo [&hellip;]<\/p>\n","protected":false},"author":1,"featured_media":172945,"comment_status":"open","ping_status":"open","sticky":false,"template":"","format":"standard","meta":{"footnotes":""},"categories":[7],"tags":[],"class_list":["post-172944","post","type-post","status-publish","format-standard","has-post-thumbnail","hentry","category-veracruz","entry","has-media"],"jetpack_featured_media_url":"http:\/\/vertienteglobal.com\/wp-content\/uploads\/2021\/01\/1137887.jpg","_links":{"self":[{"href":"http:\/\/vertienteglobal.com\/index.php?rest_route=\/wp\/v2\/posts\/172944","targetHints":{"allow":["GET"]}}],"collection":[{"href":"http:\/\/vertienteglobal.com\/index.php?rest_route=\/wp\/v2\/posts"}],"about":[{"href":"http:\/\/vertienteglobal.com\/index.php?rest_route=\/wp\/v2\/types\/post"}],"author":[{"embeddable":true,"href":"http:\/\/vertienteglobal.com\/index.php?rest_route=\/wp\/v2\/users\/1"}],"replies":[{"embeddable":true,"href":"http:\/\/vertienteglobal.com\/index.php?rest_route=%2Fwp%2Fv2%2Fcomments&post=172944"}],"version-history":[{"count":0,"href":"http:\/\/vertienteglobal.com\/index.php?rest_route=\/wp\/v2\/posts\/172944\/revisions"}],"wp:featuredmedia":[{"embeddable":true,"href":"http:\/\/vertienteglobal.com\/index.php?rest_route=\/wp\/v2\/media\/172945"}],"wp:attachment":[{"href":"http:\/\/vertienteglobal.com\/index.php?rest_route=%2Fwp%2Fv2%2Fmedia&parent=172944"}],"wp:term":[{"taxonomy":"category","embeddable":true,"href":"http:\/\/vertienteglobal.com\/index.php?rest_route=%2Fwp%2Fv2%2Fcategories&post=172944"},{"taxonomy":"post_tag","embeddable":true,"href":"http:\/\/vertienteglobal.com\/index.php?rest_route=%2Fwp%2Fv2%2Ftags&post=172944"}],"curies":[{"name":"wp","href":"https:\/\/api.w.org\/{rel}","templated":true}]}}