{"id":172863,"date":"2021-01-04T13:59:00","date_gmt":"2021-01-04T19:59:00","guid":{"rendered":"http:\/\/vertienteglobal.com\/?p=172863"},"modified":"2021-01-04T17:01:15","modified_gmt":"2021-01-04T23:01:15","slug":"hay-altas-posibilidades-de-regresar-a-semaforo-rojo-por-ello-habra-nuevas-medidas-de-restriccion-en-tabasco-adan-augusto","status":"publish","type":"post","link":"http:\/\/vertienteglobal.com\/?p=172863","title":{"rendered":"Hay &#8216;altas posibilidades&#8217; de regresar a Sem\u00e1foro Rojo; por ello, habr\u00e1 nuevas medidas de restricci\u00f3n en Tabasco: Ad\u00e1n Augusto"},"content":{"rendered":"\n<div class=\"twitterbutton\" style=\"float: right; padding-left: 5px;\"><a href=\"http:\/\/twitter.com\/share\" class=\"twitter-share-button\" data-count=\"horizontal\" data-text=\"Hay &#8216;altas posibilidades&#8217; de regresar a Sem\u00e1foro Rojo; por ello, ha...\" data-via=\"https:\/\/twitter.com\/VertienteGloba1\" data-url=\"http:\/\/vertienteglobal.com\/?p=172863\" data-lang=\"es\" data-related=\"Informaci\u00f3n general:S\u00edguenos para que est\u00e9ss informado\"><\/a><\/div>\n<figure class=\"wp-block-image size-large\"><img loading=\"lazy\" decoding=\"async\" width=\"1024\" height=\"576\" src=\"http:\/\/vertienteglobal.com\/wp-content\/uploads\/2021\/01\/IMG-20210104-WA0023.jpg\" alt=\"\" class=\"wp-image-172864\" srcset=\"http:\/\/vertienteglobal.com\/wp-content\/uploads\/2021\/01\/IMG-20210104-WA0023.jpg 1024w, http:\/\/vertienteglobal.com\/wp-content\/uploads\/2021\/01\/IMG-20210104-WA0023-300x169.jpg 300w, http:\/\/vertienteglobal.com\/wp-content\/uploads\/2021\/01\/IMG-20210104-WA0023-150x84.jpg 150w, http:\/\/vertienteglobal.com\/wp-content\/uploads\/2021\/01\/IMG-20210104-WA0023-768x432.jpg 768w\" sizes=\"auto, (max-width: 1024px) 100vw, 1024px\" \/><\/figure>\n\n\n\n<p>(Martha Rodriguez)<\/p>\n\n\n\n<p>Afirm\u00f3 que se revisar\u00e1 el decreto por el que se determinaron medidas restrictivas para reducir la movilidad en el mes de diciembre y el martes o mi\u00e9rcoles ser\u00e1 actualizado con nuevas disposiciones<\/p>\n\n\n\n<p>Villahermosa, Tabasco a 04 de enero de 2021.- El gobernador Ad\u00e1n Augusto L\u00f3pez Hern\u00e1ndez, dejo en clar\u00f3 que Tabasco se mantiene en alto riesgo en el Sem\u00e1foro Epidemiol\u00f3gico Nacional de COVID-19, por lo que hay &#8216;altas posibilidades&#8217; de volver al color rojo.<\/p>\n\n\n\n<p>Y es que entrevistado por diversos medios de comunicacion, el Jefe del Ejecutivo Estado, se\u00f1al\u00f3 que se revisar\u00e1 el decreto por el que se determinaron medidas restrictivas para reducir la movilidad en el mes de diciembre y el martes o mi\u00e9rcoles ser\u00e1 actualizado con nuevas disposiciones.<\/p>\n\n\n\n<p>Resalt\u00f3 que el estado sigue en naranja, por lo que exhort\u00f3 a los ciudadanos a seguir cuid\u00e1ndose usando cubrebocas, evitando salir si no es necesario y manteniendo la sana distancia.&nbsp;<\/p>\n\n\n\n<p>El.mandatario estatal, sostuvo que no los puede tachar de &#8216;irresponsables&#8217;, pero hay muchos que en lugar de quedarse en casa, se fueron a otros estados a pasar las vacaciones de fin de a\u00f1o.<\/p>\n\n\n\n<p>Agrego que esa movilidad no ayuda a disminuir la cifra de contagios, pues la gente relaja medidas sanitarias en esos lugares e incluso tambi\u00e9n al hacer reuniones familiares.&nbsp;<\/p>\n","protected":false},"excerpt":{"rendered":"<p>(Martha Rodriguez) Afirm\u00f3 que se revisar\u00e1 el decreto por el que se determinaron medidas restrictivas para reducir la movilidad en el mes de diciembre y el martes o mi\u00e9rcoles ser\u00e1 actualizado con nuevas disposiciones Villahermosa, Tabasco a 04 de enero de 2021.- El gobernador Ad\u00e1n Augusto L\u00f3pez Hern\u00e1ndez, dejo en clar\u00f3 que Tabasco se mantiene [&hellip;]<\/p>\n","protected":false},"author":1,"featured_media":172864,"comment_status":"open","ping_status":"open","sticky":false,"template":"","format":"standard","meta":{"footnotes":""},"categories":[5],"tags":[],"class_list":["post-172863","post","type-post","status-publish","format-standard","has-post-thumbnail","hentry","category-tabasco","entry","has-media"],"jetpack_featured_media_url":"http:\/\/vertienteglobal.com\/wp-content\/uploads\/2021\/01\/IMG-20210104-WA0023.jpg","_links":{"self":[{"href":"http:\/\/vertienteglobal.com\/index.php?rest_route=\/wp\/v2\/posts\/172863","targetHints":{"allow":["GET"]}}],"collection":[{"href":"http:\/\/vertienteglobal.com\/index.php?rest_route=\/wp\/v2\/posts"}],"about":[{"href":"http:\/\/vertienteglobal.com\/index.php?rest_route=\/wp\/v2\/types\/post"}],"author":[{"embeddable":true,"href":"http:\/\/vertienteglobal.com\/index.php?rest_route=\/wp\/v2\/users\/1"}],"replies":[{"embeddable":true,"href":"http:\/\/vertienteglobal.com\/index.php?rest_route=%2Fwp%2Fv2%2Fcomments&post=172863"}],"version-history":[{"count":0,"href":"http:\/\/vertienteglobal.com\/index.php?rest_route=\/wp\/v2\/posts\/172863\/revisions"}],"wp:featuredmedia":[{"embeddable":true,"href":"http:\/\/vertienteglobal.com\/index.php?rest_route=\/wp\/v2\/media\/172864"}],"wp:attachment":[{"href":"http:\/\/vertienteglobal.com\/index.php?rest_route=%2Fwp%2Fv2%2Fmedia&parent=172863"}],"wp:term":[{"taxonomy":"category","embeddable":true,"href":"http:\/\/vertienteglobal.com\/index.php?rest_route=%2Fwp%2Fv2%2Fcategories&post=172863"},{"taxonomy":"post_tag","embeddable":true,"href":"http:\/\/vertienteglobal.com\/index.php?rest_route=%2Fwp%2Fv2%2Ftags&post=172863"}],"curies":[{"name":"wp","href":"https:\/\/api.w.org\/{rel}","templated":true}]}}