{"id":172783,"date":"2021-01-03T17:50:00","date_gmt":"2021-01-03T23:50:00","guid":{"rendered":"http:\/\/vertienteglobal.com\/?p=172783"},"modified":"2021-01-03T20:19:26","modified_gmt":"2021-01-04T02:19:26","slug":"cancun-esta-de-pie-y-avanza-rn-recuperacion-turistica","status":"publish","type":"post","link":"http:\/\/vertienteglobal.com\/?p=172783","title":{"rendered":"Canc\u00fan est\u00e1 de pie y avanza rn recuperaci\u00f3n tur\u00edstica"},"content":{"rendered":"\n<div class=\"twitterbutton\" style=\"float: right; padding-left: 5px;\"><a href=\"http:\/\/twitter.com\/share\" class=\"twitter-share-button\" data-count=\"horizontal\" data-text=\"Canc\u00fan est\u00e1 de pie y avanza rn recuperaci\u00f3n tur\u00edstica\" data-via=\"https:\/\/twitter.com\/VertienteGloba1\" data-url=\"http:\/\/vertienteglobal.com\/?p=172783\" data-lang=\"es\" data-related=\"Informaci\u00f3n general:S\u00edguenos para que est\u00e9ss informado\"><\/a><\/div>\n<figure class=\"wp-block-image size-large\"><img loading=\"lazy\" decoding=\"async\" width=\"1024\" height=\"826\" src=\"http:\/\/vertienteglobal.com\/wp-content\/uploads\/2021\/01\/01_CANCUN-ESTA-DE-PIE-Y-AVANZA-EN-RECUPERACION-TURISTICA-scaled-1-1024x826.jpeg\" alt=\"\" class=\"wp-image-172784\" srcset=\"http:\/\/vertienteglobal.com\/wp-content\/uploads\/2021\/01\/01_CANCUN-ESTA-DE-PIE-Y-AVANZA-EN-RECUPERACION-TURISTICA-scaled-1-1024x826.jpeg 1024w, http:\/\/vertienteglobal.com\/wp-content\/uploads\/2021\/01\/01_CANCUN-ESTA-DE-PIE-Y-AVANZA-EN-RECUPERACION-TURISTICA-scaled-1-300x242.jpeg 300w, http:\/\/vertienteglobal.com\/wp-content\/uploads\/2021\/01\/01_CANCUN-ESTA-DE-PIE-Y-AVANZA-EN-RECUPERACION-TURISTICA-scaled-1-150x121.jpeg 150w, http:\/\/vertienteglobal.com\/wp-content\/uploads\/2021\/01\/01_CANCUN-ESTA-DE-PIE-Y-AVANZA-EN-RECUPERACION-TURISTICA-scaled-1-768x620.jpeg 768w, http:\/\/vertienteglobal.com\/wp-content\/uploads\/2021\/01\/01_CANCUN-ESTA-DE-PIE-Y-AVANZA-EN-RECUPERACION-TURISTICA-scaled-1-1536x1240.jpeg 1536w, http:\/\/vertienteglobal.com\/wp-content\/uploads\/2021\/01\/01_CANCUN-ESTA-DE-PIE-Y-AVANZA-EN-RECUPERACION-TURISTICA-scaled-1.jpeg 1700w\" sizes=\"auto, (max-width: 1024px) 100vw, 1024px\" \/><\/figure>\n\n\n\n<p>(Antonio Rivera)<\/p>\n\n\n\n<p>La Primera Autoridad Municipal destac\u00f3 que el mercado nacional fue pieza fundamental para la recuperaci\u00f3n del turismo ya que con base en datos de la Direcci\u00f3n General de Turismo Municipal, el 55.3 por ciento del mercado tur\u00edstico para Canc\u00fan son provenientes de M\u00e9xico; seguidos por los estadounidenses con 42 por ciento y por turistas provenientes de Canad\u00e1 que representaron el 1.7 por ciento<\/p>\n\n\n\n<p>Canc\u00fan, Quintana Roo, a 03 de enero de 2021.- Derivado del trabajo coordinado entre el gobierno municipal, sector privado y la ciudadan\u00eda, Canc\u00fan avanza a paso firme en la recuperaci\u00f3n tur\u00edstica y cerr\u00f3 2020 con cifras positivas, llegando en los \u00faltimos d\u00edas de diciembre a 54.2 por ciento de ocupaci\u00f3n hotelera, refrendando su posici\u00f3n como l\u00edder del sector en Latinoam\u00e9rica.<\/p>\n\n\n\n<p>\u201cA pesar de que la pandemia de COVID-19 afect\u00f3 al turismo a nivel mundial, en Canc\u00fan, la uni\u00f3n de diversos sectores est\u00e1 permitiendo que el gigante se mantenga de pie, que avancemos en la recuperaci\u00f3n y reactivaci\u00f3n econ\u00f3mica preponderando siempre la salud\u201d, afirm\u00f3 la Presidente Municipal Mara Lezama.<\/p>\n\n\n\n<p>Afirm\u00f3 que gracias a la implementaci\u00f3n de protocolos sanitarios internacionales y ser el primer destino certificado con el sello \u201cSafe Travels\u201d, otorgado por el Consejo Mundial de Viajes y Turismo (WTTC por sus siglas en ingl\u00e9s), se logr\u00f3 reforzar la confianza de turistas nacionales y extranjeros que a partir de que el sem\u00e1foro epidemiol\u00f3gico estatal lo permiti\u00f3, comenzaron a visitar el destino.<\/p>\n\n\n\n<p>La Primera Autoridad Municipal destac\u00f3 que el mercado nacional fue pieza fundamental para la recuperaci\u00f3n del turismo ya que con base en datos de la Direcci\u00f3n General de Turismo Municipal, el 55.3 por ciento del mercado tur\u00edstico para Canc\u00fan son provenientes de M\u00e9xico; seguidos por los estadounidenses con 42 por ciento y por turistas provenientes de Canad\u00e1 que representaron el 1.7 por ciento.<\/p>\n\n\n\n<p>Asimismo, detall\u00f3 que la conectividad del Aeropuerto Internacional de Canc\u00fan permiti\u00f3 durante todo el a\u00f1o recibir a 12 millones 373 mil 291 viajeros, siendo que estos \u00faltimos d\u00edas del a\u00f1o, se programan de forma diaria m\u00e1s de 400 operaciones a\u00e9reas.<\/p>\n\n\n\n<p>La Primera Edil destac\u00f3 que Benito Ju\u00e1rez, a pesar de que durante la contingencia sanitaria el n\u00famero de hoteles abiertos tanto en la Zona Hotelera como en el Centro de la ciudad disminuy\u00f3 de forma considerable, de acuerdo a la informaci\u00f3n de Turismo Municipal actualmente 145 hoteles se encuentran operando al 60 por ciento de capacidad de acuerdo al sem\u00e1foro epidemiol\u00f3gico estatal, contando en total con una infraestructura hotelera de 35 mil habitaciones.<\/p>\n\n\n\n<p>Adem\u00e1s, Mara Lezama reconoci\u00f3 que gracias a los esfuerzos de la Zona Federal Mar\u00edtimo Terrestre (Zofemat), este a\u00f1o se increment\u00f3 a 35 los distintivos Blue Flag en el destino, lo que promueve el desarrollo sostenible en las playas y embarcaciones de Canc\u00fan.<\/p>\n\n\n\n<p>En total, se cuenta con siete certificaciones Blue Flag en arenales p\u00fablicos y tres en playas concesionadas, con lo que se reconoce su belleza a nivel internacional y genera confianza en los turistas para visitar este destino de manera repetitiva.<\/p>\n\n\n\n<p>Adicionalmente, Benito Ju\u00e1rez se coloc\u00f3 como el primer lugar a nivel internacional en Embarcaciones de Turismo Sostenible, certificando por primera ocasi\u00f3n a 25 embarcaciones que ofrecen de manera responsable sus servicios tur\u00edsticos.<\/p>\n\n\n\n<figure class=\"wp-block-image size-large\"><img loading=\"lazy\" decoding=\"async\" width=\"1024\" height=\"658\" src=\"http:\/\/vertienteglobal.com\/wp-content\/uploads\/2021\/01\/02_CANCUN-ESTA-DE-PIE-Y-AVANZA-EN-RECUPERACION-TURISTICA-1024x658.jpeg\" alt=\"\" class=\"wp-image-172785\" srcset=\"http:\/\/vertienteglobal.com\/wp-content\/uploads\/2021\/01\/02_CANCUN-ESTA-DE-PIE-Y-AVANZA-EN-RECUPERACION-TURISTICA-1024x658.jpeg 1024w, http:\/\/vertienteglobal.com\/wp-content\/uploads\/2021\/01\/02_CANCUN-ESTA-DE-PIE-Y-AVANZA-EN-RECUPERACION-TURISTICA-300x193.jpeg 300w, http:\/\/vertienteglobal.com\/wp-content\/uploads\/2021\/01\/02_CANCUN-ESTA-DE-PIE-Y-AVANZA-EN-RECUPERACION-TURISTICA-150x96.jpeg 150w, http:\/\/vertienteglobal.com\/wp-content\/uploads\/2021\/01\/02_CANCUN-ESTA-DE-PIE-Y-AVANZA-EN-RECUPERACION-TURISTICA-768x494.jpeg 768w, http:\/\/vertienteglobal.com\/wp-content\/uploads\/2021\/01\/02_CANCUN-ESTA-DE-PIE-Y-AVANZA-EN-RECUPERACION-TURISTICA.jpeg 1280w\" sizes=\"auto, (max-width: 1024px) 100vw, 1024px\" \/><\/figure>\n\n\n\n<figure class=\"wp-block-image size-large\"><img loading=\"lazy\" decoding=\"async\" width=\"1024\" height=\"662\" src=\"http:\/\/vertienteglobal.com\/wp-content\/uploads\/2021\/01\/03_CANCUN-ESTA-DE-PIE-Y-AVANZA-EN-RECUPERACION-TURISTICA-1024x662.jpeg\" alt=\"\" class=\"wp-image-172786\" srcset=\"http:\/\/vertienteglobal.com\/wp-content\/uploads\/2021\/01\/03_CANCUN-ESTA-DE-PIE-Y-AVANZA-EN-RECUPERACION-TURISTICA-1024x662.jpeg 1024w, http:\/\/vertienteglobal.com\/wp-content\/uploads\/2021\/01\/03_CANCUN-ESTA-DE-PIE-Y-AVANZA-EN-RECUPERACION-TURISTICA-300x194.jpeg 300w, http:\/\/vertienteglobal.com\/wp-content\/uploads\/2021\/01\/03_CANCUN-ESTA-DE-PIE-Y-AVANZA-EN-RECUPERACION-TURISTICA-150x97.jpeg 150w, http:\/\/vertienteglobal.com\/wp-content\/uploads\/2021\/01\/03_CANCUN-ESTA-DE-PIE-Y-AVANZA-EN-RECUPERACION-TURISTICA-768x496.jpeg 768w, http:\/\/vertienteglobal.com\/wp-content\/uploads\/2021\/01\/03_CANCUN-ESTA-DE-PIE-Y-AVANZA-EN-RECUPERACION-TURISTICA.jpeg 1280w\" sizes=\"auto, (max-width: 1024px) 100vw, 1024px\" \/><\/figure>\n","protected":false},"excerpt":{"rendered":"<p>(Antonio Rivera) La Primera Autoridad Municipal destac\u00f3 que el mercado nacional fue pieza fundamental para la recuperaci\u00f3n del turismo ya que con base en datos de la Direcci\u00f3n General de Turismo Municipal, el 55.3 por ciento del mercado tur\u00edstico para Canc\u00fan son provenientes de M\u00e9xico; seguidos por los estadounidenses con 42 por ciento y por [&hellip;]<\/p>\n","protected":false},"author":1,"featured_media":172784,"comment_status":"open","ping_status":"open","sticky":false,"template":"","format":"standard","meta":{"footnotes":""},"categories":[3],"tags":[],"class_list":["post-172783","post","type-post","status-publish","format-standard","has-post-thumbnail","hentry","category-quintana-roo","entry","has-media"],"jetpack_featured_media_url":"http:\/\/vertienteglobal.com\/wp-content\/uploads\/2021\/01\/01_CANCUN-ESTA-DE-PIE-Y-AVANZA-EN-RECUPERACION-TURISTICA-scaled-1.jpeg","_links":{"self":[{"href":"http:\/\/vertienteglobal.com\/index.php?rest_route=\/wp\/v2\/posts\/172783","targetHints":{"allow":["GET"]}}],"collection":[{"href":"http:\/\/vertienteglobal.com\/index.php?rest_route=\/wp\/v2\/posts"}],"about":[{"href":"http:\/\/vertienteglobal.com\/index.php?rest_route=\/wp\/v2\/types\/post"}],"author":[{"embeddable":true,"href":"http:\/\/vertienteglobal.com\/index.php?rest_route=\/wp\/v2\/users\/1"}],"replies":[{"embeddable":true,"href":"http:\/\/vertienteglobal.com\/index.php?rest_route=%2Fwp%2Fv2%2Fcomments&post=172783"}],"version-history":[{"count":0,"href":"http:\/\/vertienteglobal.com\/index.php?rest_route=\/wp\/v2\/posts\/172783\/revisions"}],"wp:featuredmedia":[{"embeddable":true,"href":"http:\/\/vertienteglobal.com\/index.php?rest_route=\/wp\/v2\/media\/172784"}],"wp:attachment":[{"href":"http:\/\/vertienteglobal.com\/index.php?rest_route=%2Fwp%2Fv2%2Fmedia&parent=172783"}],"wp:term":[{"taxonomy":"category","embeddable":true,"href":"http:\/\/vertienteglobal.com\/index.php?rest_route=%2Fwp%2Fv2%2Fcategories&post=172783"},{"taxonomy":"post_tag","embeddable":true,"href":"http:\/\/vertienteglobal.com\/index.php?rest_route=%2Fwp%2Fv2%2Ftags&post=172783"}],"curies":[{"name":"wp","href":"https:\/\/api.w.org\/{rel}","templated":true}]}}