{"id":172580,"date":"2020-12-28T13:49:00","date_gmt":"2020-12-28T19:49:00","guid":{"rendered":"http:\/\/vertienteglobal.com\/?p=172580"},"modified":"2020-12-28T18:51:00","modified_gmt":"2020-12-29T00:51:00","slug":"lamenta-el-gobernador-de-yucatan-mauricio-vila-fallecimiento-de-armando-manzanero","status":"publish","type":"post","link":"http:\/\/vertienteglobal.com\/?p=172580","title":{"rendered":"Lamenta el gobernador de Yucat\u00e1n, Mauricio Vila fallecimiento de Armando Manzanero"},"content":{"rendered":"\n<div class=\"twitterbutton\" style=\"float: right; padding-left: 5px;\"><a href=\"http:\/\/twitter.com\/share\" class=\"twitter-share-button\" data-count=\"horizontal\" data-text=\"Lamenta el gobernador de Yucat\u00e1n, Mauricio Vila fallecimiento de Armando Manzan...\" data-via=\"https:\/\/twitter.com\/VertienteGloba1\" data-url=\"http:\/\/vertienteglobal.com\/?p=172580\" data-lang=\"es\" data-related=\"Informaci\u00f3n general:S\u00edguenos para que est\u00e9ss informado\"><\/a><\/div>\n<figure class=\"wp-block-image size-large\"><img loading=\"lazy\" decoding=\"async\" width=\"600\" height=\"399\" src=\"http:\/\/vertienteglobal.com\/wp-content\/uploads\/2020\/12\/IMG_20201228_194833.jpg\" alt=\"\" class=\"wp-image-172581\" srcset=\"http:\/\/vertienteglobal.com\/wp-content\/uploads\/2020\/12\/IMG_20201228_194833.jpg 600w, http:\/\/vertienteglobal.com\/wp-content\/uploads\/2020\/12\/IMG_20201228_194833-300x200.jpg 300w, http:\/\/vertienteglobal.com\/wp-content\/uploads\/2020\/12\/IMG_20201228_194833-150x100.jpg 150w\" sizes=\"auto, (max-width: 600px) 100vw, 600px\" \/><\/figure>\n\n\n\n<p>(Redacci\u00f3n)<\/p>\n\n\n\n<p>Yucateco universal que siempre trasmiti\u00f3 y promovi\u00f3 con sensibilidad especial su orgullo por sus or\u00edgenes, nuestra tierra, nuestras tradiciones y nuestra cultura, indic\u00f3<\/p>\n\n\n\n<p>M\u00e9rida, Yucat\u00e1n, 28 de diciembre de 2020.- Los yucatecos estamos de luto. El d\u00eda de hoy amanecimos con la muy triste y lamentable noticia del fallecimiento del Maestro Don Armando Manzanero, compositor y cantante que nos deja un invaluable legado art\u00edstico que se suma a nuestro acervo cultural, con la seguridad de que sus aportaciones son universales y que, con su vida y su obra, siempre puso en alto y llev\u00f3 a todo el mundo el nombre de Yucat\u00e1n, indic\u00f3 el Gobernador Mauricio Vila Dosal.<\/p>\n\n\n\n<p>Yucateco universal que siempre trasmiti\u00f3 y promovi\u00f3 con sensibilidad especial su orgullo por sus or\u00edgenes, nuestra tierra, nuestras tradiciones y nuestra cultura, indic\u00f3.<\/p>\n\n\n\n<p>Nos deja un gran vac\u00edo pero tambi\u00e9n un legado enorme para las nuevas generaciones de yucatecos. A nombre del pueblo y gobierno de Yucat\u00e1n, hacemos llegar a sus familiares, amigos y colaboradores, nuestro m\u00e1s sentido p\u00e9same por su irreparable p\u00e9rdida. Descanse en paz el Maestro Manzanero, finaliz\u00f3 el Gobernador.<\/p>\n","protected":false},"excerpt":{"rendered":"<p>(Redacci\u00f3n) Yucateco universal que siempre trasmiti\u00f3 y promovi\u00f3 con sensibilidad especial su orgullo por sus or\u00edgenes, nuestra tierra, nuestras tradiciones y nuestra cultura, indic\u00f3 M\u00e9rida, Yucat\u00e1n, 28 de diciembre de 2020.- Los yucatecos estamos de luto. El d\u00eda de hoy amanecimos con la muy triste y lamentable noticia del fallecimiento del Maestro Don Armando Manzanero, [&hellip;]<\/p>\n","protected":false},"author":1,"featured_media":172581,"comment_status":"open","ping_status":"open","sticky":false,"template":"","format":"standard","meta":{"footnotes":""},"categories":[2],"tags":[],"class_list":["post-172580","post","type-post","status-publish","format-standard","has-post-thumbnail","hentry","category-yucatan","entry","has-media"],"jetpack_featured_media_url":"http:\/\/vertienteglobal.com\/wp-content\/uploads\/2020\/12\/IMG_20201228_194833.jpg","_links":{"self":[{"href":"http:\/\/vertienteglobal.com\/index.php?rest_route=\/wp\/v2\/posts\/172580","targetHints":{"allow":["GET"]}}],"collection":[{"href":"http:\/\/vertienteglobal.com\/index.php?rest_route=\/wp\/v2\/posts"}],"about":[{"href":"http:\/\/vertienteglobal.com\/index.php?rest_route=\/wp\/v2\/types\/post"}],"author":[{"embeddable":true,"href":"http:\/\/vertienteglobal.com\/index.php?rest_route=\/wp\/v2\/users\/1"}],"replies":[{"embeddable":true,"href":"http:\/\/vertienteglobal.com\/index.php?rest_route=%2Fwp%2Fv2%2Fcomments&post=172580"}],"version-history":[{"count":0,"href":"http:\/\/vertienteglobal.com\/index.php?rest_route=\/wp\/v2\/posts\/172580\/revisions"}],"wp:featuredmedia":[{"embeddable":true,"href":"http:\/\/vertienteglobal.com\/index.php?rest_route=\/wp\/v2\/media\/172581"}],"wp:attachment":[{"href":"http:\/\/vertienteglobal.com\/index.php?rest_route=%2Fwp%2Fv2%2Fmedia&parent=172580"}],"wp:term":[{"taxonomy":"category","embeddable":true,"href":"http:\/\/vertienteglobal.com\/index.php?rest_route=%2Fwp%2Fv2%2Fcategories&post=172580"},{"taxonomy":"post_tag","embeddable":true,"href":"http:\/\/vertienteglobal.com\/index.php?rest_route=%2Fwp%2Fv2%2Ftags&post=172580"}],"curies":[{"name":"wp","href":"https:\/\/api.w.org\/{rel}","templated":true}]}}