{"id":172545,"date":"2020-12-28T11:32:00","date_gmt":"2020-12-28T17:32:00","guid":{"rendered":"http:\/\/vertienteglobal.com\/?p=172545"},"modified":"2020-12-28T17:51:15","modified_gmt":"2020-12-28T23:51:15","slug":"se-registra-la-temperatura-mas-baja-del-ano-en-el-estado-de-veracruz","status":"publish","type":"post","link":"http:\/\/vertienteglobal.com\/?p=172545","title":{"rendered":"Se registra la temperatura m\u00e1s baja del a\u00f1o en el estado de Veracruz"},"content":{"rendered":"\n<div class=\"twitterbutton\" style=\"float: right; padding-left: 5px;\"><a href=\"http:\/\/twitter.com\/share\" class=\"twitter-share-button\" data-count=\"horizontal\" data-text=\"Se registra la temperatura m\u00e1s baja del a\u00f1o en el estado de Veracruz\" data-via=\"https:\/\/twitter.com\/VertienteGloba1\" data-url=\"http:\/\/vertienteglobal.com\/?p=172545\" data-lang=\"es\" data-related=\"Informaci\u00f3n general:S\u00edguenos para que est\u00e9ss informado\"><\/a><\/div>\n<figure class=\"wp-block-image size-large\"><img loading=\"lazy\" decoding=\"async\" width=\"1024\" height=\"683\" src=\"http:\/\/vertienteglobal.com\/wp-content\/uploads\/2020\/12\/IMG-20201228-WA0037.jpg\" alt=\"\" class=\"wp-image-172546\" srcset=\"http:\/\/vertienteglobal.com\/wp-content\/uploads\/2020\/12\/IMG-20201228-WA0037.jpg 1024w, http:\/\/vertienteglobal.com\/wp-content\/uploads\/2020\/12\/IMG-20201228-WA0037-300x200.jpg 300w, http:\/\/vertienteglobal.com\/wp-content\/uploads\/2020\/12\/IMG-20201228-WA0037-150x100.jpg 150w, http:\/\/vertienteglobal.com\/wp-content\/uploads\/2020\/12\/IMG-20201228-WA0037-768x512.jpg 768w\" sizes=\"auto, (max-width: 1024px) 100vw, 1024px\" \/><\/figure>\n\n\n\n<p>(Redacci\u00f3n)<\/p>\n\n\n\n<p>Dijo&nbsp;que en la comunidad de Zalayeta, municipio de Perote, el term\u00f3metro marc\u00f3 menos 9 grados Celsius<\/p>\n\n\n\n<p>Xalapa, Veracruz, a 28 de diciembre de 2020.<br>Este lunes se registr\u00f3 la temperatura m\u00e1s baja de la temporada invernal en el estado de Veracruz, inform\u00f3 la Comisi\u00f3n Nacional del Agua (Conagua).<\/p>\n\n\n\n<p>La meteor\u00f3loga,&nbsp;J\u00e9ssica Luna, dijo&nbsp;que en la comunidad de Zalayeta, municipio de Perote, el term\u00f3metro marc\u00f3 menos 9 grados Celsius.<\/p>\n\n\n\n<p>En la cabecera municipal de Perote por la ma\u00f1ana hab\u00eda menos 5.3 grados Celsius; y en La Joya, municipio de Acajete, fue de menos 1.5 grados Celsius.<\/p>\n\n\n\n<p>\u00abCon estas temperaturas se registraron heladas fuertes en lo que fueron las faldas del Cofre de Perote y nos comentan tambi\u00e9n que en la zona de las faldas del Pico de Orizaba como en la zona de Tlaquilpan; en general ha sido uno de los d\u00edas m\u00e1s fr\u00edos en el estado de Veracruz\u00bb.<\/p>\n\n\n\n<p>Sin embargo, con estos valores no se rompe el r\u00e9cord hist\u00f3rico pues de acuerdo a los registros de la Conagua, para un mes de diciembre en Zalayeta la temperatura m\u00e1s baja ha sido de menos 14 grados Celsius y en general de menos 15 grados Celsius en un febrero.<\/p>\n\n\n\n<p>Pese a ello, no hay condiciones para que nevadas en el Cofre de Perote o Pico de Orizaba, pues la humedad no ha sido tan elevada, puntualiz\u00f3 la experta.<br>&nbsp;<\/p>\n","protected":false},"excerpt":{"rendered":"<p>(Redacci\u00f3n) Dijo&nbsp;que en la comunidad de Zalayeta, municipio de Perote, el term\u00f3metro marc\u00f3 menos 9 grados Celsius Xalapa, Veracruz, a 28 de diciembre de 2020.Este lunes se registr\u00f3 la temperatura m\u00e1s baja de la temporada invernal en el estado de Veracruz, inform\u00f3 la Comisi\u00f3n Nacional del Agua (Conagua). La meteor\u00f3loga,&nbsp;J\u00e9ssica Luna, dijo&nbsp;que en la comunidad [&hellip;]<\/p>\n","protected":false},"author":1,"featured_media":172546,"comment_status":"open","ping_status":"open","sticky":false,"template":"","format":"standard","meta":{"footnotes":""},"categories":[7],"tags":[],"class_list":["post-172545","post","type-post","status-publish","format-standard","has-post-thumbnail","hentry","category-veracruz","entry","has-media"],"jetpack_featured_media_url":"http:\/\/vertienteglobal.com\/wp-content\/uploads\/2020\/12\/IMG-20201228-WA0037.jpg","_links":{"self":[{"href":"http:\/\/vertienteglobal.com\/index.php?rest_route=\/wp\/v2\/posts\/172545","targetHints":{"allow":["GET"]}}],"collection":[{"href":"http:\/\/vertienteglobal.com\/index.php?rest_route=\/wp\/v2\/posts"}],"about":[{"href":"http:\/\/vertienteglobal.com\/index.php?rest_route=\/wp\/v2\/types\/post"}],"author":[{"embeddable":true,"href":"http:\/\/vertienteglobal.com\/index.php?rest_route=\/wp\/v2\/users\/1"}],"replies":[{"embeddable":true,"href":"http:\/\/vertienteglobal.com\/index.php?rest_route=%2Fwp%2Fv2%2Fcomments&post=172545"}],"version-history":[{"count":0,"href":"http:\/\/vertienteglobal.com\/index.php?rest_route=\/wp\/v2\/posts\/172545\/revisions"}],"wp:featuredmedia":[{"embeddable":true,"href":"http:\/\/vertienteglobal.com\/index.php?rest_route=\/wp\/v2\/media\/172546"}],"wp:attachment":[{"href":"http:\/\/vertienteglobal.com\/index.php?rest_route=%2Fwp%2Fv2%2Fmedia&parent=172545"}],"wp:term":[{"taxonomy":"category","embeddable":true,"href":"http:\/\/vertienteglobal.com\/index.php?rest_route=%2Fwp%2Fv2%2Fcategories&post=172545"},{"taxonomy":"post_tag","embeddable":true,"href":"http:\/\/vertienteglobal.com\/index.php?rest_route=%2Fwp%2Fv2%2Ftags&post=172545"}],"curies":[{"name":"wp","href":"https:\/\/api.w.org\/{rel}","templated":true}]}}