{"id":172439,"date":"2020-12-25T21:49:11","date_gmt":"2020-12-26T03:49:11","guid":{"rendered":"http:\/\/vertienteglobal.com\/?p=172439"},"modified":"2020-12-26T16:37:28","modified_gmt":"2020-12-26T22:37:28","slug":"crear-padron-de-celulares-podria-generar-riesgos-a-los-usuarios-experto","status":"publish","type":"post","link":"http:\/\/vertienteglobal.com\/?p=172439","title":{"rendered":"Crear padr\u00f3n de celulares podr\u00eda generar riesgos a los usuarios: Experto"},"content":{"rendered":"\n<div class=\"twitterbutton\" style=\"float: right; padding-left: 5px;\"><a href=\"http:\/\/twitter.com\/share\" class=\"twitter-share-button\" data-count=\"horizontal\" data-text=\"Crear padr\u00f3n de celulares podr\u00eda generar riesgos a los usuarios: Experto\" data-via=\"https:\/\/twitter.com\/VertienteGloba1\" data-url=\"http:\/\/vertienteglobal.com\/?p=172439\" data-lang=\"es\" data-related=\"Informaci\u00f3n general:S\u00edguenos para que est\u00e9ss informado\"><\/a><\/div>\n<figure class=\"wp-block-image size-large\"><img loading=\"lazy\" decoding=\"async\" width=\"1024\" height=\"683\" src=\"http:\/\/vertienteglobal.com\/wp-content\/uploads\/2020\/12\/1136553-1.jpg\" alt=\"\" class=\"wp-image-172440\" srcset=\"http:\/\/vertienteglobal.com\/wp-content\/uploads\/2020\/12\/1136553-1.jpg 1024w, http:\/\/vertienteglobal.com\/wp-content\/uploads\/2020\/12\/1136553-1-300x200.jpg 300w, http:\/\/vertienteglobal.com\/wp-content\/uploads\/2020\/12\/1136553-1-150x100.jpg 150w, http:\/\/vertienteglobal.com\/wp-content\/uploads\/2020\/12\/1136553-1-768x512.jpg 768w\" sizes=\"auto, (max-width: 1024px) 100vw, 1024px\" \/><\/figure>\n\n\n\n<p>(Redacci\u00f3n)<\/p>\n\n\n\n<p>Destac\u00f3 que se registraron l\u00edneas a nombre de expresidentes y otras personas, por lo que no funcion\u00f3 para lo que originalmente estaba pensado, el poder localizar a los que cometen extorsiones telef\u00f3nicas<\/p>\n\n\n\n<p>Ciudad de M\u00e9xico, a 25 de diciembre de 2020.- El experto en tecnolog\u00eda, Javier Matuk considera que aunque es una buena idea contar un padr\u00f3n de celulares, la propuesta tiene m\u00e1s desventajas que ventajas.<\/p>\n\n\n\n<p>Y es que dijo que hace unos a\u00f1os ya se hizo un intento, en el 2009 se cre\u00f3 el Renaut, registro \u00fanico de usuarios de telefon\u00eda, pero result\u00f3 que registraban n\u00fameros con cualquier nombre y al final no sirvi\u00f3: \u00abfue un fracaso\u00bb. \u201cNo aprendemos\u201d, se\u00f1al\u00f3.<\/p>\n\n\n\n<p>Destac\u00f3 que se registraron l\u00edneas a nombre de expresidentes y otras personas, por lo que no funcion\u00f3 para lo que originalmente estaba pensado, el poder localizar a los que cometen extorsiones telef\u00f3nicas.<\/p>\n\n\n\n<p>Afirm\u00f3 que por otro lado, un registro de usuarios podr\u00eda acabar en el mercado negro y exponer no s\u00f3lo nombre y n\u00famero sino datos biom\u00e9tricos de los usuarios de telefon\u00eda m\u00f3vil.<\/p>\n\n\n\n<p>Cabe de recordar que la la C\u00e1mara de Diputados aprob\u00f3 una reforma para la creaci\u00f3n de un registro de usuarios de celulares, que ser\u00e1 obligatorio y con el que ligar\u00e1n los datos biom\u00e9tricos de las personas, e incluso su CURP, con la l\u00ednea telef\u00f3nica contratada, en lo que fue considerado por los cr\u00edticos como una violaci\u00f3n grave a la privacidad.<\/p>\n\n\n\n<p>La iniciativa fue aprobada en lo general y en lo particular con 390 votos a favor, 43 en contra y seis abstenciones. El dictamen reforma la Ley Federal de Telecomunicaciones y Radiodifusi\u00f3n pas\u00f3 al Senado, donde el tema se discutir\u00e1 reci\u00e9n en 2021, tras el receso legislativo de fin de a\u00f1o.<\/p>\n","protected":false},"excerpt":{"rendered":"<p>(Redacci\u00f3n) Destac\u00f3 que se registraron l\u00edneas a nombre de expresidentes y otras personas, por lo que no funcion\u00f3 para lo que originalmente estaba pensado, el poder localizar a los que cometen extorsiones telef\u00f3nicas Ciudad de M\u00e9xico, a 25 de diciembre de 2020.- El experto en tecnolog\u00eda, Javier Matuk considera que aunque es una buena idea [&hellip;]<\/p>\n","protected":false},"author":6,"featured_media":172440,"comment_status":"open","ping_status":"open","sticky":false,"template":"","format":"standard","meta":{"footnotes":""},"categories":[8],"tags":[],"class_list":["post-172439","post","type-post","status-publish","format-standard","has-post-thumbnail","hentry","category-pais","entry","has-media"],"jetpack_featured_media_url":"http:\/\/vertienteglobal.com\/wp-content\/uploads\/2020\/12\/1136553-1.jpg","_links":{"self":[{"href":"http:\/\/vertienteglobal.com\/index.php?rest_route=\/wp\/v2\/posts\/172439","targetHints":{"allow":["GET"]}}],"collection":[{"href":"http:\/\/vertienteglobal.com\/index.php?rest_route=\/wp\/v2\/posts"}],"about":[{"href":"http:\/\/vertienteglobal.com\/index.php?rest_route=\/wp\/v2\/types\/post"}],"author":[{"embeddable":true,"href":"http:\/\/vertienteglobal.com\/index.php?rest_route=\/wp\/v2\/users\/6"}],"replies":[{"embeddable":true,"href":"http:\/\/vertienteglobal.com\/index.php?rest_route=%2Fwp%2Fv2%2Fcomments&post=172439"}],"version-history":[{"count":0,"href":"http:\/\/vertienteglobal.com\/index.php?rest_route=\/wp\/v2\/posts\/172439\/revisions"}],"wp:featuredmedia":[{"embeddable":true,"href":"http:\/\/vertienteglobal.com\/index.php?rest_route=\/wp\/v2\/media\/172440"}],"wp:attachment":[{"href":"http:\/\/vertienteglobal.com\/index.php?rest_route=%2Fwp%2Fv2%2Fmedia&parent=172439"}],"wp:term":[{"taxonomy":"category","embeddable":true,"href":"http:\/\/vertienteglobal.com\/index.php?rest_route=%2Fwp%2Fv2%2Fcategories&post=172439"},{"taxonomy":"post_tag","embeddable":true,"href":"http:\/\/vertienteglobal.com\/index.php?rest_route=%2Fwp%2Fv2%2Ftags&post=172439"}],"curies":[{"name":"wp","href":"https:\/\/api.w.org\/{rel}","templated":true}]}}