{"id":172331,"date":"2020-12-23T12:50:50","date_gmt":"2020-12-23T18:50:50","guid":{"rendered":"http:\/\/vertienteglobal.com\/?p=172331"},"modified":"2020-12-24T11:49:57","modified_gmt":"2020-12-24T17:49:57","slug":"hoy-es-el-principio-del-fin-de-la-pandemia-asegura-marcelo-ebrard","status":"publish","type":"post","link":"http:\/\/vertienteglobal.com\/?p=172331","title":{"rendered":"Hoy es el principio del fin de la pandemia, asegura Marcelo Ebrard"},"content":{"rendered":"\n<div class=\"twitterbutton\" style=\"float: right; padding-left: 5px;\"><a href=\"http:\/\/twitter.com\/share\" class=\"twitter-share-button\" data-count=\"horizontal\" data-text=\"Hoy es el principio del fin de la pandemia, asegura Marcelo Ebrard\" data-via=\"https:\/\/twitter.com\/VertienteGloba1\" data-url=\"http:\/\/vertienteglobal.com\/?p=172331\" data-lang=\"es\" data-related=\"Informaci\u00f3n general:S\u00edguenos para que est\u00e9ss informado\"><\/a><\/div>\n<figure class=\"wp-block-image size-large\"><img loading=\"lazy\" decoding=\"async\" width=\"1024\" height=\"682\" src=\"http:\/\/vertienteglobal.com\/wp-content\/uploads\/2020\/12\/1136281-1.jpg\" alt=\"\" class=\"wp-image-172332\" srcset=\"http:\/\/vertienteglobal.com\/wp-content\/uploads\/2020\/12\/1136281-1.jpg 1024w, http:\/\/vertienteglobal.com\/wp-content\/uploads\/2020\/12\/1136281-1-300x200.jpg 300w, http:\/\/vertienteglobal.com\/wp-content\/uploads\/2020\/12\/1136281-1-150x100.jpg 150w, http:\/\/vertienteglobal.com\/wp-content\/uploads\/2020\/12\/1136281-1-768x512.jpg 768w\" sizes=\"auto, (max-width: 1024px) 100vw, 1024px\" \/><\/figure>\n\n\n\n<p>(Redacci\u00f3n)<\/p>\n\n\n\n<p>Por eso, decimos que tenemos esperanza; estoy muy contento y ma\u00f1ana que empiece la vacunaci\u00f3n\u00bb<\/p>\n\n\n\n<p>Ciudad de M\u00e9xico, a 23 de diciembre de 2020.- El canciller Marcelo Ebrard afirm\u00f3 que con la llegada de la vacuna contra el COVID-19, hoy es \u201cel principio del fin de la pandemia\u201d en M\u00e9xico.<\/p>\n\n\n\n<p>En el marco del desembarco del primer lote de vacunas de Pfizer \u2013 BioNTech, el secretario de Relaciones Exteriores afirm\u00f3 que inicia con ello el proceso de vacunaci\u00f3n de todos los ciudadanos de manera gratuita.<\/p>\n\n\n\n<p>\u00abSomos uno de los primeros 10 pa\u00edses del mundo en tener a tiempo la vacuna, el objetivo es que tengamos acceso suficiente, 34 millones de vacunas y como se explic\u00f3 que est\u00e1 trabajando con otras empresas, llegar\u00e1 a todo el Pa\u00eds. Eso es algo que ha subrayado el Presidente de la Rep\u00fablica\u201d, apunt\u00f3.<\/p>\n\n\n\n<p>El funcionario federal dijo que \u00abes cierto que estamos todav\u00eda frente a una pandemia tremenda, la peor que hemos vivido, pero hoy es el principio del fin, hoy podemos ver claramente que los vamos a derrotar a esos virus que han venido a transformar nuestras vidas.<\/p>\n\n\n\n<p>Por eso, decimos que tenemos esperanza; estoy muy contento y ma\u00f1ana que empiece la vacunaci\u00f3n\u00bb.<\/p>\n","protected":false},"excerpt":{"rendered":"<p>(Redacci\u00f3n) Por eso, decimos que tenemos esperanza; estoy muy contento y ma\u00f1ana que empiece la vacunaci\u00f3n\u00bb Ciudad de M\u00e9xico, a 23 de diciembre de 2020.- El canciller Marcelo Ebrard afirm\u00f3 que con la llegada de la vacuna contra el COVID-19, hoy es \u201cel principio del fin de la pandemia\u201d en M\u00e9xico. En el marco del [&hellip;]<\/p>\n","protected":false},"author":1,"featured_media":172332,"comment_status":"open","ping_status":"open","sticky":false,"template":"","format":"standard","meta":{"footnotes":""},"categories":[8],"tags":[],"class_list":["post-172331","post","type-post","status-publish","format-standard","has-post-thumbnail","hentry","category-pais","entry","has-media"],"jetpack_featured_media_url":"http:\/\/vertienteglobal.com\/wp-content\/uploads\/2020\/12\/1136281-1.jpg","_links":{"self":[{"href":"http:\/\/vertienteglobal.com\/index.php?rest_route=\/wp\/v2\/posts\/172331","targetHints":{"allow":["GET"]}}],"collection":[{"href":"http:\/\/vertienteglobal.com\/index.php?rest_route=\/wp\/v2\/posts"}],"about":[{"href":"http:\/\/vertienteglobal.com\/index.php?rest_route=\/wp\/v2\/types\/post"}],"author":[{"embeddable":true,"href":"http:\/\/vertienteglobal.com\/index.php?rest_route=\/wp\/v2\/users\/1"}],"replies":[{"embeddable":true,"href":"http:\/\/vertienteglobal.com\/index.php?rest_route=%2Fwp%2Fv2%2Fcomments&post=172331"}],"version-history":[{"count":0,"href":"http:\/\/vertienteglobal.com\/index.php?rest_route=\/wp\/v2\/posts\/172331\/revisions"}],"wp:featuredmedia":[{"embeddable":true,"href":"http:\/\/vertienteglobal.com\/index.php?rest_route=\/wp\/v2\/media\/172332"}],"wp:attachment":[{"href":"http:\/\/vertienteglobal.com\/index.php?rest_route=%2Fwp%2Fv2%2Fmedia&parent=172331"}],"wp:term":[{"taxonomy":"category","embeddable":true,"href":"http:\/\/vertienteglobal.com\/index.php?rest_route=%2Fwp%2Fv2%2Fcategories&post=172331"},{"taxonomy":"post_tag","embeddable":true,"href":"http:\/\/vertienteglobal.com\/index.php?rest_route=%2Fwp%2Fv2%2Ftags&post=172331"}],"curies":[{"name":"wp","href":"https:\/\/api.w.org\/{rel}","templated":true}]}}