{"id":172309,"date":"2020-12-22T14:35:34","date_gmt":"2020-12-22T20:35:34","guid":{"rendered":"http:\/\/vertienteglobal.com\/?p=172309"},"modified":"2020-12-24T11:37:42","modified_gmt":"2020-12-24T17:37:42","slug":"piden-a-luz-elena-munoz-que-sea-candidata-de-morena-para-ser-la-luz-de-solidaridad","status":"publish","type":"post","link":"http:\/\/vertienteglobal.com\/?p=172309","title":{"rendered":"Piden a Luz Elena Mu\u00f1oz que sea candidata de MORENA, para ser la Luz de Solidaridad"},"content":{"rendered":"\n<div class=\"twitterbutton\" style=\"float: right; padding-left: 5px;\"><a href=\"http:\/\/twitter.com\/share\" class=\"twitter-share-button\" data-count=\"horizontal\" data-text=\"Piden a Luz Elena Mu\u00f1oz que sea candidata de MORENA, para ser la Luz de Solidar...\" data-via=\"https:\/\/twitter.com\/VertienteGloba1\" data-url=\"http:\/\/vertienteglobal.com\/?p=172309\" data-lang=\"es\" data-related=\"Informaci\u00f3n general:S\u00edguenos para que est\u00e9ss informado\"><\/a><\/div>\n<figure class=\"wp-block-image size-large\"><img loading=\"lazy\" decoding=\"async\" width=\"824\" height=\"617\" src=\"http:\/\/vertienteglobal.com\/wp-content\/uploads\/2020\/12\/IMG-20201224-WA0032.jpg\" alt=\"\" class=\"wp-image-172310\" srcset=\"http:\/\/vertienteglobal.com\/wp-content\/uploads\/2020\/12\/IMG-20201224-WA0032.jpg 824w, http:\/\/vertienteglobal.com\/wp-content\/uploads\/2020\/12\/IMG-20201224-WA0032-300x225.jpg 300w, http:\/\/vertienteglobal.com\/wp-content\/uploads\/2020\/12\/IMG-20201224-WA0032-150x112.jpg 150w, http:\/\/vertienteglobal.com\/wp-content\/uploads\/2020\/12\/IMG-20201224-WA0032-768x575.jpg 768w\" sizes=\"auto, (max-width: 824px) 100vw, 824px\" \/><\/figure>\n\n\n\n<p>(Redaccion)<\/p>\n\n\n\n<p>Los ciudadanos de Playa del Carmen hoy se atrevieron a manifestar que Luz Elena Mu\u00f1oz es la mujer indicada para ocupar la candidatura de MORENA por el desempe\u00f1o que ha tenido desde sus Comisiones Edilicias, ha trabajado durante toda la pandemia llevando apoyo a todos los sectores que m\u00e1s necesitan y sobre todo los que se encuentran marginados en asentamientos irregulares<\/p>\n\n\n\n<p>Playa del Carmen, municipio de Solidaridad, Quintana Roo, a 22 de diciembre de 2020.- Destapan a Luz Elena Mu\u00f1oz como candidata de MORENA a la presidencia municipal de Solidaridad para las elecciones del pr\u00f3ximo a\u00f1o, esto se dio a conocer en una reuni\u00f3n que se llev\u00f3 a cabo esta ma\u00f1ana entre representantes de empresarios, vecinos de colonias, l\u00edderes de diferentes sectores, amigos, simpatizantes, entre otros dirigentes de asociaciones y sindicatos de Playa del Carmen, quienes solicitaron a la S\u00e9ptima Regidora de Solidaridad aceptar la candidatura del Movimiento de Reconstrucci\u00f3n Nacional y que con el apoyo de todos los sectores sociales la lleven al triunfo el pr\u00f3ximo seis de junio del 2021.<\/p>\n\n\n\n<p>Agregaron que a ra\u00edz de la conferencia de prensa que ofreci\u00f3 ayer la Regidora y, donde los periodistas le preguntaron sobre sus aspiraciones pol\u00edticas, y ella manifest\u00f3 que en respeto a las leyes electorales esperar\u00eda para tomar su decisi\u00f3n, los ciudadanos de Playa del Carmen hoy se atrevieron a manifestar que Luz Elena Mu\u00f1oz es la mujer indicada para ocupar la candidatura de MORENA por el desempe\u00f1o que ha tenido desde sus Comisiones Edilicias, ha trabajado durante toda la pandemia llevando apoyo a todos los sectores que m\u00e1s necesitan y sobre todo los que se encuentran marginados en asentamientos irregulares.<\/p>\n\n\n\n<p>Confiaron que es la persona id\u00f3nea para sacar al municipio del camino equivocado que por la ambici\u00f3n desmedida de sus gobernantes hoy Solidaridad, se encuentra sin rumbo pol\u00edtico y que por esa equivocaci\u00f3n se enfila al despe\u00f1adero durante el pr\u00f3ximo a\u00f1o.<\/p>\n\n\n\n<p>Comentaron que Luz Elena es una mujer que ha vivido toda su vida en este destino tur\u00edstico y desde mucho tiempo ha venido trabajando a favor del municipio desde diferentes organizaciones y grupos altruistas que han aportado mucho por este municipio.<\/p>\n\n\n\n<p>Los representantes de sectores sociales, de sindicatos, m\u00fasicos, simpatizantes, empresarios, l\u00edderes de colonias, conjuntos vecinales, entre otros representantes ofrecieron todo su respaldo y apoyo para que Luz Elena Mu\u00f1oz se decida y acepte la candidatura de MORENA en Solidaridad y que juntos la lleven al triunfo en las pr\u00f3ximas elecciones del 2021 en Playa del Carmen y Puerto Aventuras.<\/p>\n\n\n\n<figure class=\"wp-block-image size-large\"><img loading=\"lazy\" decoding=\"async\" width=\"1024\" height=\"620\" src=\"http:\/\/vertienteglobal.com\/wp-content\/uploads\/2020\/12\/IMG-20201224-WA0029-1024x620.jpg\" alt=\"\" class=\"wp-image-172311\" srcset=\"http:\/\/vertienteglobal.com\/wp-content\/uploads\/2020\/12\/IMG-20201224-WA0029-1024x620.jpg 1024w, http:\/\/vertienteglobal.com\/wp-content\/uploads\/2020\/12\/IMG-20201224-WA0029-300x182.jpg 300w, http:\/\/vertienteglobal.com\/wp-content\/uploads\/2020\/12\/IMG-20201224-WA0029-150x91.jpg 150w, http:\/\/vertienteglobal.com\/wp-content\/uploads\/2020\/12\/IMG-20201224-WA0029-768x465.jpg 768w, http:\/\/vertienteglobal.com\/wp-content\/uploads\/2020\/12\/IMG-20201224-WA0029.jpg 1199w\" sizes=\"auto, (max-width: 1024px) 100vw, 1024px\" \/><\/figure>\n\n\n\n<figure class=\"wp-block-image size-large\"><img loading=\"lazy\" decoding=\"async\" width=\"1024\" height=\"720\" src=\"http:\/\/vertienteglobal.com\/wp-content\/uploads\/2020\/12\/IMG-20201224-WA0030-1024x720.jpg\" alt=\"\" class=\"wp-image-172312\" srcset=\"http:\/\/vertienteglobal.com\/wp-content\/uploads\/2020\/12\/IMG-20201224-WA0030-1024x720.jpg 1024w, http:\/\/vertienteglobal.com\/wp-content\/uploads\/2020\/12\/IMG-20201224-WA0030-300x211.jpg 300w, http:\/\/vertienteglobal.com\/wp-content\/uploads\/2020\/12\/IMG-20201224-WA0030-150x105.jpg 150w, http:\/\/vertienteglobal.com\/wp-content\/uploads\/2020\/12\/IMG-20201224-WA0030-768x540.jpg 768w, http:\/\/vertienteglobal.com\/wp-content\/uploads\/2020\/12\/IMG-20201224-WA0030.jpg 1061w\" sizes=\"auto, (max-width: 1024px) 100vw, 1024px\" \/><\/figure>\n","protected":false},"excerpt":{"rendered":"<p>(Redaccion) Los ciudadanos de Playa del Carmen hoy se atrevieron a manifestar que Luz Elena Mu\u00f1oz es la mujer indicada para ocupar la candidatura de MORENA por el desempe\u00f1o que ha tenido desde sus Comisiones Edilicias, ha trabajado durante toda la pandemia llevando apoyo a todos los sectores que m\u00e1s necesitan y sobre todo los [&hellip;]<\/p>\n","protected":false},"author":1,"featured_media":172310,"comment_status":"open","ping_status":"open","sticky":false,"template":"","format":"standard","meta":{"footnotes":""},"categories":[3],"tags":[],"class_list":["post-172309","post","type-post","status-publish","format-standard","has-post-thumbnail","hentry","category-quintana-roo","entry","has-media"],"jetpack_featured_media_url":"http:\/\/vertienteglobal.com\/wp-content\/uploads\/2020\/12\/IMG-20201224-WA0032.jpg","_links":{"self":[{"href":"http:\/\/vertienteglobal.com\/index.php?rest_route=\/wp\/v2\/posts\/172309","targetHints":{"allow":["GET"]}}],"collection":[{"href":"http:\/\/vertienteglobal.com\/index.php?rest_route=\/wp\/v2\/posts"}],"about":[{"href":"http:\/\/vertienteglobal.com\/index.php?rest_route=\/wp\/v2\/types\/post"}],"author":[{"embeddable":true,"href":"http:\/\/vertienteglobal.com\/index.php?rest_route=\/wp\/v2\/users\/1"}],"replies":[{"embeddable":true,"href":"http:\/\/vertienteglobal.com\/index.php?rest_route=%2Fwp%2Fv2%2Fcomments&post=172309"}],"version-history":[{"count":0,"href":"http:\/\/vertienteglobal.com\/index.php?rest_route=\/wp\/v2\/posts\/172309\/revisions"}],"wp:featuredmedia":[{"embeddable":true,"href":"http:\/\/vertienteglobal.com\/index.php?rest_route=\/wp\/v2\/media\/172310"}],"wp:attachment":[{"href":"http:\/\/vertienteglobal.com\/index.php?rest_route=%2Fwp%2Fv2%2Fmedia&parent=172309"}],"wp:term":[{"taxonomy":"category","embeddable":true,"href":"http:\/\/vertienteglobal.com\/index.php?rest_route=%2Fwp%2Fv2%2Fcategories&post=172309"},{"taxonomy":"post_tag","embeddable":true,"href":"http:\/\/vertienteglobal.com\/index.php?rest_route=%2Fwp%2Fv2%2Ftags&post=172309"}],"curies":[{"name":"wp","href":"https:\/\/api.w.org\/{rel}","templated":true}]}}