{"id":172175,"date":"2020-12-19T18:50:00","date_gmt":"2020-12-20T00:50:00","guid":{"rendered":"http:\/\/vertienteglobal.com\/?p=172175"},"modified":"2020-12-19T19:11:23","modified_gmt":"2020-12-20T01:11:23","slug":"concluye-reciclaton-2020-con-retiro-de-210-mil-kilos-de-desechos-en-benito-juarez","status":"publish","type":"post","link":"http:\/\/vertienteglobal.com\/?p=172175","title":{"rendered":"Concluye \u201cReciclat\u00f3n 2020\u201d, con retiro de 210 mil kilos de desechos en Benito Ju\u00e1rez"},"content":{"rendered":"\n<div class=\"twitterbutton\" style=\"float: right; padding-left: 5px;\"><a href=\"http:\/\/twitter.com\/share\" class=\"twitter-share-button\" data-count=\"horizontal\" data-text=\"Concluye \u201cReciclat\u00f3n 2020\u201d, con retiro de 210 mil kilos de desechos en Beni...\" data-via=\"https:\/\/twitter.com\/VertienteGloba1\" data-url=\"http:\/\/vertienteglobal.com\/?p=172175\" data-lang=\"es\" data-related=\"Informaci\u00f3n general:S\u00edguenos para que est\u00e9ss informado\"><\/a><\/div>\n<figure class=\"wp-block-image size-large\"><img loading=\"lazy\" decoding=\"async\" width=\"1024\" height=\"682\" src=\"http:\/\/vertienteglobal.com\/wp-content\/uploads\/2020\/12\/01_COMUNICADO-2710_CONCLUYE-RECICLATON-2020-CON-RETIRO-DE-210-MIL-KILOS-DE-DESECHOS-scaled-1-1024x682.jpeg\" alt=\"\" class=\"wp-image-172176\" srcset=\"http:\/\/vertienteglobal.com\/wp-content\/uploads\/2020\/12\/01_COMUNICADO-2710_CONCLUYE-RECICLATON-2020-CON-RETIRO-DE-210-MIL-KILOS-DE-DESECHOS-scaled-1-1024x682.jpeg 1024w, http:\/\/vertienteglobal.com\/wp-content\/uploads\/2020\/12\/01_COMUNICADO-2710_CONCLUYE-RECICLATON-2020-CON-RETIRO-DE-210-MIL-KILOS-DE-DESECHOS-scaled-1-300x200.jpeg 300w, http:\/\/vertienteglobal.com\/wp-content\/uploads\/2020\/12\/01_COMUNICADO-2710_CONCLUYE-RECICLATON-2020-CON-RETIRO-DE-210-MIL-KILOS-DE-DESECHOS-scaled-1-150x100.jpeg 150w, http:\/\/vertienteglobal.com\/wp-content\/uploads\/2020\/12\/01_COMUNICADO-2710_CONCLUYE-RECICLATON-2020-CON-RETIRO-DE-210-MIL-KILOS-DE-DESECHOS-scaled-1-768x512.jpeg 768w, http:\/\/vertienteglobal.com\/wp-content\/uploads\/2020\/12\/01_COMUNICADO-2710_CONCLUYE-RECICLATON-2020-CON-RETIRO-DE-210-MIL-KILOS-DE-DESECHOS-scaled-1-1536x1024.jpeg 1536w, http:\/\/vertienteglobal.com\/wp-content\/uploads\/2020\/12\/01_COMUNICADO-2710_CONCLUYE-RECICLATON-2020-CON-RETIRO-DE-210-MIL-KILOS-DE-DESECHOS-scaled-1.jpeg 1700w\" sizes=\"auto, (max-width: 1024px) 100vw, 1024px\" \/><\/figure>\n\n\n\n<p>(Antonio Rivera)<\/p>\n\n\n\n<p>Lo que reciclamos no es para sacar provecho, es una acci\u00f3n para sumar a la conciencia ecol\u00f3gica. Somos una generaci\u00f3n que puede transformar\u201d, afirm\u00f3<\/p>\n\n\n\n<p>Canc\u00fan, Quintana Roo, a 19 de diciembre del 2020.- Con gran participaci\u00f3n ciudadana concluy\u00f3 la \u00faltima jornada del programa \u201cReciclat\u00f3n 2020\u201d que encabeza la Direcci\u00f3n General de Ecolog\u00eda, el cual recolect\u00f3 m\u00e1s de 210 mil kilos en todo el a\u00f1o y se realiza bajo los compromisos establecidos por el gobierno municipal en el Eje 3: Desarrollo Sostenible del Plan Municipal de Desarrollo 2018-2021, al igual que bajo los lineamientos del Plan Integral \u201cECOn\u00e9ctate\u201d.<\/p>\n\n\n\n<p>La Presidente Municipal, Mara Lezama, enfatiz\u00f3 que pese a la pandemia por COVID-19, la responsabilidad del gobierno que encabeza con el medio ambiente se mantuvo fuerte, siendo que durante todo el a\u00f1o se llevaron a cabo 15 jornadas, con 210 mil 516 kilogramos de materiales reciclables acopiados, con lo que redujo la cantidad de residuos que terminan contaminando el medio ambiente.<\/p>\n\n\n\n<p>\u201cReciclar se debe convertir en un h\u00e1bito de nuestro hogar. Con esto contrarrestamos el impacto que tiene la basura contra el medio ambiente. Lo que reciclamos no es para sacar provecho, es una acci\u00f3n para sumar a la conciencia ecol\u00f3gica. Somos una generaci\u00f3n que puede transformar\u201d, afirm\u00f3.<\/p>\n\n\n\n<p>Durante la d\u00e9cimo quinta fecha de acopio de residuos, la Primera Autoridad Municipal acudi\u00f3 al centro de reciclaje ubicado en la explanada de Pabell\u00f3n Cumbres, en donde constat\u00f3 que el trabajo de separaci\u00f3n se realizara de manera responsable, siguiendo las indicaciones y los protocolos sanitarios correspondientes.<\/p>\n\n\n\n<p>Record\u00f3 que en las \u00faltimas fechas de Reciclat\u00f3n, se mantuvieron activos cuatro sedes: Pabell\u00f3n Cumbres, Conalep II, Walmart Pol\u00edgono Sur y el estacionamiento de la Gran Plaza, en las que se recib\u00edan botellas de pl\u00e1stico, envases de vidrio, electrodom\u00e9sticos, papel y cart\u00f3n, aluminio, medicamentos caducos y pilas alcalinas, entre otros.<\/p>\n\n\n\n<p>El Secretario Municipal de Ecolog\u00eda y Desarrollo Urbano, Armando Lara De Nigris y la Directora General de Ecolog\u00eda, Guadalupe Alc\u00e1ntara Mas, estuvieron presentes durante esta \u00faltima jornada supervisando que se respeten todas las medidas de higiene y que la separaci\u00f3n de los residuos se llevara a cabo de manera correcta.<\/p>\n\n\n\n<p>Adem\u00e1s de priorizar la salud de los cancunenses, las autoridades municipales responden a la necesidad de cuidar y fomentar h\u00e1bitos de conciencia y responsabilidad ambiental en el municipio, como la correcta separaci\u00f3n de los residuos generados en casa.<\/p>\n\n\n\n<figure class=\"wp-block-image size-large\"><img loading=\"lazy\" decoding=\"async\" width=\"1024\" height=\"682\" src=\"http:\/\/vertienteglobal.com\/wp-content\/uploads\/2020\/12\/02_COMUNICADO-2710_CONCLUYE-RECICLATON-2020-CON-RETIRO-DE-210-MIL-KILOS-DE-DESECHOS-1024x682.jpeg\" alt=\"\" class=\"wp-image-172177\" srcset=\"http:\/\/vertienteglobal.com\/wp-content\/uploads\/2020\/12\/02_COMUNICADO-2710_CONCLUYE-RECICLATON-2020-CON-RETIRO-DE-210-MIL-KILOS-DE-DESECHOS-1024x682.jpeg 1024w, http:\/\/vertienteglobal.com\/wp-content\/uploads\/2020\/12\/02_COMUNICADO-2710_CONCLUYE-RECICLATON-2020-CON-RETIRO-DE-210-MIL-KILOS-DE-DESECHOS-300x200.jpeg 300w, http:\/\/vertienteglobal.com\/wp-content\/uploads\/2020\/12\/02_COMUNICADO-2710_CONCLUYE-RECICLATON-2020-CON-RETIRO-DE-210-MIL-KILOS-DE-DESECHOS-150x100.jpeg 150w, http:\/\/vertienteglobal.com\/wp-content\/uploads\/2020\/12\/02_COMUNICADO-2710_CONCLUYE-RECICLATON-2020-CON-RETIRO-DE-210-MIL-KILOS-DE-DESECHOS-768x512.jpeg 768w, http:\/\/vertienteglobal.com\/wp-content\/uploads\/2020\/12\/02_COMUNICADO-2710_CONCLUYE-RECICLATON-2020-CON-RETIRO-DE-210-MIL-KILOS-DE-DESECHOS.jpeg 1280w\" sizes=\"auto, (max-width: 1024px) 100vw, 1024px\" \/><\/figure>\n\n\n\n<figure class=\"wp-block-image size-large\"><img loading=\"lazy\" decoding=\"async\" width=\"1024\" height=\"682\" src=\"http:\/\/vertienteglobal.com\/wp-content\/uploads\/2020\/12\/03_COMUNICADO-2710_CONCLUYE-RECICLATON-2020-CON-RETIRO-DE-210-MIL-KILOS-DE-DESECHOS-1024x682.jpeg\" alt=\"\" class=\"wp-image-172178\" srcset=\"http:\/\/vertienteglobal.com\/wp-content\/uploads\/2020\/12\/03_COMUNICADO-2710_CONCLUYE-RECICLATON-2020-CON-RETIRO-DE-210-MIL-KILOS-DE-DESECHOS-1024x682.jpeg 1024w, http:\/\/vertienteglobal.com\/wp-content\/uploads\/2020\/12\/03_COMUNICADO-2710_CONCLUYE-RECICLATON-2020-CON-RETIRO-DE-210-MIL-KILOS-DE-DESECHOS-300x200.jpeg 300w, http:\/\/vertienteglobal.com\/wp-content\/uploads\/2020\/12\/03_COMUNICADO-2710_CONCLUYE-RECICLATON-2020-CON-RETIRO-DE-210-MIL-KILOS-DE-DESECHOS-150x100.jpeg 150w, http:\/\/vertienteglobal.com\/wp-content\/uploads\/2020\/12\/03_COMUNICADO-2710_CONCLUYE-RECICLATON-2020-CON-RETIRO-DE-210-MIL-KILOS-DE-DESECHOS-768x512.jpeg 768w, http:\/\/vertienteglobal.com\/wp-content\/uploads\/2020\/12\/03_COMUNICADO-2710_CONCLUYE-RECICLATON-2020-CON-RETIRO-DE-210-MIL-KILOS-DE-DESECHOS.jpeg 1280w\" sizes=\"auto, (max-width: 1024px) 100vw, 1024px\" \/><\/figure>\n","protected":false},"excerpt":{"rendered":"<p>(Antonio Rivera) Lo que reciclamos no es para sacar provecho, es una acci\u00f3n para sumar a la conciencia ecol\u00f3gica. Somos una generaci\u00f3n que puede transformar\u201d, afirm\u00f3 Canc\u00fan, Quintana Roo, a 19 de diciembre del 2020.- Con gran participaci\u00f3n ciudadana concluy\u00f3 la \u00faltima jornada del programa \u201cReciclat\u00f3n 2020\u201d que encabeza la Direcci\u00f3n General de Ecolog\u00eda, el [&hellip;]<\/p>\n","protected":false},"author":1,"featured_media":172176,"comment_status":"open","ping_status":"open","sticky":false,"template":"","format":"standard","meta":{"footnotes":""},"categories":[3],"tags":[],"class_list":["post-172175","post","type-post","status-publish","format-standard","has-post-thumbnail","hentry","category-quintana-roo","entry","has-media"],"jetpack_featured_media_url":"http:\/\/vertienteglobal.com\/wp-content\/uploads\/2020\/12\/01_COMUNICADO-2710_CONCLUYE-RECICLATON-2020-CON-RETIRO-DE-210-MIL-KILOS-DE-DESECHOS-scaled-1.jpeg","_links":{"self":[{"href":"http:\/\/vertienteglobal.com\/index.php?rest_route=\/wp\/v2\/posts\/172175","targetHints":{"allow":["GET"]}}],"collection":[{"href":"http:\/\/vertienteglobal.com\/index.php?rest_route=\/wp\/v2\/posts"}],"about":[{"href":"http:\/\/vertienteglobal.com\/index.php?rest_route=\/wp\/v2\/types\/post"}],"author":[{"embeddable":true,"href":"http:\/\/vertienteglobal.com\/index.php?rest_route=\/wp\/v2\/users\/1"}],"replies":[{"embeddable":true,"href":"http:\/\/vertienteglobal.com\/index.php?rest_route=%2Fwp%2Fv2%2Fcomments&post=172175"}],"version-history":[{"count":0,"href":"http:\/\/vertienteglobal.com\/index.php?rest_route=\/wp\/v2\/posts\/172175\/revisions"}],"wp:featuredmedia":[{"embeddable":true,"href":"http:\/\/vertienteglobal.com\/index.php?rest_route=\/wp\/v2\/media\/172176"}],"wp:attachment":[{"href":"http:\/\/vertienteglobal.com\/index.php?rest_route=%2Fwp%2Fv2%2Fmedia&parent=172175"}],"wp:term":[{"taxonomy":"category","embeddable":true,"href":"http:\/\/vertienteglobal.com\/index.php?rest_route=%2Fwp%2Fv2%2Fcategories&post=172175"},{"taxonomy":"post_tag","embeddable":true,"href":"http:\/\/vertienteglobal.com\/index.php?rest_route=%2Fwp%2Fv2%2Ftags&post=172175"}],"curies":[{"name":"wp","href":"https:\/\/api.w.org\/{rel}","templated":true}]}}