{"id":172142,"date":"2020-12-19T15:50:00","date_gmt":"2020-12-19T21:50:00","guid":{"rendered":"http:\/\/vertienteglobal.com\/?p=172142"},"modified":"2020-12-19T18:07:07","modified_gmt":"2020-12-20T00:07:07","slug":"inaugura-anahi-gonzalez-ciclo-de-conferencias-de-la-juventud-de-morena","status":"publish","type":"post","link":"http:\/\/vertienteglobal.com\/?p=172142","title":{"rendered":"Inaugura Anah\u00ed Gonz\u00e1lez ciclo de conferencias de la juventud de MORENA"},"content":{"rendered":"\n<div class=\"twitterbutton\" style=\"float: right; padding-left: 5px;\"><a href=\"http:\/\/twitter.com\/share\" class=\"twitter-share-button\" data-count=\"horizontal\" data-text=\"Inaugura Anah\u00ed Gonz\u00e1lez ciclo de conferencias de la juventud de MORENA\" data-via=\"https:\/\/twitter.com\/VertienteGloba1\" data-url=\"http:\/\/vertienteglobal.com\/?p=172142\" data-lang=\"es\" data-related=\"Informaci\u00f3n general:S\u00edguenos para que est\u00e9ss informado\"><\/a><\/div>\n<figure class=\"wp-block-image size-large\"><img loading=\"lazy\" decoding=\"async\" width=\"964\" height=\"726\" src=\"http:\/\/vertienteglobal.com\/wp-content\/uploads\/2020\/12\/IMG-20201219-WA0086.jpg\" alt=\"\" class=\"wp-image-172143\" srcset=\"http:\/\/vertienteglobal.com\/wp-content\/uploads\/2020\/12\/IMG-20201219-WA0086.jpg 964w, http:\/\/vertienteglobal.com\/wp-content\/uploads\/2020\/12\/IMG-20201219-WA0086-300x226.jpg 300w, http:\/\/vertienteglobal.com\/wp-content\/uploads\/2020\/12\/IMG-20201219-WA0086-150x113.jpg 150w, http:\/\/vertienteglobal.com\/wp-content\/uploads\/2020\/12\/IMG-20201219-WA0086-768x578.jpg 768w\" sizes=\"auto, (max-width: 964px) 100vw, 964px\" \/><\/figure>\n\n\n\n<p>(Redaccion)<\/p>\n\n\n\n<p>Destac\u00f3 el papel que representa la juventud para alcanzar una transformaci\u00f3n como la que actualmente encabeza en M\u00e9xico el Presidente Andr\u00e9s Manuel L\u00f3pez Obrador<\/p>\n\n\n\n<p>Canc\u00fan, Quintana Roo, a 19 de diciembre de 2020.- MORENA es un partido que siempre tiene la puerta abierta para los j\u00f3venes con inquietud de servir a su pa\u00eds y sumarse a la transformaci\u00f3n de M\u00e9xico, expres\u00f3 Anah\u00ed Gonz\u00e1lez Hern\u00e1ndez, dirigente en Quintana Roo del Movimiento de Regeneraci\u00f3n Nacional.<\/p>\n\n\n\n<p>Al inaugurar un ciclo de conferencias en Canc\u00fan, Anah\u00ed Gonz\u00e1lez destac\u00f3 el papel que representa la juventud para alcanzar una transformaci\u00f3n como la que actualmente encabeza en M\u00e9xico el Presidente Andr\u00e9s Manuel L\u00f3pez Obrador.<\/p>\n\n\n\n<p>\u00abParticipamos en la conferencia JUVENTUD Y POL\u00cdTICA a cargo del maestro Yahir Garc\u00eda L\u00f3pez sobre las actividades espec\u00edficas que puede desarrollar la juventud morenista, y la juventud en general, en un contexto hist\u00f3rico como el actual, cuando transformamos la vida p\u00fablica nacional desde sus cimientos; y nosotros, las y los j\u00f3venes, somos los verdaderos protagonistas del cambio real\u00bb, expres\u00f3.<\/p>\n\n\n\n<p>Anah\u00ed Gonz\u00e1lez record\u00f3 que Morena Quintana Roo inicia un ciclo de conferencias, las cuales le toc\u00f3 el honor de inaugurar y est\u00e1n dirigidas a quienes militan, siguen y simpatizan este movimiento de esperanza, unidad y movilizaci\u00f3n.<\/p>\n\n\n\n<p>Ma\u00f1ana el de mujeres<\/p>\n\n\n\n<p>Este domingo se efectuar\u00e1 la conferencia con el tema de la Sororidad, dirigida a mujeres que militan o simpatizan con MORENA.<\/p>\n\n\n\n<figure class=\"wp-block-image size-large\"><img loading=\"lazy\" decoding=\"async\" width=\"960\" height=\"720\" src=\"http:\/\/vertienteglobal.com\/wp-content\/uploads\/2020\/12\/IMG-20201219-WA0085.jpg\" alt=\"\" class=\"wp-image-172144\" srcset=\"http:\/\/vertienteglobal.com\/wp-content\/uploads\/2020\/12\/IMG-20201219-WA0085.jpg 960w, http:\/\/vertienteglobal.com\/wp-content\/uploads\/2020\/12\/IMG-20201219-WA0085-300x225.jpg 300w, http:\/\/vertienteglobal.com\/wp-content\/uploads\/2020\/12\/IMG-20201219-WA0085-150x113.jpg 150w, http:\/\/vertienteglobal.com\/wp-content\/uploads\/2020\/12\/IMG-20201219-WA0085-768x576.jpg 768w\" sizes=\"auto, (max-width: 960px) 100vw, 960px\" \/><\/figure>\n","protected":false},"excerpt":{"rendered":"<p>(Redaccion) Destac\u00f3 el papel que representa la juventud para alcanzar una transformaci\u00f3n como la que actualmente encabeza en M\u00e9xico el Presidente Andr\u00e9s Manuel L\u00f3pez Obrador Canc\u00fan, Quintana Roo, a 19 de diciembre de 2020.- MORENA es un partido que siempre tiene la puerta abierta para los j\u00f3venes con inquietud de servir a su pa\u00eds y [&hellip;]<\/p>\n","protected":false},"author":1,"featured_media":172144,"comment_status":"open","ping_status":"open","sticky":false,"template":"","format":"standard","meta":{"footnotes":""},"categories":[3],"tags":[],"class_list":["post-172142","post","type-post","status-publish","format-standard","has-post-thumbnail","hentry","category-quintana-roo","entry","has-media"],"jetpack_featured_media_url":"http:\/\/vertienteglobal.com\/wp-content\/uploads\/2020\/12\/IMG-20201219-WA0085.jpg","_links":{"self":[{"href":"http:\/\/vertienteglobal.com\/index.php?rest_route=\/wp\/v2\/posts\/172142","targetHints":{"allow":["GET"]}}],"collection":[{"href":"http:\/\/vertienteglobal.com\/index.php?rest_route=\/wp\/v2\/posts"}],"about":[{"href":"http:\/\/vertienteglobal.com\/index.php?rest_route=\/wp\/v2\/types\/post"}],"author":[{"embeddable":true,"href":"http:\/\/vertienteglobal.com\/index.php?rest_route=\/wp\/v2\/users\/1"}],"replies":[{"embeddable":true,"href":"http:\/\/vertienteglobal.com\/index.php?rest_route=%2Fwp%2Fv2%2Fcomments&post=172142"}],"version-history":[{"count":0,"href":"http:\/\/vertienteglobal.com\/index.php?rest_route=\/wp\/v2\/posts\/172142\/revisions"}],"wp:featuredmedia":[{"embeddable":true,"href":"http:\/\/vertienteglobal.com\/index.php?rest_route=\/wp\/v2\/media\/172144"}],"wp:attachment":[{"href":"http:\/\/vertienteglobal.com\/index.php?rest_route=%2Fwp%2Fv2%2Fmedia&parent=172142"}],"wp:term":[{"taxonomy":"category","embeddable":true,"href":"http:\/\/vertienteglobal.com\/index.php?rest_route=%2Fwp%2Fv2%2Fcategories&post=172142"},{"taxonomy":"post_tag","embeddable":true,"href":"http:\/\/vertienteglobal.com\/index.php?rest_route=%2Fwp%2Fv2%2Ftags&post=172142"}],"curies":[{"name":"wp","href":"https:\/\/api.w.org\/{rel}","templated":true}]}}