{"id":171978,"date":"2020-12-17T20:50:00","date_gmt":"2020-12-18T02:50:00","guid":{"rendered":"http:\/\/vertienteglobal.com\/?p=171978"},"modified":"2020-12-17T21:03:19","modified_gmt":"2020-12-18T03:03:19","slug":"durante-festejos-decembrinos-juzgado-civico-atendera-casos-de-vecinos-ruidosos-en-cancun","status":"publish","type":"post","link":"http:\/\/vertienteglobal.com\/?p=171978","title":{"rendered":"Durante festejos decembrinos, Juzgado C\u00edvico atender\u00e1 casos de vecinos ruidosos en Canc\u00fan"},"content":{"rendered":"\n<div class=\"twitterbutton\" style=\"float: right; padding-left: 5px;\"><a href=\"http:\/\/twitter.com\/share\" class=\"twitter-share-button\" data-count=\"horizontal\" data-text=\"Durante festejos decembrinos, Juzgado C\u00edvico atender\u00e1 casos de vecinos ruidoso...\" data-via=\"https:\/\/twitter.com\/VertienteGloba1\" data-url=\"http:\/\/vertienteglobal.com\/?p=171978\" data-lang=\"es\" data-related=\"Informaci\u00f3n general:S\u00edguenos para que est\u00e9ss informado\"><\/a><\/div>\n<figure class=\"wp-block-image size-large\"><img loading=\"lazy\" decoding=\"async\" width=\"600\" height=\"314\" src=\"http:\/\/vertienteglobal.com\/wp-content\/uploads\/2020\/12\/IMG_20201217_214614.jpg\" alt=\"\" class=\"wp-image-171979\" srcset=\"http:\/\/vertienteglobal.com\/wp-content\/uploads\/2020\/12\/IMG_20201217_214614.jpg 600w, http:\/\/vertienteglobal.com\/wp-content\/uploads\/2020\/12\/IMG_20201217_214614-300x157.jpg 300w, http:\/\/vertienteglobal.com\/wp-content\/uploads\/2020\/12\/IMG_20201217_214614-150x79.jpg 150w\" sizes=\"auto, (max-width: 600px) 100vw, 600px\" \/><\/figure>\n\n\n\n<p>(Redacci\u00f3n)<\/p>\n\n\n\n<p>El Juzgado C\u00edvico Conciliatorio se ubica en la regi\u00f3n 95, calle 130, manzana 129, lote 1; a espaldas de la Avenida Industrial<\/p>\n\n\n\n<p>Canc\u00fan, Quintana Roo, a 17 de diciembre de 2020.- El director del Juzgado C\u00edvico Conciliatorio de Canc\u00fan, Juan Carlos Ak\u00e9, sostuvo que en est\u00e1s fechas no ser\u00e1 raro que los vecinos tengan problemas entre s\u00ed por el ruido propio de las fiestas decembrinas, de modo que los afectados pueden acudir a interponer una queja.<\/p>\n\n\n\n<p>Y es que en entrevista con Radio F\u00f3rmula, se\u00f1al\u00f3 que la principal funci\u00f3n de la direcci\u00f3n a su cargo es disminuir este tipo de problemas vecinales, por lo que acuden a los lugares denunciados para tratar de conciliar entre las personas que tengan alguna diferencia.<\/p>\n\n\n\n<p>Detall\u00f3: \u00abLas personas que quieran levantar una queja deben acudir personalmente con nosotros y explicar cu\u00e1l es su situaci\u00f3n. El vecino en cuesti\u00f3n recibir\u00e1 un citatorio para que se pueda llegar a un arreglo, para la sana convivencia entre ambos\u201d.<\/p>\n\n\n\n<p>Explic\u00f3 que los temas que ven en la direcci\u00f3n a su cargo son todos los problemas que pueden darse entre vecinos, por ejemplo, por los que sacan a pasear a sus perros y no recogen las heces de las mascotas e incurren en una falta administrativa contra la salud; otro ejemplo, contra el medio ambiente y el equilibrio ecol\u00f3gico, es si se escurre agua del techo del vecino y se estanca frente a una casa, lo que tambi\u00e9n es una falta administrativa.<\/p>\n\n\n\n<p>Dijo: \u201cHay much\u00edsimos ejemplos de inconformidades que se pueden dar entre vecinos; si acuden a nosotros para hacer una denuncia los atiende un juez c\u00edvico, le detallan el problema y nosotros los asesoramos, hacemos la notificaci\u00f3n al vecino y tratamos de conciliar entre ambos\u201d.<\/p>\n\n\n\n<p>Tambi\u00e9n aclar\u00f3 que, en el caso de vecinos ruidosos, no importan tanto los decibeles, sino el hecho de que molestan a alguien; en caso de ser excesivo, como en una obra en construcci\u00f3n o una f\u00e1brica con motores muy grandes, se remite a la direcci\u00f3n de Ecolog\u00eda, que es la que tiene la facultad de medir los decibeles autorizados.<\/p>\n\n\n\n<p>Inform\u00f3 que en algunas situaciones la direcci\u00f3n a su cargo y la de Ecolog\u00eda trabajan en coordinaci\u00f3n para establecer un l\u00edmite de los decibeles y tener un par\u00e1metro para levantar una sanci\u00f3n, pero que en realidad su funci\u00f3n es conciliatoria, y record\u00f3 que antes de acudir con ellos, los vecinos pueden recurrir a la polic\u00eda.<\/p>\n\n\n\n<p>Cabe destacar que el Juzgado C\u00edvico Conciliatorio se ubica en la regi\u00f3n 95, calle 130, manzana 129, lote 1; a espaldas de la Avenida Industrial.<\/p>\n","protected":false},"excerpt":{"rendered":"<p>(Redacci\u00f3n) El Juzgado C\u00edvico Conciliatorio se ubica en la regi\u00f3n 95, calle 130, manzana 129, lote 1; a espaldas de la Avenida Industrial Canc\u00fan, Quintana Roo, a 17 de diciembre de 2020.- El director del Juzgado C\u00edvico Conciliatorio de Canc\u00fan, Juan Carlos Ak\u00e9, sostuvo que en est\u00e1s fechas no ser\u00e1 raro que los vecinos tengan [&hellip;]<\/p>\n","protected":false},"author":1,"featured_media":171979,"comment_status":"open","ping_status":"open","sticky":false,"template":"","format":"standard","meta":{"footnotes":""},"categories":[3],"tags":[],"class_list":["post-171978","post","type-post","status-publish","format-standard","has-post-thumbnail","hentry","category-quintana-roo","entry","has-media"],"jetpack_featured_media_url":"http:\/\/vertienteglobal.com\/wp-content\/uploads\/2020\/12\/IMG_20201217_214614.jpg","_links":{"self":[{"href":"http:\/\/vertienteglobal.com\/index.php?rest_route=\/wp\/v2\/posts\/171978","targetHints":{"allow":["GET"]}}],"collection":[{"href":"http:\/\/vertienteglobal.com\/index.php?rest_route=\/wp\/v2\/posts"}],"about":[{"href":"http:\/\/vertienteglobal.com\/index.php?rest_route=\/wp\/v2\/types\/post"}],"author":[{"embeddable":true,"href":"http:\/\/vertienteglobal.com\/index.php?rest_route=\/wp\/v2\/users\/1"}],"replies":[{"embeddable":true,"href":"http:\/\/vertienteglobal.com\/index.php?rest_route=%2Fwp%2Fv2%2Fcomments&post=171978"}],"version-history":[{"count":0,"href":"http:\/\/vertienteglobal.com\/index.php?rest_route=\/wp\/v2\/posts\/171978\/revisions"}],"wp:featuredmedia":[{"embeddable":true,"href":"http:\/\/vertienteglobal.com\/index.php?rest_route=\/wp\/v2\/media\/171979"}],"wp:attachment":[{"href":"http:\/\/vertienteglobal.com\/index.php?rest_route=%2Fwp%2Fv2%2Fmedia&parent=171978"}],"wp:term":[{"taxonomy":"category","embeddable":true,"href":"http:\/\/vertienteglobal.com\/index.php?rest_route=%2Fwp%2Fv2%2Fcategories&post=171978"},{"taxonomy":"post_tag","embeddable":true,"href":"http:\/\/vertienteglobal.com\/index.php?rest_route=%2Fwp%2Fv2%2Ftags&post=171978"}],"curies":[{"name":"wp","href":"https:\/\/api.w.org\/{rel}","templated":true}]}}