{"id":171833,"date":"2020-12-15T21:50:00","date_gmt":"2020-12-16T03:50:00","guid":{"rendered":"http:\/\/vertienteglobal.com\/?p=171833"},"modified":"2020-12-16T00:45:33","modified_gmt":"2020-12-16T06:45:33","slug":"regresan-medicos-cubanos-para-apoyar-en-emergencia-sanitaria-en-la-cdmx","status":"publish","type":"post","link":"http:\/\/vertienteglobal.com\/?p=171833","title":{"rendered":"Regresan m\u00e9dicos cubanos para apoyar en emergencia sanitaria en la CDMX"},"content":{"rendered":"\n<div class=\"twitterbutton\" style=\"float: right; padding-left: 5px;\"><a href=\"http:\/\/twitter.com\/share\" class=\"twitter-share-button\" data-count=\"horizontal\" data-text=\"Regresan m\u00e9dicos cubanos para apoyar en emergencia sanitaria en la CDMX\" data-via=\"https:\/\/twitter.com\/VertienteGloba1\" data-url=\"http:\/\/vertienteglobal.com\/?p=171833\" data-lang=\"es\" data-related=\"Informaci\u00f3n general:S\u00edguenos para que est\u00e9ss informado\"><\/a><\/div>\n<figure class=\"wp-block-image size-large\"><img loading=\"lazy\" decoding=\"async\" width=\"1024\" height=\"683\" src=\"http:\/\/vertienteglobal.com\/wp-content\/uploads\/2020\/12\/1135247.jpg\" alt=\"\" class=\"wp-image-171834\" srcset=\"http:\/\/vertienteglobal.com\/wp-content\/uploads\/2020\/12\/1135247.jpg 1024w, http:\/\/vertienteglobal.com\/wp-content\/uploads\/2020\/12\/1135247-300x200.jpg 300w, http:\/\/vertienteglobal.com\/wp-content\/uploads\/2020\/12\/1135247-150x100.jpg 150w, http:\/\/vertienteglobal.com\/wp-content\/uploads\/2020\/12\/1135247-768x512.jpg 768w\" sizes=\"auto, (max-width: 1024px) 100vw, 1024px\" \/><\/figure>\n\n\n\n<p>(Redacci\u00f3n)<\/p>\n\n\n\n<p>Inform\u00f3: \u201cEstamos recibiendo apoyo por parte del Insabi y obviamente de los estados. Nuestro eterno agradecimiento al personal m\u00e9dico que est\u00e1 viniendo de otros estado de la Rep\u00fablica, que est\u00e1n en verde o amarillo y han decidido apoyar a los habitantes de la Ciudad y de la zona conurbada. Se ha recibido apoyo de Campeche, Veracruz, Chiapas, San Luis Potos\u00ed y viene Tlaxcala al apoyo<\/p>\n\n\n\n<p>Ciudad de M\u00e9xico, a 15 de diciembre de 2020.- La Ciudad de M\u00e9xico volvi\u00f3 a echar mano de los m\u00e9dicos cubanos, quienes vinieron en meses pasados a apoyar la emergencia sanitaria por COVID-19.<\/p>\n\n\n\n<p>Y es que la jefa de Gobierno, Claudia Sheinbaum, tambi\u00e9n enlist\u00f3 los estados que van a brindar su apoyo a la capital del pa\u00eds.<\/p>\n\n\n\n<p>Inform\u00f3: \u201cEstamos recibiendo apoyo por parte del Insabi y obviamente de los estados. Nuestro eterno agradecimiento al personal m\u00e9dico que est\u00e1 viniendo de otros estado de la Rep\u00fablica, que est\u00e1n en verde o amarillo y han decidido apoyar a los habitantes de la Ciudad y de la zona conurbada. Se ha recibido apoyo de Campeche, Veracruz, Chiapas, San Luis Potos\u00ed y viene Tlaxcala al apoyo.<\/p>\n\n\n\n<p>\u201cY s\u00ed, en efecto, estamos solicitando el apoyo tambi\u00e9n de nuevo a los m\u00e9dicos cubanos, que nos ayudaron en la \u00e9poca m\u00e1s dif\u00edcil de la pandemia para apoyar a los distintos hospitales de la Ciudad y agradecemos enormemente al pueblo cubano que nos permita poder disponer, a partir de un contrato que se hace que siempre ha sido transparente, del personal m\u00e9dico-cubano que no est\u00e1 viniendo apoyar\u201d, detall\u00f3.<\/p>\n","protected":false},"excerpt":{"rendered":"<p>(Redacci\u00f3n) Inform\u00f3: \u201cEstamos recibiendo apoyo por parte del Insabi y obviamente de los estados. Nuestro eterno agradecimiento al personal m\u00e9dico que est\u00e1 viniendo de otros estado de la Rep\u00fablica, que est\u00e1n en verde o amarillo y han decidido apoyar a los habitantes de la Ciudad y de la zona conurbada. Se ha recibido apoyo de [&hellip;]<\/p>\n","protected":false},"author":1,"featured_media":171834,"comment_status":"open","ping_status":"open","sticky":false,"template":"","format":"standard","meta":{"footnotes":""},"categories":[8],"tags":[],"class_list":["post-171833","post","type-post","status-publish","format-standard","has-post-thumbnail","hentry","category-pais","entry","has-media"],"jetpack_featured_media_url":"http:\/\/vertienteglobal.com\/wp-content\/uploads\/2020\/12\/1135247.jpg","_links":{"self":[{"href":"http:\/\/vertienteglobal.com\/index.php?rest_route=\/wp\/v2\/posts\/171833","targetHints":{"allow":["GET"]}}],"collection":[{"href":"http:\/\/vertienteglobal.com\/index.php?rest_route=\/wp\/v2\/posts"}],"about":[{"href":"http:\/\/vertienteglobal.com\/index.php?rest_route=\/wp\/v2\/types\/post"}],"author":[{"embeddable":true,"href":"http:\/\/vertienteglobal.com\/index.php?rest_route=\/wp\/v2\/users\/1"}],"replies":[{"embeddable":true,"href":"http:\/\/vertienteglobal.com\/index.php?rest_route=%2Fwp%2Fv2%2Fcomments&post=171833"}],"version-history":[{"count":0,"href":"http:\/\/vertienteglobal.com\/index.php?rest_route=\/wp\/v2\/posts\/171833\/revisions"}],"wp:featuredmedia":[{"embeddable":true,"href":"http:\/\/vertienteglobal.com\/index.php?rest_route=\/wp\/v2\/media\/171834"}],"wp:attachment":[{"href":"http:\/\/vertienteglobal.com\/index.php?rest_route=%2Fwp%2Fv2%2Fmedia&parent=171833"}],"wp:term":[{"taxonomy":"category","embeddable":true,"href":"http:\/\/vertienteglobal.com\/index.php?rest_route=%2Fwp%2Fv2%2Fcategories&post=171833"},{"taxonomy":"post_tag","embeddable":true,"href":"http:\/\/vertienteglobal.com\/index.php?rest_route=%2Fwp%2Fv2%2Ftags&post=171833"}],"curies":[{"name":"wp","href":"https:\/\/api.w.org\/{rel}","templated":true}]}}