{"id":171587,"date":"2020-12-11T15:50:00","date_gmt":"2020-12-11T21:50:00","guid":{"rendered":"http:\/\/vertienteglobal.com\/?p=171587"},"modified":"2020-12-11T18:03:49","modified_gmt":"2020-12-12T00:03:49","slug":"inaugura-volaris-nueva-ruta-entre-cancun-y-oaxaca","status":"publish","type":"post","link":"http:\/\/vertienteglobal.com\/?p=171587","title":{"rendered":"Inaugura Volaris nueva ruta entre Canc\u00fan y Oaxaca"},"content":{"rendered":"\n<div class=\"twitterbutton\" style=\"float: right; padding-left: 5px;\"><a href=\"http:\/\/twitter.com\/share\" class=\"twitter-share-button\" data-count=\"horizontal\" data-text=\"Inaugura Volaris nueva ruta entre Canc\u00fan y Oaxaca\" data-via=\"https:\/\/twitter.com\/VertienteGloba1\" data-url=\"http:\/\/vertienteglobal.com\/?p=171587\" data-lang=\"es\" data-related=\"Informaci\u00f3n general:S\u00edguenos para que est\u00e9ss informado\"><\/a><\/div>\n<figure class=\"wp-block-image size-large\"><img loading=\"lazy\" decoding=\"async\" width=\"715\" height=\"429\" src=\"http:\/\/vertienteglobal.com\/wp-content\/uploads\/2020\/12\/images-1.jpeg\" alt=\"\" class=\"wp-image-171593\" srcset=\"http:\/\/vertienteglobal.com\/wp-content\/uploads\/2020\/12\/images-1.jpeg 715w, http:\/\/vertienteglobal.com\/wp-content\/uploads\/2020\/12\/images-1-300x180.jpeg 300w, http:\/\/vertienteglobal.com\/wp-content\/uploads\/2020\/12\/images-1-150x90.jpeg 150w\" sizes=\"auto, (max-width: 715px) 100vw, 715px\" \/><\/figure>\n\n\n\n<p>(Redacci\u00f3n)<\/p>\n\n\n\n<p>Dar\u00edo Flota Ocampo, director del Consejo de Promoci\u00f3n Tur\u00edstica de Quintana Roo (CPTQ), agradeci\u00f3 a Volaris por la confianza en los destinos del Caribe Mexicano y dijo que esta nueva ruta reforzar\u00e1 la reactivaci\u00f3n tur\u00edstica del Estado y mejorar\u00e1 su conectividad<\/p>\n\n\n\n<p>Ciudad de M\u00e9xico, a 11 de diciembre de 2020.- Volaris inaugur\u00f3 hoy su nueva ruta Canc\u00fan (CUN)-Oaxaca (OAX) con tres frecuencias semanales los lunes, mi\u00e9rcoles y viernes.<\/p>\n\n\n\n<p>En esta nueva normalidad, Volaris mantiene su compromiso de ser una de las aerol\u00edneas con m\u00e1s rutas y operaciones y por eso durante diciembre conectar\u00e1 a Quintana Roo directamente con Oaxaca, considerada Patrimonio Cultural de la Humanidad por la Unesco, a fin de reforzar los lazos culturales en M\u00e9xico y ofrecer vuelos con las tarifas m\u00e1s bajas.<\/p>\n\n\n\n<p>Dar\u00edo Flota Ocampo, director del Consejo de Promoci\u00f3n Tur\u00edstica de Quintana Roo (CPTQ), agradeci\u00f3 a Volaris por la confianza en los destinos del Caribe Mexicano y dijo que esta nueva ruta reforzar\u00e1 la reactivaci\u00f3n tur\u00edstica del Estado y mejorar\u00e1 su conectividad.<\/p>\n\n\n\n<p>Por su parte, Miguel Agui\u00f1iga, director de Desarrollo de Mercados y Distribuci\u00f3n de Volaris, se dijo contento \u201cporque somos la aerol\u00ednea de ultra bajo costo m\u00e1s grande y con mayor n\u00famero de rutas operando tanto en Quintana Roo como en Oaxaca\u201d.<\/p>\n\n\n\n<p>De esta manera, continu\u00f3, conectaremos dos de los principales destinos tur\u00edsticos del pa\u00eds, promoviendo la recuperaci\u00f3n econ\u00f3mica y ofreciendo m\u00e1s oportunidades para que amigos y familiares puedan reencontrarse y viajar tranquilos.<\/p>\n\n\n\n<p>Desde el 2006, Volaris ha transportado a m\u00e1s de 21.6 millones de clientes desde y hacia Quintana Roo, al servir en los aeropuertos de Canc\u00fan, Chetumal y Cozumel. Durante diciembre, Volaris destinar\u00e1 11 aviones A320 a la operaci\u00f3n en esta entidad del sureste mexicano.<\/p>\n","protected":false},"excerpt":{"rendered":"<p>(Redacci\u00f3n) Dar\u00edo Flota Ocampo, director del Consejo de Promoci\u00f3n Tur\u00edstica de Quintana Roo (CPTQ), agradeci\u00f3 a Volaris por la confianza en los destinos del Caribe Mexicano y dijo que esta nueva ruta reforzar\u00e1 la reactivaci\u00f3n tur\u00edstica del Estado y mejorar\u00e1 su conectividad Ciudad de M\u00e9xico, a 11 de diciembre de 2020.- Volaris inaugur\u00f3 hoy su [&hellip;]<\/p>\n","protected":false},"author":1,"featured_media":171593,"comment_status":"open","ping_status":"open","sticky":false,"template":"","format":"standard","meta":{"footnotes":""},"categories":[8,3],"tags":[],"class_list":["post-171587","post","type-post","status-publish","format-standard","has-post-thumbnail","hentry","category-pais","category-quintana-roo","entry","has-media"],"jetpack_featured_media_url":"http:\/\/vertienteglobal.com\/wp-content\/uploads\/2020\/12\/images-1.jpeg","_links":{"self":[{"href":"http:\/\/vertienteglobal.com\/index.php?rest_route=\/wp\/v2\/posts\/171587","targetHints":{"allow":["GET"]}}],"collection":[{"href":"http:\/\/vertienteglobal.com\/index.php?rest_route=\/wp\/v2\/posts"}],"about":[{"href":"http:\/\/vertienteglobal.com\/index.php?rest_route=\/wp\/v2\/types\/post"}],"author":[{"embeddable":true,"href":"http:\/\/vertienteglobal.com\/index.php?rest_route=\/wp\/v2\/users\/1"}],"replies":[{"embeddable":true,"href":"http:\/\/vertienteglobal.com\/index.php?rest_route=%2Fwp%2Fv2%2Fcomments&post=171587"}],"version-history":[{"count":0,"href":"http:\/\/vertienteglobal.com\/index.php?rest_route=\/wp\/v2\/posts\/171587\/revisions"}],"wp:featuredmedia":[{"embeddable":true,"href":"http:\/\/vertienteglobal.com\/index.php?rest_route=\/wp\/v2\/media\/171593"}],"wp:attachment":[{"href":"http:\/\/vertienteglobal.com\/index.php?rest_route=%2Fwp%2Fv2%2Fmedia&parent=171587"}],"wp:term":[{"taxonomy":"category","embeddable":true,"href":"http:\/\/vertienteglobal.com\/index.php?rest_route=%2Fwp%2Fv2%2Fcategories&post=171587"},{"taxonomy":"post_tag","embeddable":true,"href":"http:\/\/vertienteglobal.com\/index.php?rest_route=%2Fwp%2Fv2%2Ftags&post=171587"}],"curies":[{"name":"wp","href":"https:\/\/api.w.org\/{rel}","templated":true}]}}