{"id":171405,"date":"2020-12-09T19:36:00","date_gmt":"2020-12-10T01:36:00","guid":{"rendered":"http:\/\/vertienteglobal.com\/?p=171405"},"modified":"2020-12-09T20:11:33","modified_gmt":"2020-12-10T02:11:33","slug":"thalia-se-une-a-campana-que-busca-prevenir-y-eliminar-la-violencia-contra-las-mujeres-y-ninas","status":"publish","type":"post","link":"http:\/\/vertienteglobal.com\/?p=171405","title":{"rendered":"Thal\u00eda se une a campa\u00f1a que busca prevenir y eliminar la violencia contra las mujeres y ni\u00f1as"},"content":{"rendered":"\n<div class=\"twitterbutton\" style=\"float: right; padding-left: 5px;\"><a href=\"http:\/\/twitter.com\/share\" class=\"twitter-share-button\" data-count=\"horizontal\" data-text=\"Thal\u00eda se une a campa\u00f1a que busca prevenir y eliminar la violencia contra las ...\" data-via=\"https:\/\/twitter.com\/VertienteGloba1\" data-url=\"http:\/\/vertienteglobal.com\/?p=171405\" data-lang=\"es\" data-related=\"Informaci\u00f3n general:S\u00edguenos para que est\u00e9ss informado\"><\/a><\/div>\n<figure class=\"wp-block-image size-large\"><img loading=\"lazy\" decoding=\"async\" width=\"800\" height=\"600\" src=\"http:\/\/vertienteglobal.com\/wp-content\/uploads\/2020\/12\/thalia-look-65363.jpg\" alt=\"\" class=\"wp-image-171406\" srcset=\"http:\/\/vertienteglobal.com\/wp-content\/uploads\/2020\/12\/thalia-look-65363.jpg 800w, http:\/\/vertienteglobal.com\/wp-content\/uploads\/2020\/12\/thalia-look-65363-300x225.jpg 300w, http:\/\/vertienteglobal.com\/wp-content\/uploads\/2020\/12\/thalia-look-65363-150x113.jpg 150w, http:\/\/vertienteglobal.com\/wp-content\/uploads\/2020\/12\/thalia-look-65363-768x576.jpg 768w\" sizes=\"auto, (max-width: 800px) 100vw, 800px\" \/><\/figure>\n\n\n\n<p>(Redacci\u00f3n)<\/p>\n\n\n\n<p>la artista hizo el anuncio de la noticia: \u201cHola mis amores, yo soy Thal\u00eda y me sumo a la campa\u00f1a #\u00daneteM\u00e9xico, para prevenir y eliminar la violencia contra las mujeres y las ni\u00f1as de ONU Mujeres M\u00e9xico e invito a Sof\u00eda Reyes a que se una con nosotros\u201d, dijo en el clip de su red social<\/p>\n\n\n\n<p>Ciudad de M\u00e9xico, a 09 de diciembre de 2020.- La actriz y cantante Thal\u00eda se uni\u00f3 a la campa\u00f1a #\u00daneteM\u00e9xico, con la finalidad de prevenir y eliminar la violencia contra las mujeres y ni\u00f1as.<\/p>\n\n\n\n<p>Y es que a trav\u00e9s de su cuenta oficial de Instagram, la artista hizo el anuncio de la noticia: \u201cHola mis amores, yo soy Thal\u00eda y me sumo a la campa\u00f1a #\u00daneteM\u00e9xico, para prevenir y eliminar la violencia contra las mujeres y las ni\u00f1as de ONU Mujeres M\u00e9xico e invito a Sof\u00eda Reyes a que se una con nosotros\u201d, dijo en el clip de su red social.<\/p>\n\n\n\n<p>\u201cCarin\u0303os, me sumo a la campan\u0303a #U\u0301neteMe\u0301xico, de @onumujeresmx, para prevenir y eliminar la violencia contra las mujeres y las nin\u0303as. Concienticemos sobre este problema tan serio y apoyemos esta iniciativa\u201d, a\u00f1adi\u00f3 la artista mexicana en la leyenda de su publicaci\u00f3n.<\/p>\n\n\n\n<p>Como era de esperarse, la iniciativa fue bien recibida por sus seguidores, quienes apoyaron a la mexicana por sumarse a esta iniciativa que busca luchar contra la violencia a la mujer. Asimismo, Sof\u00eda Reyes respondi\u00f3 a la solicitud de Thal\u00eda.<\/p>\n\n\n\n<p>Tambi\u00e9n con un video en su cuenta oficial de Instagram, la int\u00e9rprete de \u201c1,2,3\u201d confirm\u00f3 que se sum\u00f3 a la campa\u00f1a y agradeci\u00f3 a Thal\u00eda por mencionarla. Asimismo, Reyes extendi\u00f3 la invitaci\u00f3n a la int\u00e9rprete Lali Esp\u00f3sito.<\/p>\n","protected":false},"excerpt":{"rendered":"<p>(Redacci\u00f3n) la artista hizo el anuncio de la noticia: \u201cHola mis amores, yo soy Thal\u00eda y me sumo a la campa\u00f1a #\u00daneteM\u00e9xico, para prevenir y eliminar la violencia contra las mujeres y las ni\u00f1as de ONU Mujeres M\u00e9xico e invito a Sof\u00eda Reyes a que se una con nosotros\u201d, dijo en el clip de su [&hellip;]<\/p>\n","protected":false},"author":1,"featured_media":171406,"comment_status":"open","ping_status":"open","sticky":false,"template":"","format":"standard","meta":{"footnotes":""},"categories":[10],"tags":[],"class_list":["post-171405","post","type-post","status-publish","format-standard","has-post-thumbnail","hentry","category-espectaculos","entry","has-media"],"jetpack_featured_media_url":"http:\/\/vertienteglobal.com\/wp-content\/uploads\/2020\/12\/thalia-look-65363.jpg","_links":{"self":[{"href":"http:\/\/vertienteglobal.com\/index.php?rest_route=\/wp\/v2\/posts\/171405","targetHints":{"allow":["GET"]}}],"collection":[{"href":"http:\/\/vertienteglobal.com\/index.php?rest_route=\/wp\/v2\/posts"}],"about":[{"href":"http:\/\/vertienteglobal.com\/index.php?rest_route=\/wp\/v2\/types\/post"}],"author":[{"embeddable":true,"href":"http:\/\/vertienteglobal.com\/index.php?rest_route=\/wp\/v2\/users\/1"}],"replies":[{"embeddable":true,"href":"http:\/\/vertienteglobal.com\/index.php?rest_route=%2Fwp%2Fv2%2Fcomments&post=171405"}],"version-history":[{"count":0,"href":"http:\/\/vertienteglobal.com\/index.php?rest_route=\/wp\/v2\/posts\/171405\/revisions"}],"wp:featuredmedia":[{"embeddable":true,"href":"http:\/\/vertienteglobal.com\/index.php?rest_route=\/wp\/v2\/media\/171406"}],"wp:attachment":[{"href":"http:\/\/vertienteglobal.com\/index.php?rest_route=%2Fwp%2Fv2%2Fmedia&parent=171405"}],"wp:term":[{"taxonomy":"category","embeddable":true,"href":"http:\/\/vertienteglobal.com\/index.php?rest_route=%2Fwp%2Fv2%2Fcategories&post=171405"},{"taxonomy":"post_tag","embeddable":true,"href":"http:\/\/vertienteglobal.com\/index.php?rest_route=%2Fwp%2Fv2%2Ftags&post=171405"}],"curies":[{"name":"wp","href":"https:\/\/api.w.org\/{rel}","templated":true}]}}