{"id":171324,"date":"2020-12-08T18:50:00","date_gmt":"2020-12-09T00:50:00","guid":{"rendered":"http:\/\/vertienteglobal.com\/?p=171324"},"modified":"2020-12-08T20:46:21","modified_gmt":"2020-12-09T02:46:21","slug":"exige-adriana-teissier-a-titular-de-inmujeres-que-respete-la-autonomia-del-congreso-del-estado-y-se-mantengan-al-margen-de-los-asuntos-legislativos-estatales","status":"publish","type":"post","link":"http:\/\/vertienteglobal.com\/?p=171324","title":{"rendered":"Exige Adriana Teissier a titular de Inmujeres que respete la autonom\u00eda del Congreso del Estado y se mantengan al margen de los asuntos legislativos estatales"},"content":{"rendered":"\n<div class=\"twitterbutton\" style=\"float: right; padding-left: 5px;\"><a href=\"http:\/\/twitter.com\/share\" class=\"twitter-share-button\" data-count=\"horizontal\" data-text=\"Exige Adriana Teissier a titular de Inmujeres que respete la autonom\u00eda del Cong...\" data-via=\"https:\/\/twitter.com\/VertienteGloba1\" data-url=\"http:\/\/vertienteglobal.com\/?p=171324\" data-lang=\"es\" data-related=\"Informaci\u00f3n general:S\u00edguenos para que est\u00e9ss informado\"><\/a><\/div>\n<figure class=\"wp-block-image size-large\"><img loading=\"lazy\" decoding=\"async\" width=\"1024\" height=\"683\" src=\"http:\/\/vertienteglobal.com\/wp-content\/uploads\/2020\/12\/IMG-20201208-WA0077-1024x683.jpg\" alt=\"\" class=\"wp-image-171275\" srcset=\"http:\/\/vertienteglobal.com\/wp-content\/uploads\/2020\/12\/IMG-20201208-WA0077-1024x683.jpg 1024w, http:\/\/vertienteglobal.com\/wp-content\/uploads\/2020\/12\/IMG-20201208-WA0077-300x200.jpg 300w, http:\/\/vertienteglobal.com\/wp-content\/uploads\/2020\/12\/IMG-20201208-WA0077-150x100.jpg 150w, http:\/\/vertienteglobal.com\/wp-content\/uploads\/2020\/12\/IMG-20201208-WA0077-768x512.jpg 768w, http:\/\/vertienteglobal.com\/wp-content\/uploads\/2020\/12\/IMG-20201208-WA0077.jpg 1280w\" sizes=\"auto, (max-width: 1024px) 100vw, 1024px\" \/><\/figure>\n\n\n\n<p>(Redaccion)<\/p>\n\n\n\n<p>El llamado es para que se respete la autonom\u00eda de las entidades y no se transgreda la ley<\/p>\n\n\n\n<p>Ciudad de M\u00e9xico, a 8 de diciembre de 2020.- La diputada federal Adriana Teissier Zavala exigi\u00f3 a Nadine Gassman, directora del Instituto Nacional de las Mujeres (Inmujeres) respete la autonom\u00eda del Congreso del Estado de Quintana Roo y sean ellos los que decidan sobre el tema del aborto en vez de pretender influir para una posible aprobaci\u00f3n de su despenalizaci\u00f3n.<\/p>\n\n\n\n<p>\u00abEl pasado 7 de diciembre, el presidente de la mesa directiva del Congreso del Quintana Roo, recibi\u00f3 un comunicado de la doctora Nadine Gasman, presidenta de INMUJERES, en el que de manera irresponsable pretende interferir en la decisi\u00f3n que les corresponde tomar exclusivamente a los diputados de esa entidad, como representantes de los ciudadanos quintanarroenses\u00bb, explic\u00f3.<\/p>\n\n\n\n<p>Acompa\u00f1ada por diputados de diferentes bancadas, Adriana Teissier record\u00f3 que un grupo de mujeres que promueve el aborto, tomaron las instalaciones del Congreso del Estado, exigiendo la despenalizaci\u00f3n como condicionante para liberarlas.<\/p>\n\n\n\n<p>Expres\u00f3 que Nadine Gasman en su documento hace referencia a distintos acuerdos de oficinas adscritas a la ONU, con la intenci\u00f3n de influir en la decisi\u00f3n de los diputados locales de la XVI legislatura.<br>Sin embargo, agreg\u00f3, omiti\u00f3 mencionar que, en la asamblea general de la ONU, la vida se mantiene como un derecho fundamental que el Estado debe reconocer.<\/p>\n\n\n\n<p>Teissier Zavala cit\u00f3 textualmente parte del documento dirigido al presidente de la mesa directiva de XVI Legislatura de Quintana Roo.<\/p>\n\n\n\n<p>\u201cAcudo a usted, a fin compartirle respetuosamente la importancia que este instituto identifica en tan importante proyecto legislativo, su dictamen y discusi\u00f3n. Finalmente, deseo transmitirle que en el Instituto Nacional de las Mujeres celebramos el sentido de la iniciativa\u00bb.<br>Por ello, la legisladora federal hizo un en\u00e9rgico llamado a las instancias federales, para que se mantengan al margen de los asuntos legislativos estatales.<\/p>\n\n\n\n<p>Asever\u00f3 que este llamado es para que se respete la autonom\u00eda de las entidades y no se transgreda la ley; la constituci\u00f3n pol\u00edtica de nuestro pa\u00eds es muy clara, el articulo 40 menciona la autonom\u00eda plena de cada entidad federativa; y el art\u00edculo 49 de la constituci\u00f3n divide al gobierno en tres poderes: el Legislativo, el ejecutivo y el Judicial.<\/p>\n\n\n\n<p>Para concluir la legisladora quintanarroense enfatiz\u00f3 \u201cHablando de derechos humanos y justicia tenemos que dejar muy en claro, que una cosa son los miles de feminicidios en nuestro pa\u00eds, y otra es la despenalizaci\u00f3n del aborto y as\u00ed hay que tratarlos, por separado sin mezclarlos, en lo \u00fanico en que los feminicidios y el aborto se parecen es que ambos son un atentando contra la vida.<\/p>\n","protected":false},"excerpt":{"rendered":"<p>(Redaccion) El llamado es para que se respete la autonom\u00eda de las entidades y no se transgreda la ley Ciudad de M\u00e9xico, a 8 de diciembre de 2020.- La diputada federal Adriana Teissier Zavala exigi\u00f3 a Nadine Gassman, directora del Instituto Nacional de las Mujeres (Inmujeres) respete la autonom\u00eda del Congreso del Estado de Quintana [&hellip;]<\/p>\n","protected":false},"author":1,"featured_media":171275,"comment_status":"open","ping_status":"open","sticky":false,"template":"","format":"standard","meta":{"footnotes":""},"categories":[8,3],"tags":[],"class_list":["post-171324","post","type-post","status-publish","format-standard","has-post-thumbnail","hentry","category-pais","category-quintana-roo","entry","has-media"],"jetpack_featured_media_url":"http:\/\/vertienteglobal.com\/wp-content\/uploads\/2020\/12\/IMG-20201208-WA0077.jpg","_links":{"self":[{"href":"http:\/\/vertienteglobal.com\/index.php?rest_route=\/wp\/v2\/posts\/171324","targetHints":{"allow":["GET"]}}],"collection":[{"href":"http:\/\/vertienteglobal.com\/index.php?rest_route=\/wp\/v2\/posts"}],"about":[{"href":"http:\/\/vertienteglobal.com\/index.php?rest_route=\/wp\/v2\/types\/post"}],"author":[{"embeddable":true,"href":"http:\/\/vertienteglobal.com\/index.php?rest_route=\/wp\/v2\/users\/1"}],"replies":[{"embeddable":true,"href":"http:\/\/vertienteglobal.com\/index.php?rest_route=%2Fwp%2Fv2%2Fcomments&post=171324"}],"version-history":[{"count":0,"href":"http:\/\/vertienteglobal.com\/index.php?rest_route=\/wp\/v2\/posts\/171324\/revisions"}],"wp:featuredmedia":[{"embeddable":true,"href":"http:\/\/vertienteglobal.com\/index.php?rest_route=\/wp\/v2\/media\/171275"}],"wp:attachment":[{"href":"http:\/\/vertienteglobal.com\/index.php?rest_route=%2Fwp%2Fv2%2Fmedia&parent=171324"}],"wp:term":[{"taxonomy":"category","embeddable":true,"href":"http:\/\/vertienteglobal.com\/index.php?rest_route=%2Fwp%2Fv2%2Fcategories&post=171324"},{"taxonomy":"post_tag","embeddable":true,"href":"http:\/\/vertienteglobal.com\/index.php?rest_route=%2Fwp%2Fv2%2Ftags&post=171324"}],"curies":[{"name":"wp","href":"https:\/\/api.w.org\/{rel}","templated":true}]}}