{"id":171135,"date":"2020-12-05T18:44:39","date_gmt":"2020-12-06T00:44:39","guid":{"rendered":"http:\/\/vertienteglobal.com\/?p=171135"},"modified":"2020-12-06T16:47:03","modified_gmt":"2020-12-06T22:47:03","slug":"mas-de-38-mio-benitojuarenses-beneficiados-con-el-programa-empleate","status":"publish","type":"post","link":"http:\/\/vertienteglobal.com\/?p=171135","title":{"rendered":"Mas de 38 m\u00edo benitojuarenses beneficiados con el programa \u201cEmpl\u00e9ate\u201d"},"content":{"rendered":"\n<div class=\"twitterbutton\" style=\"float: right; padding-left: 5px;\"><a href=\"http:\/\/twitter.com\/share\" class=\"twitter-share-button\" data-count=\"horizontal\" data-text=\"Mas de 38 m\u00edo benitojuarenses beneficiados con el programa \u201cEmpl\u00e9ate\u201d\" data-via=\"https:\/\/twitter.com\/VertienteGloba1\" data-url=\"http:\/\/vertienteglobal.com\/?p=171135\" data-lang=\"es\" data-related=\"Informaci\u00f3n general:S\u00edguenos para que est\u00e9ss informado\"><\/a><\/div>\n<figure class=\"wp-block-image size-large\"><img loading=\"lazy\" decoding=\"async\" width=\"1024\" height=\"682\" src=\"http:\/\/vertienteglobal.com\/wp-content\/uploads\/2020\/12\/01_COMUNICADO-2385_MAS-DE-38-MIL-BENITOJUARENSES-BENEFICIADOS-CON-PROGRAMA-EMPLEATE-scaled-1-1024x682.jpeg\" alt=\"\" class=\"wp-image-171136\" srcset=\"http:\/\/vertienteglobal.com\/wp-content\/uploads\/2020\/12\/01_COMUNICADO-2385_MAS-DE-38-MIL-BENITOJUARENSES-BENEFICIADOS-CON-PROGRAMA-EMPLEATE-scaled-1-1024x682.jpeg 1024w, http:\/\/vertienteglobal.com\/wp-content\/uploads\/2020\/12\/01_COMUNICADO-2385_MAS-DE-38-MIL-BENITOJUARENSES-BENEFICIADOS-CON-PROGRAMA-EMPLEATE-scaled-1-300x200.jpeg 300w, http:\/\/vertienteglobal.com\/wp-content\/uploads\/2020\/12\/01_COMUNICADO-2385_MAS-DE-38-MIL-BENITOJUARENSES-BENEFICIADOS-CON-PROGRAMA-EMPLEATE-scaled-1-150x100.jpeg 150w, http:\/\/vertienteglobal.com\/wp-content\/uploads\/2020\/12\/01_COMUNICADO-2385_MAS-DE-38-MIL-BENITOJUARENSES-BENEFICIADOS-CON-PROGRAMA-EMPLEATE-scaled-1-768x511.jpeg 768w, http:\/\/vertienteglobal.com\/wp-content\/uploads\/2020\/12\/01_COMUNICADO-2385_MAS-DE-38-MIL-BENITOJUARENSES-BENEFICIADOS-CON-PROGRAMA-EMPLEATE-scaled-1-1536x1023.jpeg 1536w, http:\/\/vertienteglobal.com\/wp-content\/uploads\/2020\/12\/01_COMUNICADO-2385_MAS-DE-38-MIL-BENITOJUARENSES-BENEFICIADOS-CON-PROGRAMA-EMPLEATE-scaled-1.jpeg 1700w\" sizes=\"auto, (max-width: 1024px) 100vw, 1024px\" \/><\/figure>\n\n\n\n<p>(Redacci\u00f3n)<\/p>\n\n\n\n<p>La Presidente Municipal Mara Lezama se\u00f1al\u00f3 que a pesar de las dificultades de este 2020, el programa \u201cEmpl\u00e9ate\u201d no dej\u00f3 de ser un v\u00ednculo esencial para lograr que miles de personas tuvieran acceso a las ofertas de trabajo de empresas socialmente responsables, con la facilidad de tener tiempos de respuesta m\u00e1s cortos entre los empleadores y el ciudadano<\/p>\n\n\n\n<p>Canc\u00fan, Quintana Roo, a 05 de diciembre de 2020.- M\u00e1s de 38 mil buscadores de empleo han sido beneficiados por el Ayuntamiento de Benito Ju\u00e1rez, que a trav\u00e9s de la Direcci\u00f3n de Empleo y Capacitaci\u00f3n Laboral del Ayuntamiento de Benito Ju\u00e1rez les ha brindado atenci\u00f3n y la posibilidad de colocarse en un empleo formal.<\/p>\n\n\n\n<p>En este marco, la Presidente Municipal Mara Lezama se\u00f1al\u00f3 que a pesar de las dificultades de este 2020, el programa \u201cEmpl\u00e9ate\u201d no dej\u00f3 de ser un v\u00ednculo esencial para lograr que miles de personas tuvieran acceso a las ofertas de trabajo de empresas socialmente responsables, con la facilidad de tener tiempos de respuesta m\u00e1s cortos entre los empleadores y el ciudadano.<\/p>\n\n\n\n<p>\u201cHay que ir a paso firme en el tema de la recuperaci\u00f3n econ\u00f3mica para que haya sustento en los hogares, para que tengan un ingreso que les permita mejorar su calidad de vida\u201d, se\u00f1al\u00f3 la Primera Autoridad Municipal.<\/p>\n\n\n\n<p>Inform\u00f3 que durante esta administraci\u00f3n se han atendido a 38 mil 319 personas a trav\u00e9s de los diferentes programas con los que cuenta la Direcci\u00f3n Municipal de Empleo y Capacitaci\u00f3n Laboral.<\/p>\n\n\n\n<p>Por ejemplo, mencion\u00f3 que con Empl\u00e9ate en la oficina se han beneficiado a mil 618 personas; a trav\u00e9s de Vinculaci\u00f3n Virtual sumaron tres mil 828; con las jornadas de Ven y Empl\u00e9ate otros 24 mil 904; mientras que en las Audiencias P\u00fablicas del programa Tierra de Todos fueron 365 y de manera directa en la sede de la Direcci\u00f3n de Empleo a seis mil 398.<\/p>\n\n\n\n<p>Por otra parte, inform\u00f3 que desde el lanzamiento de la Plataforma Digital Empl\u00e9ate Web, la cual es segunda de su tipo en el estado y se encuentra dentro de las 10 mejores a nivel nacional, fueron atendidas mil 206 personas.<\/p>\n\n\n\n<p>La Primer Edil indic\u00f3 que en este momento en Empl\u00e9ate Web hay m\u00e1s de 144 empresas registradas que ofrecen dos mil 109 oportunidades de empleo.<\/p>\n\n\n\n<p>Recalc\u00f3 que a los buscadores de empleo se les proporcionan todas las facilidades y herramientas para desarrollarlas, bajo los lineamientos de inclusi\u00f3n, de no prejuicios, pero lo m\u00e1s importante, de oportunidades para todos.<\/p>\n\n\n\n<figure class=\"wp-block-image size-large\"><img loading=\"lazy\" decoding=\"async\" width=\"1024\" height=\"768\" src=\"http:\/\/vertienteglobal.com\/wp-content\/uploads\/2020\/12\/03_COMUNICADO-2385_MAS-DE-38-MIL-BENITOJUARENSES-BENEFICIADOS-CON-PROGRAMA-EMPLEATE-1024x768.jpeg\" alt=\"\" class=\"wp-image-171137\" srcset=\"http:\/\/vertienteglobal.com\/wp-content\/uploads\/2020\/12\/03_COMUNICADO-2385_MAS-DE-38-MIL-BENITOJUARENSES-BENEFICIADOS-CON-PROGRAMA-EMPLEATE-1024x768.jpeg 1024w, http:\/\/vertienteglobal.com\/wp-content\/uploads\/2020\/12\/03_COMUNICADO-2385_MAS-DE-38-MIL-BENITOJUARENSES-BENEFICIADOS-CON-PROGRAMA-EMPLEATE-300x225.jpeg 300w, http:\/\/vertienteglobal.com\/wp-content\/uploads\/2020\/12\/03_COMUNICADO-2385_MAS-DE-38-MIL-BENITOJUARENSES-BENEFICIADOS-CON-PROGRAMA-EMPLEATE-150x113.jpeg 150w, http:\/\/vertienteglobal.com\/wp-content\/uploads\/2020\/12\/03_COMUNICADO-2385_MAS-DE-38-MIL-BENITOJUARENSES-BENEFICIADOS-CON-PROGRAMA-EMPLEATE-768x576.jpeg 768w, http:\/\/vertienteglobal.com\/wp-content\/uploads\/2020\/12\/03_COMUNICADO-2385_MAS-DE-38-MIL-BENITOJUARENSES-BENEFICIADOS-CON-PROGRAMA-EMPLEATE.jpeg 1280w\" sizes=\"auto, (max-width: 1024px) 100vw, 1024px\" \/><\/figure>\n\n\n\n<figure class=\"wp-block-image size-large\"><img loading=\"lazy\" decoding=\"async\" width=\"1024\" height=\"677\" src=\"http:\/\/vertienteglobal.com\/wp-content\/uploads\/2020\/12\/05_COMUNICADO-2385_MAS-DE-38-MIL-BENITOJUARENSES-BENEFICIADOS-CON-PROGRAMA-EMPLEATE-scaled-1-1024x677.jpg\" alt=\"\" class=\"wp-image-171138\" srcset=\"http:\/\/vertienteglobal.com\/wp-content\/uploads\/2020\/12\/05_COMUNICADO-2385_MAS-DE-38-MIL-BENITOJUARENSES-BENEFICIADOS-CON-PROGRAMA-EMPLEATE-scaled-1-1024x677.jpg 1024w, http:\/\/vertienteglobal.com\/wp-content\/uploads\/2020\/12\/05_COMUNICADO-2385_MAS-DE-38-MIL-BENITOJUARENSES-BENEFICIADOS-CON-PROGRAMA-EMPLEATE-scaled-1-300x198.jpg 300w, http:\/\/vertienteglobal.com\/wp-content\/uploads\/2020\/12\/05_COMUNICADO-2385_MAS-DE-38-MIL-BENITOJUARENSES-BENEFICIADOS-CON-PROGRAMA-EMPLEATE-scaled-1-150x99.jpg 150w, http:\/\/vertienteglobal.com\/wp-content\/uploads\/2020\/12\/05_COMUNICADO-2385_MAS-DE-38-MIL-BENITOJUARENSES-BENEFICIADOS-CON-PROGRAMA-EMPLEATE-scaled-1-768x508.jpg 768w, http:\/\/vertienteglobal.com\/wp-content\/uploads\/2020\/12\/05_COMUNICADO-2385_MAS-DE-38-MIL-BENITOJUARENSES-BENEFICIADOS-CON-PROGRAMA-EMPLEATE-scaled-1-1536x1016.jpg 1536w, http:\/\/vertienteglobal.com\/wp-content\/uploads\/2020\/12\/05_COMUNICADO-2385_MAS-DE-38-MIL-BENITOJUARENSES-BENEFICIADOS-CON-PROGRAMA-EMPLEATE-scaled-1.jpg 1700w\" sizes=\"auto, (max-width: 1024px) 100vw, 1024px\" \/><\/figure>\n\n\n\n<figure class=\"wp-block-image size-large\"><img loading=\"lazy\" decoding=\"async\" width=\"1024\" height=\"768\" src=\"http:\/\/vertienteglobal.com\/wp-content\/uploads\/2020\/12\/04_COMUNICADO-2385_MAS-DE-38-MIL-BENITOJUARENSES-BENEFICIADOS-CON-PROGRAMA-EMPLEATE-scaled-1-1024x768.jpg\" alt=\"\" class=\"wp-image-171139\" srcset=\"http:\/\/vertienteglobal.com\/wp-content\/uploads\/2020\/12\/04_COMUNICADO-2385_MAS-DE-38-MIL-BENITOJUARENSES-BENEFICIADOS-CON-PROGRAMA-EMPLEATE-scaled-1-1024x768.jpg 1024w, http:\/\/vertienteglobal.com\/wp-content\/uploads\/2020\/12\/04_COMUNICADO-2385_MAS-DE-38-MIL-BENITOJUARENSES-BENEFICIADOS-CON-PROGRAMA-EMPLEATE-scaled-1-300x225.jpg 300w, http:\/\/vertienteglobal.com\/wp-content\/uploads\/2020\/12\/04_COMUNICADO-2385_MAS-DE-38-MIL-BENITOJUARENSES-BENEFICIADOS-CON-PROGRAMA-EMPLEATE-scaled-1-150x113.jpg 150w, http:\/\/vertienteglobal.com\/wp-content\/uploads\/2020\/12\/04_COMUNICADO-2385_MAS-DE-38-MIL-BENITOJUARENSES-BENEFICIADOS-CON-PROGRAMA-EMPLEATE-scaled-1-768x576.jpg 768w, http:\/\/vertienteglobal.com\/wp-content\/uploads\/2020\/12\/04_COMUNICADO-2385_MAS-DE-38-MIL-BENITOJUARENSES-BENEFICIADOS-CON-PROGRAMA-EMPLEATE-scaled-1-1536x1152.jpg 1536w, http:\/\/vertienteglobal.com\/wp-content\/uploads\/2020\/12\/04_COMUNICADO-2385_MAS-DE-38-MIL-BENITOJUARENSES-BENEFICIADOS-CON-PROGRAMA-EMPLEATE-scaled-1.jpg 1700w\" sizes=\"auto, (max-width: 1024px) 100vw, 1024px\" \/><\/figure>\n\n\n\n<figure class=\"wp-block-image size-large\"><img loading=\"lazy\" decoding=\"async\" width=\"1024\" height=\"768\" src=\"http:\/\/vertienteglobal.com\/wp-content\/uploads\/2020\/12\/02_COMUNICADO-2385_MAS-DE-38-MIL-BENITOJUARENSES-BENEFICIADOS-CON-PROGRAMA-EMPLEATE-1024x768.jpeg\" alt=\"\" class=\"wp-image-171140\" srcset=\"http:\/\/vertienteglobal.com\/wp-content\/uploads\/2020\/12\/02_COMUNICADO-2385_MAS-DE-38-MIL-BENITOJUARENSES-BENEFICIADOS-CON-PROGRAMA-EMPLEATE-1024x768.jpeg 1024w, http:\/\/vertienteglobal.com\/wp-content\/uploads\/2020\/12\/02_COMUNICADO-2385_MAS-DE-38-MIL-BENITOJUARENSES-BENEFICIADOS-CON-PROGRAMA-EMPLEATE-300x225.jpeg 300w, http:\/\/vertienteglobal.com\/wp-content\/uploads\/2020\/12\/02_COMUNICADO-2385_MAS-DE-38-MIL-BENITOJUARENSES-BENEFICIADOS-CON-PROGRAMA-EMPLEATE-150x113.jpeg 150w, http:\/\/vertienteglobal.com\/wp-content\/uploads\/2020\/12\/02_COMUNICADO-2385_MAS-DE-38-MIL-BENITOJUARENSES-BENEFICIADOS-CON-PROGRAMA-EMPLEATE-768x576.jpeg 768w, http:\/\/vertienteglobal.com\/wp-content\/uploads\/2020\/12\/02_COMUNICADO-2385_MAS-DE-38-MIL-BENITOJUARENSES-BENEFICIADOS-CON-PROGRAMA-EMPLEATE.jpeg 1280w\" sizes=\"auto, (max-width: 1024px) 100vw, 1024px\" \/><\/figure>\n","protected":false},"excerpt":{"rendered":"<p>(Redacci\u00f3n) La Presidente Municipal Mara Lezama se\u00f1al\u00f3 que a pesar de las dificultades de este 2020, el programa \u201cEmpl\u00e9ate\u201d no dej\u00f3 de ser un v\u00ednculo esencial para lograr que miles de personas tuvieran acceso a las ofertas de trabajo de empresas socialmente responsables, con la facilidad de tener tiempos de respuesta m\u00e1s cortos entre los [&hellip;]<\/p>\n","protected":false},"author":1,"featured_media":171136,"comment_status":"open","ping_status":"open","sticky":false,"template":"","format":"standard","meta":{"footnotes":""},"categories":[3],"tags":[],"class_list":["post-171135","post","type-post","status-publish","format-standard","has-post-thumbnail","hentry","category-quintana-roo","entry","has-media"],"jetpack_featured_media_url":"http:\/\/vertienteglobal.com\/wp-content\/uploads\/2020\/12\/01_COMUNICADO-2385_MAS-DE-38-MIL-BENITOJUARENSES-BENEFICIADOS-CON-PROGRAMA-EMPLEATE-scaled-1.jpeg","_links":{"self":[{"href":"http:\/\/vertienteglobal.com\/index.php?rest_route=\/wp\/v2\/posts\/171135","targetHints":{"allow":["GET"]}}],"collection":[{"href":"http:\/\/vertienteglobal.com\/index.php?rest_route=\/wp\/v2\/posts"}],"about":[{"href":"http:\/\/vertienteglobal.com\/index.php?rest_route=\/wp\/v2\/types\/post"}],"author":[{"embeddable":true,"href":"http:\/\/vertienteglobal.com\/index.php?rest_route=\/wp\/v2\/users\/1"}],"replies":[{"embeddable":true,"href":"http:\/\/vertienteglobal.com\/index.php?rest_route=%2Fwp%2Fv2%2Fcomments&post=171135"}],"version-history":[{"count":0,"href":"http:\/\/vertienteglobal.com\/index.php?rest_route=\/wp\/v2\/posts\/171135\/revisions"}],"wp:featuredmedia":[{"embeddable":true,"href":"http:\/\/vertienteglobal.com\/index.php?rest_route=\/wp\/v2\/media\/171136"}],"wp:attachment":[{"href":"http:\/\/vertienteglobal.com\/index.php?rest_route=%2Fwp%2Fv2%2Fmedia&parent=171135"}],"wp:term":[{"taxonomy":"category","embeddable":true,"href":"http:\/\/vertienteglobal.com\/index.php?rest_route=%2Fwp%2Fv2%2Fcategories&post=171135"},{"taxonomy":"post_tag","embeddable":true,"href":"http:\/\/vertienteglobal.com\/index.php?rest_route=%2Fwp%2Fv2%2Ftags&post=171135"}],"curies":[{"name":"wp","href":"https:\/\/api.w.org\/{rel}","templated":true}]}}