{"id":171071,"date":"2020-12-04T09:24:42","date_gmt":"2020-12-04T15:24:42","guid":{"rendered":"http:\/\/vertienteglobal.com\/?p=171071"},"modified":"2020-12-06T14:30:37","modified_gmt":"2020-12-06T20:30:37","slug":"reanuda-viva-aerobus-ruta-toluca-cancun","status":"publish","type":"post","link":"http:\/\/vertienteglobal.com\/?p=171071","title":{"rendered":"Reanuda Viva Aerob\u00fas ruta Toluca-Canc\u00fan"},"content":{"rendered":"\n<div class=\"twitterbutton\" style=\"float: right; padding-left: 5px;\"><a href=\"http:\/\/twitter.com\/share\" class=\"twitter-share-button\" data-count=\"horizontal\" data-text=\"Reanuda Viva Aerob\u00fas ruta Toluca-Canc\u00fan\" data-via=\"https:\/\/twitter.com\/VertienteGloba1\" data-url=\"http:\/\/vertienteglobal.com\/?p=171071\" data-lang=\"es\" data-related=\"Informaci\u00f3n general:S\u00edguenos para que est\u00e9ss informado\"><\/a><\/div>\n<figure class=\"wp-block-image size-large\"><img loading=\"lazy\" decoding=\"async\" width=\"700\" height=\"384\" src=\"http:\/\/vertienteglobal.com\/wp-content\/uploads\/2020\/12\/Screenshot-2020-12-04_08-34-10-875-e1607088976290.jpg\" alt=\"\" class=\"wp-image-171072\" srcset=\"http:\/\/vertienteglobal.com\/wp-content\/uploads\/2020\/12\/Screenshot-2020-12-04_08-34-10-875-e1607088976290.jpg 700w, http:\/\/vertienteglobal.com\/wp-content\/uploads\/2020\/12\/Screenshot-2020-12-04_08-34-10-875-e1607088976290-300x165.jpg 300w, http:\/\/vertienteglobal.com\/wp-content\/uploads\/2020\/12\/Screenshot-2020-12-04_08-34-10-875-e1607088976290-150x82.jpg 150w\" sizes=\"auto, (max-width: 700px) 100vw, 700px\" \/><\/figure>\n\n\n\n<p>(Redaccion)<\/p>\n\n\n\n<p>Viva Aerob\u00fas asegur\u00f3 que con este anuncio, mantiene su compromiso con una conectividad a\u00e9rea accesible en Quintana Roo reafirmando su liderazgo en Canc\u00fan siendo la aerol\u00ednea con la oferta m\u00e1s amplia de rutas desde\/hacia dicha ciudad, operando 24 rutas este diciembre (18 nacionales y 6 internacionales)<\/p>\n\n\n\n<p>Canc\u00fan, Quintana Roo, a 04 de diciembre de 2020.-&nbsp;El primer vuelo de la aerol\u00ednea Viva Aerob\u00fas procedente de Toluca aterriz\u00f3 este d\u00eda en el aeropuerto de Canc\u00fan, con lo que se reactiva esta ruta.<\/p>\n\n\n\n<p>Y es que en un comunicado, Viva Aerob\u00fas estableci\u00f3 que la reanudaci\u00f3n de la ruta busca atender las necesidades de un transporte a\u00e9reo, seguro y accesible de los pasajeros conforme a las tendencias de recuperaci\u00f3n del mercado.<\/p>\n\n\n\n<p>Informo que el vuelo Canc\u00fan- Toluca, ofrece,&nbsp; inicialmente,&nbsp; dos vuelos a la&nbsp; semana (jueves y domingo), frecuencia que se ajustar\u00e1 en l\u00ednea con la demanda y&nbsp; tarifas que inician desde los $449 pesos en viaje sencillo m\u00e1s el pago por la Tarifa de Uso Aeroportuario (TUA).<\/p>\n\n\n\n<p>Viva Aerob\u00fas asegur\u00f3 que con este anuncio, mantiene su compromiso con una conectividad a\u00e9rea accesible en Quintana Roo reafirmando su liderazgo en Canc\u00fan siendo la aerol\u00ednea con la oferta m\u00e1s amplia de rutas desde\/hacia dicha ciudad, operando 24 rutas este diciembre (18 nacionales y 6 internacionales).<\/p>\n\n\n\n<p>Esto, prosigui\u00f3, incluye tambi\u00e9n los reci\u00e9n inaugurados vuelos Ciudad de M\u00e9xico-Chetumal.<\/p>\n\n\n\n<p>Destac\u00f3 tambi\u00e9n que resultado de esta amplia presencia, la aerol\u00ednea super\u00f3 la marca de 14 millones de pasajeros transportados desde\/hacia Canc\u00fan, a partir de su fundaci\u00f3n en 2006.<\/p>\n\n\n\n<p>Viva Aerob\u00fas asegur\u00f3 que su oferta mejora a nivel nacional, pues durante diciembre opera 128 rutas (103 nacionales y 25 internacionales).<\/p>\n\n\n\n<p>Esto implica un aumento del 10 por ciento en su capacidad operacional en comparaci\u00f3n con diciembre de 2019, liderando as\u00ed la reactivaci\u00f3n del sector en el pa\u00eds.<\/p>\n\n\n\n<p>&nbsp;\u201cSeguimos trabajando por brindar a los pasajeros una opci\u00f3n segura, confiable, flexible y a precios bajos en el camino hacia la nueva realidad.<\/p>\n\n\n\n<p>Y en este contexto es clave fortalecer la conectividad del \u00c1rea Metropolitana del Valle de M\u00e9xico y cubrir las necesidades de transporte del centro del pa\u00eds\u201d, dijo el Director General de Viva Aerob\u00fas, Juan Carlos Zuazua.<\/p>\n\n\n\n<p>\u201cReiniciamos estos vuelos pensando en la comodidad de nuestros clientes, brindando opciones para que no tengan que desplazarse hasta la capital del pa\u00eds, sumado a nuestra nueva pol\u00edtica de flexibilidad que elimina los cargos por cambios\u201d, a\u00f1adi\u00f3.<\/p>\n\n\n\n<p>Recientemente, Viva Aerobus anunci\u00f3 la eliminaci\u00f3n permanente de los cargos por cambios en los vuelos.<\/p>\n\n\n\n<p>Ahora, los pasajeros que requieran realizar un cambio de fecha, horario o ruta en vuelos nacionales o internacionales podr\u00e1n realizarlo sin cargos extras, pagando \u00fanicamente la diferencia tarifaria, en caso de existir.<\/p>\n\n\n\n<p>Esta nueva pol\u00edtica de flexibilidad aplica para los combos Viva Light, Viva B\u00e1sico y Viva Smart y los cambios en destino, fecha u hora podr\u00e1n realizarse hasta cuatro horas antes del vuelo y podr\u00e1n solicitarse llamando al Call Center (LADA sin costo) 0181 82 150 150, en las Viva Tiendas o en el sitio web de la aerol\u00ednea.<\/p>\n\n\n\n<p>&nbsp;A la par de este renovado compromiso con la flexibilidad y servicio al pasajero, Viva recuerda que para cuidar de la salud y bienestar de sus pasajeros y colaboradores, ha implementado el programa de higiene y prevenci\u00f3n.<br>Viva estableci\u00f3 procesos adicionales de desinfecci\u00f3n en aeronaves y \u00e1reas comunes, lineamientos de distancia segura, uso de cubrebocas, entre muchas otras acciones.<\/p>\n\n\n\n<p>De esta manera, la aerol\u00ednea garantiza una operaci\u00f3n con irrestricto apego a todas las recomendaciones y medidas sanitarias emitidas por las autoridades nacionales e internacionales competentes.&nbsp;<\/p>\n","protected":false},"excerpt":{"rendered":"<p>(Redaccion) Viva Aerob\u00fas asegur\u00f3 que con este anuncio, mantiene su compromiso con una conectividad a\u00e9rea accesible en Quintana Roo reafirmando su liderazgo en Canc\u00fan siendo la aerol\u00ednea con la oferta m\u00e1s amplia de rutas desde\/hacia dicha ciudad, operando 24 rutas este diciembre (18 nacionales y 6 internacionales) Canc\u00fan, Quintana Roo, a 04 de diciembre de [&hellip;]<\/p>\n","protected":false},"author":1,"featured_media":171072,"comment_status":"open","ping_status":"open","sticky":false,"template":"","format":"standard","meta":{"footnotes":""},"categories":[3],"tags":[],"class_list":["post-171071","post","type-post","status-publish","format-standard","has-post-thumbnail","hentry","category-quintana-roo","entry","has-media"],"jetpack_featured_media_url":"http:\/\/vertienteglobal.com\/wp-content\/uploads\/2020\/12\/Screenshot-2020-12-04_08-34-10-875-e1607088976290.jpg","_links":{"self":[{"href":"http:\/\/vertienteglobal.com\/index.php?rest_route=\/wp\/v2\/posts\/171071","targetHints":{"allow":["GET"]}}],"collection":[{"href":"http:\/\/vertienteglobal.com\/index.php?rest_route=\/wp\/v2\/posts"}],"about":[{"href":"http:\/\/vertienteglobal.com\/index.php?rest_route=\/wp\/v2\/types\/post"}],"author":[{"embeddable":true,"href":"http:\/\/vertienteglobal.com\/index.php?rest_route=\/wp\/v2\/users\/1"}],"replies":[{"embeddable":true,"href":"http:\/\/vertienteglobal.com\/index.php?rest_route=%2Fwp%2Fv2%2Fcomments&post=171071"}],"version-history":[{"count":0,"href":"http:\/\/vertienteglobal.com\/index.php?rest_route=\/wp\/v2\/posts\/171071\/revisions"}],"wp:featuredmedia":[{"embeddable":true,"href":"http:\/\/vertienteglobal.com\/index.php?rest_route=\/wp\/v2\/media\/171072"}],"wp:attachment":[{"href":"http:\/\/vertienteglobal.com\/index.php?rest_route=%2Fwp%2Fv2%2Fmedia&parent=171071"}],"wp:term":[{"taxonomy":"category","embeddable":true,"href":"http:\/\/vertienteglobal.com\/index.php?rest_route=%2Fwp%2Fv2%2Fcategories&post=171071"},{"taxonomy":"post_tag","embeddable":true,"href":"http:\/\/vertienteglobal.com\/index.php?rest_route=%2Fwp%2Fv2%2Ftags&post=171071"}],"curies":[{"name":"wp","href":"https:\/\/api.w.org\/{rel}","templated":true}]}}