{"id":170850,"date":"2020-12-02T17:06:00","date_gmt":"2020-12-02T23:06:00","guid":{"rendered":"http:\/\/vertienteglobal.com\/?p=170850"},"modified":"2020-12-02T19:08:49","modified_gmt":"2020-12-03T01:08:49","slug":"gobierno-de-bj-se-suma-al-pacto-para-la-reactivacion-economica-responsable","status":"publish","type":"post","link":"http:\/\/vertienteglobal.com\/?p=170850","title":{"rendered":"Gobierno de BJ se suma al \u00abPacto para la Reactivaci\u00f3n Econ\u00f3mica Responsable\u00bb"},"content":{"rendered":"\n<div class=\"twitterbutton\" style=\"float: right; padding-left: 5px;\"><a href=\"http:\/\/twitter.com\/share\" class=\"twitter-share-button\" data-count=\"horizontal\" data-text=\"Gobierno de BJ se suma al \u00abPacto para la Reactivaci\u00f3n Econ\u00f3mica Responsable\u00bb\" data-via=\"https:\/\/twitter.com\/VertienteGloba1\" data-url=\"http:\/\/vertienteglobal.com\/?p=170850\" data-lang=\"es\" data-related=\"Informaci\u00f3n general:S\u00edguenos para que est\u00e9ss informado\"><\/a><\/div>\n<figure class=\"wp-block-image size-large\"><img loading=\"lazy\" decoding=\"async\" width=\"1024\" height=\"676\" src=\"http:\/\/vertienteglobal.com\/wp-content\/uploads\/2020\/12\/01-1024x676.jpg\" alt=\"\" class=\"wp-image-170851\" srcset=\"http:\/\/vertienteglobal.com\/wp-content\/uploads\/2020\/12\/01-1024x676.jpg 1024w, http:\/\/vertienteglobal.com\/wp-content\/uploads\/2020\/12\/01-300x198.jpg 300w, http:\/\/vertienteglobal.com\/wp-content\/uploads\/2020\/12\/01-150x99.jpg 150w, http:\/\/vertienteglobal.com\/wp-content\/uploads\/2020\/12\/01-768x507.jpg 768w, http:\/\/vertienteglobal.com\/wp-content\/uploads\/2020\/12\/01-1536x1014.jpg 1536w, http:\/\/vertienteglobal.com\/wp-content\/uploads\/2020\/12\/01.jpg 1575w\" sizes=\"auto, (max-width: 1024px) 100vw, 1024px\" \/><\/figure>\n\n\n\n<p>(Redacci\u00f3n)<\/p>\n\n\n\n<p>Mara Lezama destac\u00f3 que fruto de todas las acciones emprendidas hoy por hoy, Canc\u00fan refleja una recuperaci\u00f3n favorable en materia de conectividad a\u00e9rea y ocupaci\u00f3n hotelera<\/p>\n\n\n\n<p>Canc\u00fan, Quintana Roo, a 02 de diciembre de 2020.- Para impulsar mayores acciones que permitan el equilibrio entre la salud y la recuperaci\u00f3n de la econom\u00eda, la Presidente Municipal de Benito Ju\u00e1rez, Mara Lezama, particip\u00f3 en la firma del \u201cPacto de Reactivaci\u00f3n Econ\u00f3mica Responsable\u201d, entre ayuntamientos y sectores estrat\u00e9gicos.<\/p>\n\n\n\n<p>En el evento, encabezado por el gobernador del estado, Carlos Joaqu\u00edn Gonz\u00e1lez, la Primera Autoridad Municipal hizo un recuento de las estrategias emprendidas, las cuales se realizaron con el objetivo de priorizar el bienestar de los benitojuarenses sin afectar a ning\u00fan sector.<\/p>\n\n\n\n<p>\u201cDesde el inicio de la pandemia, el municipio de Benito Ju\u00e1rez tuvo muy claro cu\u00e1l deb\u00eda ser su papel y hacia d\u00f3nde dirigirse, de manera que creamos nuestro propio protocolo y lo primero que hicimos fue reunirnos con todos los empresarios y comerciantes. Ese fue nuestro primer gran acierto: actuar con responsabilidad y encontrar soluciones, sumados de manera incondicional con el Gobierno del Estado y de la mano del Gobierno de M\u00e9xico\u201d, afirm\u00f3 la Primera Edil.<\/p>\n\n\n\n<p>Ante presidentes municipales de la zona norte y representantes de los diferentes sectores econ\u00f3micos de la entidad, Mara Lezama destac\u00f3 que fruto de todas las acciones emprendidas hoy por hoy, Canc\u00fan refleja una recuperaci\u00f3n favorable en materia de conectividad a\u00e9rea y ocupaci\u00f3n hotelera.<\/p>\n\n\n\n<p>\u201cCanc\u00fan tendr\u00e1 la atenci\u00f3n de todo el gremio tur\u00edstico a nivel internacional en 2021, ya que seremos sede de la Cumbre del Consejo Mundial de Viajes y Turismo (WTTC) en el mes de marzo; esto no fue fortuito, fuimos la primera ciudad certificada en todo el mundo como destino seguro\u201d, enfatiz\u00f3.<\/p>\n\n\n\n<p>Resalt\u00f3 la importancia de la uni\u00f3n y redoblar esfuerzos mediante este acuerdo para alcanzar la meta de restablecer la econom\u00eda de manera responsable.<\/p>\n\n\n\n<p>\u201cEste pacto nos ayudar\u00e1 a salir adelante, la pandemia intent\u00f3 arrinconarnos en el miedo, pero jam\u00e1s en la desesperanza y si trabajamos en equipo, unidos y no bajamos los brazos, cerraremos este 2020 sumamente complicado, pero llegar\u00e1 un 2021 con esperanza y una gran reactivaci\u00f3n\u201d, acot\u00f3.<\/p>\n\n\n\n<p>En el encuentro, el gobernador Carlos Joaqu\u00edn hizo entrega de los lineamientos a los presidentes municipales y representantes de sectores estrat\u00e9gicos, adem\u00e1s se procedi\u00f3 a la firma del pacto, como un llamado inclusivo a todos los actores de la vida p\u00fablica y social, a fin de reforzar los nuevos h\u00e1bitos sanitarios.<\/p>\n\n\n\n<figure class=\"wp-block-image size-large\"><img loading=\"lazy\" decoding=\"async\" width=\"1024\" height=\"702\" src=\"http:\/\/vertienteglobal.com\/wp-content\/uploads\/2020\/12\/02-scaled-1-1024x702.jpg\" alt=\"\" class=\"wp-image-170852\" srcset=\"http:\/\/vertienteglobal.com\/wp-content\/uploads\/2020\/12\/02-scaled-1-1024x702.jpg 1024w, http:\/\/vertienteglobal.com\/wp-content\/uploads\/2020\/12\/02-scaled-1-300x206.jpg 300w, http:\/\/vertienteglobal.com\/wp-content\/uploads\/2020\/12\/02-scaled-1-150x103.jpg 150w, http:\/\/vertienteglobal.com\/wp-content\/uploads\/2020\/12\/02-scaled-1-768x527.jpg 768w, http:\/\/vertienteglobal.com\/wp-content\/uploads\/2020\/12\/02-scaled-1-1536x1054.jpg 1536w, http:\/\/vertienteglobal.com\/wp-content\/uploads\/2020\/12\/02-scaled-1.jpg 1700w\" sizes=\"auto, (max-width: 1024px) 100vw, 1024px\" \/><\/figure>\n\n\n\n<figure class=\"wp-block-image size-large\"><img loading=\"lazy\" decoding=\"async\" width=\"1024\" height=\"648\" src=\"http:\/\/vertienteglobal.com\/wp-content\/uploads\/2020\/12\/03-scaled-1-1024x648.jpg\" alt=\"\" class=\"wp-image-170853\" srcset=\"http:\/\/vertienteglobal.com\/wp-content\/uploads\/2020\/12\/03-scaled-1-1024x648.jpg 1024w, http:\/\/vertienteglobal.com\/wp-content\/uploads\/2020\/12\/03-scaled-1-300x190.jpg 300w, http:\/\/vertienteglobal.com\/wp-content\/uploads\/2020\/12\/03-scaled-1-150x95.jpg 150w, http:\/\/vertienteglobal.com\/wp-content\/uploads\/2020\/12\/03-scaled-1-768x486.jpg 768w, http:\/\/vertienteglobal.com\/wp-content\/uploads\/2020\/12\/03-scaled-1-1536x971.jpg 1536w, http:\/\/vertienteglobal.com\/wp-content\/uploads\/2020\/12\/03-scaled-1.jpg 1700w\" sizes=\"auto, (max-width: 1024px) 100vw, 1024px\" \/><\/figure>\n","protected":false},"excerpt":{"rendered":"<p>(Redacci\u00f3n) Mara Lezama destac\u00f3 que fruto de todas las acciones emprendidas hoy por hoy, Canc\u00fan refleja una recuperaci\u00f3n favorable en materia de conectividad a\u00e9rea y ocupaci\u00f3n hotelera Canc\u00fan, Quintana Roo, a 02 de diciembre de 2020.- Para impulsar mayores acciones que permitan el equilibrio entre la salud y la recuperaci\u00f3n de la econom\u00eda, la Presidente [&hellip;]<\/p>\n","protected":false},"author":1,"featured_media":170851,"comment_status":"open","ping_status":"open","sticky":false,"template":"","format":"standard","meta":{"footnotes":""},"categories":[3],"tags":[],"class_list":["post-170850","post","type-post","status-publish","format-standard","has-post-thumbnail","hentry","category-quintana-roo","entry","has-media"],"jetpack_featured_media_url":"http:\/\/vertienteglobal.com\/wp-content\/uploads\/2020\/12\/01.jpg","_links":{"self":[{"href":"http:\/\/vertienteglobal.com\/index.php?rest_route=\/wp\/v2\/posts\/170850","targetHints":{"allow":["GET"]}}],"collection":[{"href":"http:\/\/vertienteglobal.com\/index.php?rest_route=\/wp\/v2\/posts"}],"about":[{"href":"http:\/\/vertienteglobal.com\/index.php?rest_route=\/wp\/v2\/types\/post"}],"author":[{"embeddable":true,"href":"http:\/\/vertienteglobal.com\/index.php?rest_route=\/wp\/v2\/users\/1"}],"replies":[{"embeddable":true,"href":"http:\/\/vertienteglobal.com\/index.php?rest_route=%2Fwp%2Fv2%2Fcomments&post=170850"}],"version-history":[{"count":0,"href":"http:\/\/vertienteglobal.com\/index.php?rest_route=\/wp\/v2\/posts\/170850\/revisions"}],"wp:featuredmedia":[{"embeddable":true,"href":"http:\/\/vertienteglobal.com\/index.php?rest_route=\/wp\/v2\/media\/170851"}],"wp:attachment":[{"href":"http:\/\/vertienteglobal.com\/index.php?rest_route=%2Fwp%2Fv2%2Fmedia&parent=170850"}],"wp:term":[{"taxonomy":"category","embeddable":true,"href":"http:\/\/vertienteglobal.com\/index.php?rest_route=%2Fwp%2Fv2%2Fcategories&post=170850"},{"taxonomy":"post_tag","embeddable":true,"href":"http:\/\/vertienteglobal.com\/index.php?rest_route=%2Fwp%2Fv2%2Ftags&post=170850"}],"curies":[{"name":"wp","href":"https:\/\/api.w.org\/{rel}","templated":true}]}}