{"id":170602,"date":"2020-11-29T11:50:00","date_gmt":"2020-11-29T17:50:00","guid":{"rendered":"http:\/\/vertienteglobal.com\/?p=170602"},"modified":"2020-11-29T18:58:28","modified_gmt":"2020-11-30T00:58:28","slug":"se-pronuncia-adriana-teissier-por-un-parlamento-para-tocar-el-tema-del-aborto","status":"publish","type":"post","link":"http:\/\/vertienteglobal.com\/?p=170602","title":{"rendered":"Se pronuncia Adriana Teissier por un parlamento para tocar el tema del aborto"},"content":{"rendered":"\n<div class=\"twitterbutton\" style=\"float: right; padding-left: 5px;\"><a href=\"http:\/\/twitter.com\/share\" class=\"twitter-share-button\" data-count=\"horizontal\" data-text=\"Se pronuncia Adriana Teissier por un parlamento para tocar el tema del aborto\" data-via=\"https:\/\/twitter.com\/VertienteGloba1\" data-url=\"http:\/\/vertienteglobal.com\/?p=170602\" data-lang=\"es\" data-related=\"Informaci\u00f3n general:S\u00edguenos para que est\u00e9ss informado\"><\/a><\/div>\n<figure class=\"wp-block-image size-large\"><img loading=\"lazy\" decoding=\"async\" width=\"1024\" height=\"576\" src=\"http:\/\/vertienteglobal.com\/wp-content\/uploads\/2020\/11\/IMG-20201129-WA0042-1024x576.jpg\" alt=\"\" class=\"wp-image-170603\" srcset=\"http:\/\/vertienteglobal.com\/wp-content\/uploads\/2020\/11\/IMG-20201129-WA0042-1024x576.jpg 1024w, http:\/\/vertienteglobal.com\/wp-content\/uploads\/2020\/11\/IMG-20201129-WA0042-300x169.jpg 300w, http:\/\/vertienteglobal.com\/wp-content\/uploads\/2020\/11\/IMG-20201129-WA0042-150x84.jpg 150w, http:\/\/vertienteglobal.com\/wp-content\/uploads\/2020\/11\/IMG-20201129-WA0042-768x432.jpg 768w, http:\/\/vertienteglobal.com\/wp-content\/uploads\/2020\/11\/IMG-20201129-WA0042.jpg 1280w\" sizes=\"auto, (max-width: 1024px) 100vw, 1024px\" \/><\/figure>\n\n\n\n<p>(Redacci\u00f3n)<\/p>\n\n\n\n<p>La legisladora federal consider\u00f3 que se tiene que escuchar a todas las partes y que con base a ello los diputados locales fijen el sentido de su voto<\/p>\n\n\n\n<p>Canc\u00fan, Quintana Roo, a 29 de noviembre 2020.- La diputada federal Adriana Teissier Zavala se pronunci\u00f3 a favor de la instrumentaci\u00f3n de la figura del parlamento abierto para atender el tema de la despenalizaci\u00f3n del aborto.<\/p>\n\n\n\n<p>Lo anterior lo expuso debido a las protestas de grupos feministas que tomaron la sede del Poder Legislativo local y exigen la despenalizaci\u00f3n del aborto.<\/p>\n\n\n\n<p>Al se\u00f1alar que est\u00e1 en contra del \u201csecuestro\u201d de las instalaciones del Congreso del Estado, como medida de presi\u00f3n sobre el tema, Adriana Teissier indic\u00f3 que el parlamento abierto permitir\u00eda a todas las partes interesadas emitir y sustentar su punto de vista.<\/p>\n\n\n\n<p>En conferencia de prensa, convocada por integrantes de la sociedad civil organizada, la legisladora federal consider\u00f3 que se tiene que escuchar a todas las partes y que con base a ello los diputados locales fijen el sentido de su voto.<\/p>\n\n\n\n<p>\u00abAfortunadamente no todos pensamos igual\u00bb, coment\u00f3.<\/p>\n\n\n\n<p>Ante todo, asegur\u00f3, se tiene que privilegiar la paz, la civilidad y el Estado de Derecho, el respeto que es lo m\u00e1s importante hacia los conciudadanos.<\/p>\n\n\n\n<p>\u00abHay diversidad de opiniones entre la sociedad, no todos piensan igual sobre algunos temas y es precisamente esa diversidad es lo que hace grande a un estado o una naci\u00f3n, el escucharlas ayuda a tomar mejores decisiones\u00bb, cit\u00f3.<\/p>\n\n\n\n<p>Asever\u00f3 que como sociedad no debe se permitir que se secuestren las instalaciones del Poder Legislativo como medida de presi\u00f3n por parte de un grupo espec\u00edfico.<\/p>\n\n\n\n<p>En la conferencia de prensa participaron Patricia L\u00f3pez Mancera, representante del Frente Nacional por la Familia; Sonia Cano del Centro de Estudios y Formaci\u00f3n Integral de la Mujer; Mar\u00eda Esther Alonso de Alianza por el Derecho a la Vida; Martha Torija de Juventud Celeste y Nora Cruzycorro de la Fundaci\u00f3n Hoy Por Ti.<\/p>\n","protected":false},"excerpt":{"rendered":"<p>(Redacci\u00f3n) La legisladora federal consider\u00f3 que se tiene que escuchar a todas las partes y que con base a ello los diputados locales fijen el sentido de su voto Canc\u00fan, Quintana Roo, a 29 de noviembre 2020.- La diputada federal Adriana Teissier Zavala se pronunci\u00f3 a favor de la instrumentaci\u00f3n de la figura del parlamento [&hellip;]<\/p>\n","protected":false},"author":1,"featured_media":170603,"comment_status":"open","ping_status":"open","sticky":false,"template":"","format":"standard","meta":{"footnotes":""},"categories":[3],"tags":[],"class_list":["post-170602","post","type-post","status-publish","format-standard","has-post-thumbnail","hentry","category-quintana-roo","entry","has-media"],"jetpack_featured_media_url":"http:\/\/vertienteglobal.com\/wp-content\/uploads\/2020\/11\/IMG-20201129-WA0042.jpg","_links":{"self":[{"href":"http:\/\/vertienteglobal.com\/index.php?rest_route=\/wp\/v2\/posts\/170602","targetHints":{"allow":["GET"]}}],"collection":[{"href":"http:\/\/vertienteglobal.com\/index.php?rest_route=\/wp\/v2\/posts"}],"about":[{"href":"http:\/\/vertienteglobal.com\/index.php?rest_route=\/wp\/v2\/types\/post"}],"author":[{"embeddable":true,"href":"http:\/\/vertienteglobal.com\/index.php?rest_route=\/wp\/v2\/users\/1"}],"replies":[{"embeddable":true,"href":"http:\/\/vertienteglobal.com\/index.php?rest_route=%2Fwp%2Fv2%2Fcomments&post=170602"}],"version-history":[{"count":0,"href":"http:\/\/vertienteglobal.com\/index.php?rest_route=\/wp\/v2\/posts\/170602\/revisions"}],"wp:featuredmedia":[{"embeddable":true,"href":"http:\/\/vertienteglobal.com\/index.php?rest_route=\/wp\/v2\/media\/170603"}],"wp:attachment":[{"href":"http:\/\/vertienteglobal.com\/index.php?rest_route=%2Fwp%2Fv2%2Fmedia&parent=170602"}],"wp:term":[{"taxonomy":"category","embeddable":true,"href":"http:\/\/vertienteglobal.com\/index.php?rest_route=%2Fwp%2Fv2%2Fcategories&post=170602"},{"taxonomy":"post_tag","embeddable":true,"href":"http:\/\/vertienteglobal.com\/index.php?rest_route=%2Fwp%2Fv2%2Ftags&post=170602"}],"curies":[{"name":"wp","href":"https:\/\/api.w.org\/{rel}","templated":true}]}}