{"id":170513,"date":"2020-11-27T08:49:00","date_gmt":"2020-11-27T14:49:00","guid":{"rendered":"http:\/\/vertienteglobal.com\/?p=170513"},"modified":"2020-11-27T16:53:26","modified_gmt":"2020-11-27T22:53:26","slug":"el-mamey-una-dulce-fruta-exotica","status":"publish","type":"post","link":"http:\/\/vertienteglobal.com\/?p=170513","title":{"rendered":"El mamey, una dulce fruta ex\u00f3tica"},"content":{"rendered":"\n<div class=\"twitterbutton\" style=\"float: right; padding-left: 5px;\"><a href=\"http:\/\/twitter.com\/share\" class=\"twitter-share-button\" data-count=\"horizontal\" data-text=\"El mamey, una dulce fruta ex\u00f3tica\" data-via=\"https:\/\/twitter.com\/VertienteGloba1\" data-url=\"http:\/\/vertienteglobal.com\/?p=170513\" data-lang=\"es\" data-related=\"Informaci\u00f3n general:S\u00edguenos para que est\u00e9ss informado\"><\/a><\/div>\n<figure class=\"wp-block-image size-large\"><img loading=\"lazy\" decoding=\"async\" width=\"600\" height=\"375\" src=\"http:\/\/vertienteglobal.com\/wp-content\/uploads\/2020\/11\/images-4.jpeg\" alt=\"\" class=\"wp-image-170514\" srcset=\"http:\/\/vertienteglobal.com\/wp-content\/uploads\/2020\/11\/images-4.jpeg 600w, http:\/\/vertienteglobal.com\/wp-content\/uploads\/2020\/11\/images-4-300x188.jpeg 300w, http:\/\/vertienteglobal.com\/wp-content\/uploads\/2020\/11\/images-4-150x94.jpeg 150w\" sizes=\"auto, (max-width: 600px) 100vw, 600px\" \/><\/figure>\n\n\n\n<p>(Redacci\u00f3n)<\/p>\n\n\n\n<p>El mamey es una de las frutas con m\u00e1s textura y color que tenemos en nuestro pa\u00eds, tan rica y nutritiva que permite al mexicano probarla en diferentes formas<\/p>\n\n\n\n<p>En el 2019 se sembr\u00f3 una superficie de 1, 731 hect\u00e1reas de mameyEn el 2019 se sembr\u00f3 una superficie de 1, 731 hect\u00e1reas de mamey<\/p>\n\n\n\n<p>Ciudad de M\u00e9xico a 27 de noviembre de 2020.- El mamey pertenece a la familia del zapote, por lo que tambi\u00e9n es llamado zapote mamey o zapote colorado; se distingue por ser una fruta de forma ovalada, de c\u00e1scara delgada con textura \u00e1spera, su pulpa es de color rojizo y el sabor es dulce; mide de 8 a 20 cm y a su semilla se le llamada pixtle.<\/p>\n\n\n\n<p>Su nombre en n\u00e1huatl es tetzontzapotl, que significa zapote color de tezontle, llamado as\u00ed por su parecido al color de esta piedra.<\/p>\n\n\n\n<p>Suele encontrarse de manera silvestre en todo el a\u00f1o en los estados de Veracruz, Tabasco y Chiapas.<\/p>\n\n\n\n<p>Sin embargo es Yucat\u00e1n el principal productor a nivel nacional con 13 mil 580 toneladas, seguido por Guerrero con 2 mil 666 toneladas y Veracruz con mil 328 toneladas; en total son 14 estados de la Rep\u00fablica Mexicana que lo producen en mil 460 hect\u00e1reas.<\/p>\n\n\n\n<p>Este fruto se caracteriza por ser 75 por ciento de agua y tener alto contenido de carbohidratos, vitamina A, vitamina C, calcio, hierro as\u00ed como f\u00f3sforo.<\/p>\n\n\n\n<p>Su peculiar color se debe a su gran contenido de carotenos, los cuales tienen un efecto antioxidante que son esenciales para nuestra salud, ya que protegen las c\u00e9lulas y fortalecen el sistema inmunol\u00f3gico.<\/p>\n\n\n\n<p>Sab\u00edas que\u2026El mamey tiene diversos usos medicinales para tratar problemas oculares y digestivos.<\/p>\n\n\n\n<p>Por su parte, la semilla transformada en aceite, se ha empleado como t\u00f3nico para reducir dolores musculares y reum\u00e1ticos.<\/p>\n\n\n\n<p>El mamey es una fruta que gastron\u00f3micamente es muy vers\u00e1til, utilizada para la elaboraci\u00f3n de helados, dulces y licuados, adem\u00e1s de ser un toque ex\u00f3tico en la elaboraci\u00f3n de postres.<\/p>\n\n\n\n<p>Sin los productores mexicanos, esta fruta no podr\u00eda llegar a nuestras mesas, priv\u00e1ndonos de un dulce natural y altamente saludable.<\/p>\n\n\n\n<figure class=\"wp-block-image size-large\"><img loading=\"lazy\" decoding=\"async\" width=\"720\" height=\"392\" src=\"http:\/\/vertienteglobal.com\/wp-content\/uploads\/2020\/11\/zapote_1-1.jpg\" alt=\"\" class=\"wp-image-170515\" srcset=\"http:\/\/vertienteglobal.com\/wp-content\/uploads\/2020\/11\/zapote_1-1.jpg 720w, http:\/\/vertienteglobal.com\/wp-content\/uploads\/2020\/11\/zapote_1-1-300x163.jpg 300w, http:\/\/vertienteglobal.com\/wp-content\/uploads\/2020\/11\/zapote_1-1-150x82.jpg 150w\" sizes=\"auto, (max-width: 720px) 100vw, 720px\" \/><\/figure>\n\n\n\n<figure class=\"wp-block-image size-large\"><img loading=\"lazy\" decoding=\"async\" width=\"1024\" height=\"682\" src=\"http:\/\/vertienteglobal.com\/wp-content\/uploads\/2020\/11\/WhatsApp_Image_2020-11-27_at_14.06.58-1024x682.jpeg\" alt=\"\" class=\"wp-image-170516\" srcset=\"http:\/\/vertienteglobal.com\/wp-content\/uploads\/2020\/11\/WhatsApp_Image_2020-11-27_at_14.06.58-1024x682.jpeg 1024w, http:\/\/vertienteglobal.com\/wp-content\/uploads\/2020\/11\/WhatsApp_Image_2020-11-27_at_14.06.58-300x200.jpeg 300w, http:\/\/vertienteglobal.com\/wp-content\/uploads\/2020\/11\/WhatsApp_Image_2020-11-27_at_14.06.58-150x100.jpeg 150w, http:\/\/vertienteglobal.com\/wp-content\/uploads\/2020\/11\/WhatsApp_Image_2020-11-27_at_14.06.58-768x512.jpeg 768w, http:\/\/vertienteglobal.com\/wp-content\/uploads\/2020\/11\/WhatsApp_Image_2020-11-27_at_14.06.58.jpeg 1280w\" sizes=\"auto, (max-width: 1024px) 100vw, 1024px\" \/><\/figure>\n","protected":false},"excerpt":{"rendered":"<p>(Redacci\u00f3n) El mamey es una de las frutas con m\u00e1s textura y color que tenemos en nuestro pa\u00eds, tan rica y nutritiva que permite al mexicano probarla en diferentes formas En el 2019 se sembr\u00f3 una superficie de 1, 731 hect\u00e1reas de mameyEn el 2019 se sembr\u00f3 una superficie de 1, 731 hect\u00e1reas de mamey [&hellip;]<\/p>\n","protected":false},"author":1,"featured_media":170514,"comment_status":"open","ping_status":"open","sticky":false,"template":"","format":"standard","meta":{"footnotes":""},"categories":[8],"tags":[],"class_list":["post-170513","post","type-post","status-publish","format-standard","has-post-thumbnail","hentry","category-pais","entry","has-media"],"jetpack_featured_media_url":"http:\/\/vertienteglobal.com\/wp-content\/uploads\/2020\/11\/images-4.jpeg","_links":{"self":[{"href":"http:\/\/vertienteglobal.com\/index.php?rest_route=\/wp\/v2\/posts\/170513","targetHints":{"allow":["GET"]}}],"collection":[{"href":"http:\/\/vertienteglobal.com\/index.php?rest_route=\/wp\/v2\/posts"}],"about":[{"href":"http:\/\/vertienteglobal.com\/index.php?rest_route=\/wp\/v2\/types\/post"}],"author":[{"embeddable":true,"href":"http:\/\/vertienteglobal.com\/index.php?rest_route=\/wp\/v2\/users\/1"}],"replies":[{"embeddable":true,"href":"http:\/\/vertienteglobal.com\/index.php?rest_route=%2Fwp%2Fv2%2Fcomments&post=170513"}],"version-history":[{"count":0,"href":"http:\/\/vertienteglobal.com\/index.php?rest_route=\/wp\/v2\/posts\/170513\/revisions"}],"wp:featuredmedia":[{"embeddable":true,"href":"http:\/\/vertienteglobal.com\/index.php?rest_route=\/wp\/v2\/media\/170514"}],"wp:attachment":[{"href":"http:\/\/vertienteglobal.com\/index.php?rest_route=%2Fwp%2Fv2%2Fmedia&parent=170513"}],"wp:term":[{"taxonomy":"category","embeddable":true,"href":"http:\/\/vertienteglobal.com\/index.php?rest_route=%2Fwp%2Fv2%2Fcategories&post=170513"},{"taxonomy":"post_tag","embeddable":true,"href":"http:\/\/vertienteglobal.com\/index.php?rest_route=%2Fwp%2Fv2%2Ftags&post=170513"}],"curies":[{"name":"wp","href":"https:\/\/api.w.org\/{rel}","templated":true}]}}