{"id":170413,"date":"2020-11-25T17:50:00","date_gmt":"2020-11-25T23:50:00","guid":{"rendered":"http:\/\/vertienteglobal.com\/?p=170413"},"modified":"2020-11-25T18:01:53","modified_gmt":"2020-11-26T00:01:53","slug":"asma-podria-proteger-del-covid-19-a-algunos-enfermos-estudio","status":"publish","type":"post","link":"http:\/\/vertienteglobal.com\/?p=170413","title":{"rendered":"Asma podr\u00eda proteger del COVID-19 a algunos enfermos: Estudio"},"content":{"rendered":"\n<div class=\"twitterbutton\" style=\"float: right; padding-left: 5px;\"><a href=\"http:\/\/twitter.com\/share\" class=\"twitter-share-button\" data-count=\"horizontal\" data-text=\"Asma podr\u00eda proteger del COVID-19 a algunos enfermos: Estudio\" data-via=\"https:\/\/twitter.com\/VertienteGloba1\" data-url=\"http:\/\/vertienteglobal.com\/?p=170413\" data-lang=\"es\" data-related=\"Informaci\u00f3n general:S\u00edguenos para que est\u00e9ss informado\"><\/a><\/div>\n<figure class=\"wp-block-image size-large\"><img loading=\"lazy\" decoding=\"async\" width=\"1024\" height=\"661\" src=\"http:\/\/vertienteglobal.com\/wp-content\/uploads\/2020\/11\/1132005.jpg\" alt=\"\" class=\"wp-image-170414\" srcset=\"http:\/\/vertienteglobal.com\/wp-content\/uploads\/2020\/11\/1132005.jpg 1024w, http:\/\/vertienteglobal.com\/wp-content\/uploads\/2020\/11\/1132005-300x194.jpg 300w, http:\/\/vertienteglobal.com\/wp-content\/uploads\/2020\/11\/1132005-150x97.jpg 150w, http:\/\/vertienteglobal.com\/wp-content\/uploads\/2020\/11\/1132005-768x496.jpg 768w\" sizes=\"auto, (max-width: 1024px) 100vw, 1024px\" \/><\/figure>\n\n\n\n<p>(Redacci\u00f3n)<\/p>\n\n\n\n<p>Informaron que los pacientes que presentan el fenotipo T2 s\u00ed podr\u00edan protegerse, luego de comprobarse que s\u00f3lo un 3.2 por ciento de los pacientes hospitalizados con enfermedad grave ten\u00edan asma, una prevalencia inferior a la poblaci\u00f3n general que ronda 6 por ciento<\/p>\n\n\n\n<p>Ciudad de M\u00e9xico a 25 de noviembre de 2020.- El asma podr\u00eda proteger del COVID-19 a algunos enfermos, de acuerdo con un estudio realizado por neum\u00f3logos del Hospital del valle del Hebr\u00f3n de Madrid, Espa\u00f1a.<\/p>\n\n\n\n<p>Dieron a conocer que los pacientes que presentan el fenotipo T2 s\u00ed podr\u00edan protegerse, luego de comprobarse que s\u00f3lo un 3.2 por ciento de los pacientes hospitalizados con enfermedad grave ten\u00edan asma, una prevalencia inferior a la poblaci\u00f3n general que ronda 6 por ciento.<\/p>\n\n\n\n<p>No obstante, subrayaron que el asma es una de las principales enfermedades respiratorias en el mundo y el COVID-19, un pat\u00f3geno, debe cuantificarse el riesgo que la pandemia representa para quienes padecen asma. (Fuente: Milenio)<\/p>\n","protected":false},"excerpt":{"rendered":"<p>(Redacci\u00f3n) Informaron que los pacientes que presentan el fenotipo T2 s\u00ed podr\u00edan protegerse, luego de comprobarse que s\u00f3lo un 3.2 por ciento de los pacientes hospitalizados con enfermedad grave ten\u00edan asma, una prevalencia inferior a la poblaci\u00f3n general que ronda 6 por ciento Ciudad de M\u00e9xico a 25 de noviembre de 2020.- El asma podr\u00eda [&hellip;]<\/p>\n","protected":false},"author":1,"featured_media":170414,"comment_status":"open","ping_status":"open","sticky":false,"template":"","format":"standard","meta":{"footnotes":""},"categories":[8],"tags":[],"class_list":["post-170413","post","type-post","status-publish","format-standard","has-post-thumbnail","hentry","category-pais","entry","has-media"],"jetpack_featured_media_url":"http:\/\/vertienteglobal.com\/wp-content\/uploads\/2020\/11\/1132005.jpg","_links":{"self":[{"href":"http:\/\/vertienteglobal.com\/index.php?rest_route=\/wp\/v2\/posts\/170413","targetHints":{"allow":["GET"]}}],"collection":[{"href":"http:\/\/vertienteglobal.com\/index.php?rest_route=\/wp\/v2\/posts"}],"about":[{"href":"http:\/\/vertienteglobal.com\/index.php?rest_route=\/wp\/v2\/types\/post"}],"author":[{"embeddable":true,"href":"http:\/\/vertienteglobal.com\/index.php?rest_route=\/wp\/v2\/users\/1"}],"replies":[{"embeddable":true,"href":"http:\/\/vertienteglobal.com\/index.php?rest_route=%2Fwp%2Fv2%2Fcomments&post=170413"}],"version-history":[{"count":0,"href":"http:\/\/vertienteglobal.com\/index.php?rest_route=\/wp\/v2\/posts\/170413\/revisions"}],"wp:featuredmedia":[{"embeddable":true,"href":"http:\/\/vertienteglobal.com\/index.php?rest_route=\/wp\/v2\/media\/170414"}],"wp:attachment":[{"href":"http:\/\/vertienteglobal.com\/index.php?rest_route=%2Fwp%2Fv2%2Fmedia&parent=170413"}],"wp:term":[{"taxonomy":"category","embeddable":true,"href":"http:\/\/vertienteglobal.com\/index.php?rest_route=%2Fwp%2Fv2%2Fcategories&post=170413"},{"taxonomy":"post_tag","embeddable":true,"href":"http:\/\/vertienteglobal.com\/index.php?rest_route=%2Fwp%2Fv2%2Ftags&post=170413"}],"curies":[{"name":"wp","href":"https:\/\/api.w.org\/{rel}","templated":true}]}}