{"id":170264,"date":"2020-11-22T16:34:16","date_gmt":"2020-11-22T22:34:16","guid":{"rendered":"http:\/\/vertienteglobal.com\/?p=170264"},"modified":"2020-11-23T17:20:31","modified_gmt":"2020-11-23T23:20:31","slug":"con-la-obra-publica-mejora-la-calidad-de-vida-en-la-sm-235-en-benito-juarez","status":"publish","type":"post","link":"http:\/\/vertienteglobal.com\/?p=170264","title":{"rendered":"Con la obra p\u00fablica mejora la Calidad de vida en la SM 235 en Benito Ju\u00e1rez"},"content":{"rendered":"\n<div class=\"twitterbutton\" style=\"float: right; padding-left: 5px;\"><a href=\"http:\/\/twitter.com\/share\" class=\"twitter-share-button\" data-count=\"horizontal\" data-text=\"Con la obra p\u00fablica mejora la Calidad de vida en la SM 235 en Benito Ju\u00e1rez\" data-via=\"https:\/\/twitter.com\/VertienteGloba1\" data-url=\"http:\/\/vertienteglobal.com\/?p=170264\" data-lang=\"es\" data-related=\"Informaci\u00f3n general:S\u00edguenos para que est\u00e9ss informado\"><\/a><\/div>\n<figure class=\"wp-block-image size-large\"><img loading=\"lazy\" decoding=\"async\" width=\"1024\" height=\"676\" src=\"http:\/\/vertienteglobal.com\/wp-content\/uploads\/2020\/11\/01_COMUNICADO-2653_CON-OBRA-PUBLICA-MEJORA-CALIDAD-DE-VIDA-EN-SM.-235-scaled-1-1024x676.jpeg\" alt=\"\" class=\"wp-image-170265\" srcset=\"http:\/\/vertienteglobal.com\/wp-content\/uploads\/2020\/11\/01_COMUNICADO-2653_CON-OBRA-PUBLICA-MEJORA-CALIDAD-DE-VIDA-EN-SM.-235-scaled-1-1024x676.jpeg 1024w, http:\/\/vertienteglobal.com\/wp-content\/uploads\/2020\/11\/01_COMUNICADO-2653_CON-OBRA-PUBLICA-MEJORA-CALIDAD-DE-VIDA-EN-SM.-235-scaled-1-300x198.jpeg 300w, http:\/\/vertienteglobal.com\/wp-content\/uploads\/2020\/11\/01_COMUNICADO-2653_CON-OBRA-PUBLICA-MEJORA-CALIDAD-DE-VIDA-EN-SM.-235-scaled-1-150x99.jpeg 150w, http:\/\/vertienteglobal.com\/wp-content\/uploads\/2020\/11\/01_COMUNICADO-2653_CON-OBRA-PUBLICA-MEJORA-CALIDAD-DE-VIDA-EN-SM.-235-scaled-1-768x507.jpeg 768w, http:\/\/vertienteglobal.com\/wp-content\/uploads\/2020\/11\/01_COMUNICADO-2653_CON-OBRA-PUBLICA-MEJORA-CALIDAD-DE-VIDA-EN-SM.-235-scaled-1-1536x1014.jpeg 1536w, http:\/\/vertienteglobal.com\/wp-content\/uploads\/2020\/11\/01_COMUNICADO-2653_CON-OBRA-PUBLICA-MEJORA-CALIDAD-DE-VIDA-EN-SM.-235-scaled-1.jpeg 1700w\" sizes=\"auto, (max-width: 1024px) 100vw, 1024px\" \/><\/figure>\n\n\n\n<p>(Redacci\u00f3n)<\/p>\n\n\n\n<p>La pavimentaci\u00f3n consta de una carpeta asf\u00e1ltica de 5 cent\u00edmetros de espesor, con un total de 14 mil 327 metros cuadrados de pavimento y una inversi\u00f3n de cerca de 16 millones de pesos<\/p>\n\n\n\n<p>Canc\u00fan, Quintana Roo, a 22 de noviembre de 2020.- Con el objetivo de mejorar la calidad de vida de m\u00e1s de 18 mil personas, de manera directa, se dio el banderazo de inicio de las obras de pavimentaci\u00f3n y construcci\u00f3n de guarniciones y banquetas en la Supermanzana 235 de Canc\u00fan.<\/p>\n\n\n\n<p>El evento fue encabezado por la Presidente Municipal de Benito Ju\u00e1rez, Mara Lezama, quien explic\u00f3 que ambas obras de infraestructura se prev\u00e9n que se concluyan durante el mes de diciembre, antes de terminar el a\u00f1o.<\/p>\n\n\n\n<p>\u201cEs muy grato traer buenas noticias en un a\u00f1o tan complicado para todos. Estos trabajos son en beneficio de ustedes (vecinos) para una mejor calidad de vida, una mayor seguridad y una mejor imagen urbana\u201d, resalt\u00f3 la Primera Autoridad Municipal durante su intervenci\u00f3n ante los presentes.<\/p>\n\n\n\n<p>En el acto protocolario, en el cu\u00e1l tambi\u00e9n estuvieron presentes regidores, directores y secretarios municipales, se dieron a conocer los pormenores de ambas obras.<\/p>\n\n\n\n<p>La pavimentaci\u00f3n consta de una carpeta asf\u00e1ltica de 5 cent\u00edmetros de espesor, con un total de 14 mil 327 metros cuadrados de pavimento y una inversi\u00f3n de cerca de 16 millones de pesos.<\/p>\n\n\n\n<p>La construcci\u00f3n de guarniciones y banquetas, de 4 mil 699 y 5 mil 229 metros lineales, respectivamente, cuenta con una inversi\u00f3n de cerca de 7 millones de pesos.<\/p>\n\n\n\n<p>\u201cLa inversi\u00f3n proviene del Fondo de Infraestructura Social Municipal, un recurso que logramos conseguir pese al a\u00f1o complicado que hemos tenido. El recurso p\u00fablico debe usarse para este tipo de obras, es para ustedes, para sus familias, para que todos nos sintamos orgullosos del lugar donde vivimos\u201d, indic\u00f3.<\/p>\n\n\n\n<figure class=\"wp-block-image size-large\"><img loading=\"lazy\" decoding=\"async\" width=\"1024\" height=\"668\" src=\"http:\/\/vertienteglobal.com\/wp-content\/uploads\/2020\/11\/02_COMUNICADO-2653_CON-OBRA-PUBLICA-MEJORA-CALIDAD-DE-VIDA-EN-SM.-235-scaled-1-1024x668.jpeg\" alt=\"\" class=\"wp-image-170266\" srcset=\"http:\/\/vertienteglobal.com\/wp-content\/uploads\/2020\/11\/02_COMUNICADO-2653_CON-OBRA-PUBLICA-MEJORA-CALIDAD-DE-VIDA-EN-SM.-235-scaled-1-1024x668.jpeg 1024w, http:\/\/vertienteglobal.com\/wp-content\/uploads\/2020\/11\/02_COMUNICADO-2653_CON-OBRA-PUBLICA-MEJORA-CALIDAD-DE-VIDA-EN-SM.-235-scaled-1-300x196.jpeg 300w, http:\/\/vertienteglobal.com\/wp-content\/uploads\/2020\/11\/02_COMUNICADO-2653_CON-OBRA-PUBLICA-MEJORA-CALIDAD-DE-VIDA-EN-SM.-235-scaled-1-150x98.jpeg 150w, http:\/\/vertienteglobal.com\/wp-content\/uploads\/2020\/11\/02_COMUNICADO-2653_CON-OBRA-PUBLICA-MEJORA-CALIDAD-DE-VIDA-EN-SM.-235-scaled-1-768x501.jpeg 768w, http:\/\/vertienteglobal.com\/wp-content\/uploads\/2020\/11\/02_COMUNICADO-2653_CON-OBRA-PUBLICA-MEJORA-CALIDAD-DE-VIDA-EN-SM.-235-scaled-1-1536x1002.jpeg 1536w, http:\/\/vertienteglobal.com\/wp-content\/uploads\/2020\/11\/02_COMUNICADO-2653_CON-OBRA-PUBLICA-MEJORA-CALIDAD-DE-VIDA-EN-SM.-235-scaled-1.jpeg 1700w\" sizes=\"auto, (max-width: 1024px) 100vw, 1024px\" \/><\/figure>\n\n\n\n<figure class=\"wp-block-image size-large\"><img loading=\"lazy\" decoding=\"async\" width=\"1024\" height=\"681\" src=\"http:\/\/vertienteglobal.com\/wp-content\/uploads\/2020\/11\/03_COMUNICADO-2653_CON-OBRA-PUBLICA-MEJORA-CALIDAD-DE-VIDA-EN-SM.-235-1024x681.jpeg\" alt=\"\" class=\"wp-image-170267\" srcset=\"http:\/\/vertienteglobal.com\/wp-content\/uploads\/2020\/11\/03_COMUNICADO-2653_CON-OBRA-PUBLICA-MEJORA-CALIDAD-DE-VIDA-EN-SM.-235-1024x681.jpeg 1024w, http:\/\/vertienteglobal.com\/wp-content\/uploads\/2020\/11\/03_COMUNICADO-2653_CON-OBRA-PUBLICA-MEJORA-CALIDAD-DE-VIDA-EN-SM.-235-300x199.jpeg 300w, http:\/\/vertienteglobal.com\/wp-content\/uploads\/2020\/11\/03_COMUNICADO-2653_CON-OBRA-PUBLICA-MEJORA-CALIDAD-DE-VIDA-EN-SM.-235-150x100.jpeg 150w, http:\/\/vertienteglobal.com\/wp-content\/uploads\/2020\/11\/03_COMUNICADO-2653_CON-OBRA-PUBLICA-MEJORA-CALIDAD-DE-VIDA-EN-SM.-235-768x511.jpeg 768w, http:\/\/vertienteglobal.com\/wp-content\/uploads\/2020\/11\/03_COMUNICADO-2653_CON-OBRA-PUBLICA-MEJORA-CALIDAD-DE-VIDA-EN-SM.-235.jpeg 1280w\" sizes=\"auto, (max-width: 1024px) 100vw, 1024px\" \/><\/figure>\n\n\n\n<figure class=\"wp-block-image size-large\"><img loading=\"lazy\" decoding=\"async\" width=\"1024\" height=\"730\" src=\"http:\/\/vertienteglobal.com\/wp-content\/uploads\/2020\/11\/04_COMUNICADO-2653_CON-OBRA-PUBLICA-MEJORA-CALIDAD-DE-VIDA-EN-SM.-235-1024x730.jpeg\" alt=\"\" class=\"wp-image-170268\" srcset=\"http:\/\/vertienteglobal.com\/wp-content\/uploads\/2020\/11\/04_COMUNICADO-2653_CON-OBRA-PUBLICA-MEJORA-CALIDAD-DE-VIDA-EN-SM.-235-1024x730.jpeg 1024w, http:\/\/vertienteglobal.com\/wp-content\/uploads\/2020\/11\/04_COMUNICADO-2653_CON-OBRA-PUBLICA-MEJORA-CALIDAD-DE-VIDA-EN-SM.-235-300x214.jpeg 300w, http:\/\/vertienteglobal.com\/wp-content\/uploads\/2020\/11\/04_COMUNICADO-2653_CON-OBRA-PUBLICA-MEJORA-CALIDAD-DE-VIDA-EN-SM.-235-150x107.jpeg 150w, http:\/\/vertienteglobal.com\/wp-content\/uploads\/2020\/11\/04_COMUNICADO-2653_CON-OBRA-PUBLICA-MEJORA-CALIDAD-DE-VIDA-EN-SM.-235-768x547.jpeg 768w, http:\/\/vertienteglobal.com\/wp-content\/uploads\/2020\/11\/04_COMUNICADO-2653_CON-OBRA-PUBLICA-MEJORA-CALIDAD-DE-VIDA-EN-SM.-235.jpeg 1239w\" sizes=\"auto, (max-width: 1024px) 100vw, 1024px\" \/><\/figure>\n","protected":false},"excerpt":{"rendered":"<p>(Redacci\u00f3n) La pavimentaci\u00f3n consta de una carpeta asf\u00e1ltica de 5 cent\u00edmetros de espesor, con un total de 14 mil 327 metros cuadrados de pavimento y una inversi\u00f3n de cerca de 16 millones de pesos Canc\u00fan, Quintana Roo, a 22 de noviembre de 2020.- Con el objetivo de mejorar la calidad de vida de m\u00e1s de [&hellip;]<\/p>\n","protected":false},"author":1,"featured_media":170265,"comment_status":"open","ping_status":"open","sticky":false,"template":"","format":"standard","meta":{"footnotes":""},"categories":[3],"tags":[],"class_list":["post-170264","post","type-post","status-publish","format-standard","has-post-thumbnail","hentry","category-quintana-roo","entry","has-media"],"jetpack_featured_media_url":"http:\/\/vertienteglobal.com\/wp-content\/uploads\/2020\/11\/01_COMUNICADO-2653_CON-OBRA-PUBLICA-MEJORA-CALIDAD-DE-VIDA-EN-SM.-235-scaled-1.jpeg","_links":{"self":[{"href":"http:\/\/vertienteglobal.com\/index.php?rest_route=\/wp\/v2\/posts\/170264","targetHints":{"allow":["GET"]}}],"collection":[{"href":"http:\/\/vertienteglobal.com\/index.php?rest_route=\/wp\/v2\/posts"}],"about":[{"href":"http:\/\/vertienteglobal.com\/index.php?rest_route=\/wp\/v2\/types\/post"}],"author":[{"embeddable":true,"href":"http:\/\/vertienteglobal.com\/index.php?rest_route=\/wp\/v2\/users\/1"}],"replies":[{"embeddable":true,"href":"http:\/\/vertienteglobal.com\/index.php?rest_route=%2Fwp%2Fv2%2Fcomments&post=170264"}],"version-history":[{"count":0,"href":"http:\/\/vertienteglobal.com\/index.php?rest_route=\/wp\/v2\/posts\/170264\/revisions"}],"wp:featuredmedia":[{"embeddable":true,"href":"http:\/\/vertienteglobal.com\/index.php?rest_route=\/wp\/v2\/media\/170265"}],"wp:attachment":[{"href":"http:\/\/vertienteglobal.com\/index.php?rest_route=%2Fwp%2Fv2%2Fmedia&parent=170264"}],"wp:term":[{"taxonomy":"category","embeddable":true,"href":"http:\/\/vertienteglobal.com\/index.php?rest_route=%2Fwp%2Fv2%2Fcategories&post=170264"},{"taxonomy":"post_tag","embeddable":true,"href":"http:\/\/vertienteglobal.com\/index.php?rest_route=%2Fwp%2Fv2%2Ftags&post=170264"}],"curies":[{"name":"wp","href":"https:\/\/api.w.org\/{rel}","templated":true}]}}