{"id":170223,"date":"2020-11-22T20:55:57","date_gmt":"2020-11-23T02:55:57","guid":{"rendered":"http:\/\/vertienteglobal.com\/?p=170223"},"modified":"2020-11-23T15:59:44","modified_gmt":"2020-11-23T21:59:44","slug":"a-consulta-publica-ciudadana-el-pdu-del-centro-de-poblacion-de-puerto-morelos","status":"publish","type":"post","link":"http:\/\/vertienteglobal.com\/?p=170223","title":{"rendered":"A consulta p\u00fablica ciudadana el PDU del centro de poblaci\u00f3n de Puerto Morelos"},"content":{"rendered":"\n<div class=\"twitterbutton\" style=\"float: right; padding-left: 5px;\"><a href=\"http:\/\/twitter.com\/share\" class=\"twitter-share-button\" data-count=\"horizontal\" data-text=\"A consulta p\u00fablica ciudadana el PDU del centro de poblaci\u00f3n de Puerto Morelos\" data-via=\"https:\/\/twitter.com\/VertienteGloba1\" data-url=\"http:\/\/vertienteglobal.com\/?p=170223\" data-lang=\"es\" data-related=\"Informaci\u00f3n general:S\u00edguenos para que est\u00e9ss informado\"><\/a><\/div>\n<figure class=\"wp-block-image size-large\"><img loading=\"lazy\" decoding=\"async\" width=\"1024\" height=\"576\" src=\"http:\/\/vertienteglobal.com\/wp-content\/uploads\/2020\/11\/IMG-20201122-WA0015-1024x576.jpg\" alt=\"\" class=\"wp-image-170224\" srcset=\"http:\/\/vertienteglobal.com\/wp-content\/uploads\/2020\/11\/IMG-20201122-WA0015-1024x576.jpg 1024w, http:\/\/vertienteglobal.com\/wp-content\/uploads\/2020\/11\/IMG-20201122-WA0015-300x169.jpg 300w, http:\/\/vertienteglobal.com\/wp-content\/uploads\/2020\/11\/IMG-20201122-WA0015-150x84.jpg 150w, http:\/\/vertienteglobal.com\/wp-content\/uploads\/2020\/11\/IMG-20201122-WA0015-768x432.jpg 768w, http:\/\/vertienteglobal.com\/wp-content\/uploads\/2020\/11\/IMG-20201122-WA0015.jpg 1280w\" sizes=\"auto, (max-width: 1024px) 100vw, 1024px\" \/><\/figure>\n\n\n\n<p>(Antonio Rivera)<\/p>\n\n\n\n<p>Tirso Esquivel se\u00f1al\u00f3 que estudios t\u00e9cnicos,<br>ambientales y de riesgo presentados por Instituto Politecnico Nacional, la consultora ambiental Biosilva A. C. y el Atlas de Riesgo municipal recientemente presentado a CENAPRED, respaldan el documento del PDU<\/p>\n\n\n\n<p>Puerto Morelos, Quintana Roo, a 22 de noviembre de 2020.- Con el objetivo de ciudadanizar el Programa de Desarrollo Urbano del Centro de Poblaci\u00f3n de Puerto Morelos, este lunes 23 de noviembre, se somete a consulta p\u00fablica por un lapso de 16 d\u00edas h\u00e1biles.<\/p>\n\n\n\n<p>Dicho instrumento de planeacion con vigencia 2020\/2030 promueve el crecimiento ordenado, respetando la identidad pesquera del casco antiguo, combinando el desarrollo vertical en la zona hotelera, se\u00f1al\u00f3 Tirso Esquivel Avila, Secretario de Desarrollo Urbano y Ecolog\u00eda del municipio.<\/p>\n\n\n\n<p>Es sustentable con el medio ambiente al proteger con densidad cero 2 mil 58 hect\u00e1reas de manglar y dejar c\u00f3mo turismo ecol\u00f3gico la principal zona de desove de las tortugas en Punta Brava.<\/p>\n\n\n\n<p>En octava Sesi\u00f3n Ordinaria del Consejo Municipal de Ordenamiento Territorial, Ecol\u00f3gico y Desarrollo Urbano, presidida por la Presidenta Municipal, Laura Fernadez Pi\u00f1a, se hizo un gran reconocimiento por las bondades de este instrumento, el cual toma en cuenta las observaciones de los integrantes del consejo, as\u00ed como de los regidores y cuidadanos que participaron en 5 talleres y a trav\u00e9s de 400 encuestas de campo.<\/p>\n\n\n\n<p>Manifestaron su benepl\u00e1cito por el proyecto del PDU y la transparencia en que se construy\u00f3, los representantes del Ejido Puerto Morelos, Braulio N\u00fa\u00f1ez; Colegio Portomorelense de Arquitectos, Paul L\u00f3pez; Colegio Portomorelense de Ingenieros, Alejandro Rivero; C\u00e1mara Nacional de Vivienda, Leonardo Garrido; Barra de Abogados, Ricardo Vega; FONATUR, Mariano Gracia, entre otros.<\/p>\n\n\n\n<p>El instrumento de planeacion contempla proyectos estrat\u00e9gicos como un hospital, museo, universidad, palacio municipal, 4 parques (infantil, urbano, ecol\u00f3gico y deportivo), rehabilitaci\u00f3n del Muelle principal de Pescadores del Puerto, construcci\u00f3n de la estaci\u00f3n del Tren Maya con un telef\u00e9rico para transporte de la carretera al puerto antiguo, as\u00ed como el malec\u00f3n del manglar, entre otros.<\/p>\n\n\n\n<p>Tirso Esquivel se\u00f1al\u00f3 que estudios t\u00e9cnicos,<br>ambientales y de riesgo presentados por Instituto Politecnico Nacional, la consultora ambiental Biosilva A. C. y el Atlas de Riesgo municipal recientemente presentado a CENAPRED, respaldan el documento del PDU.<\/p>\n\n\n\n<p>De igual manera, el Director General del Instituto Municipal de Planeacion del Desarrollo Urbano de Puerto Morelos, urbanista Victor Aragon, se\u00f1al\u00f3 que fueron integrada las observaciones de Semarnat representada por la Directora del Parque Marino Nacional Arrecifes de Puerto Morelos, Mar\u00eda del Carmen R\u00edvas; del Instituto de Ciencias del Mar y Limnologia de la UNAM, Erick Jordan; de Fonatur; AGEPROO y de la Secretar\u00eda del Medio Ambiente de Quintana Roo (SEMA).<\/p>\n\n\n\n<p>En representaci\u00f3n de la Secretar\u00eda de Desarrollo Territorial Sustentable de Quintana Roo (SEDETUS), el subsecretario Jorge Rivero, dio su aval para someter a consulta p\u00fablica y socializar dicho PDU, ya que as\u00ed lo establecen las leyes.<\/p>\n\n\n\n<p>En este sentido, la Presidenta Laura Fernadez, gir\u00f3 instrucciones para que este lunes arranque la consulta p\u00fablica ciudadana, mediante la publicaci\u00f3n en la Gaceta Municipal, para su difusi\u00f3n por comunicaci\u00f3n social del Ayuntamiento; actos que se realizar\u00e1n ante la fe del Notario Ricardo Vega.<\/p>\n\n\n\n<p>Finalmente, el Secretario de Desarrollo Urbano Municipal Lic. Tirso Esquivel dijo que todos los ciudadanos podr\u00e1n participar y ser\u00e1n escuchados, en este proceso p\u00fablico y transparente, que definir\u00e1 c\u00f3mo debe crecer Puerto Morelos.<\/p>\n\n\n\n<figure class=\"wp-block-image size-large\"><img loading=\"lazy\" decoding=\"async\" width=\"960\" height=\"708\" src=\"http:\/\/vertienteglobal.com\/wp-content\/uploads\/2020\/11\/IMG-20201122-WA0016.jpg\" alt=\"\" class=\"wp-image-170225\" srcset=\"http:\/\/vertienteglobal.com\/wp-content\/uploads\/2020\/11\/IMG-20201122-WA0016.jpg 960w, http:\/\/vertienteglobal.com\/wp-content\/uploads\/2020\/11\/IMG-20201122-WA0016-300x221.jpg 300w, http:\/\/vertienteglobal.com\/wp-content\/uploads\/2020\/11\/IMG-20201122-WA0016-150x111.jpg 150w, http:\/\/vertienteglobal.com\/wp-content\/uploads\/2020\/11\/IMG-20201122-WA0016-768x566.jpg 768w\" sizes=\"auto, (max-width: 960px) 100vw, 960px\" \/><\/figure>\n\n\n\n<figure class=\"wp-block-image size-large\"><img loading=\"lazy\" decoding=\"async\" width=\"960\" height=\"612\" src=\"http:\/\/vertienteglobal.com\/wp-content\/uploads\/2020\/11\/IMG-20201122-WA0014.jpg\" alt=\"\" class=\"wp-image-170226\" srcset=\"http:\/\/vertienteglobal.com\/wp-content\/uploads\/2020\/11\/IMG-20201122-WA0014.jpg 960w, http:\/\/vertienteglobal.com\/wp-content\/uploads\/2020\/11\/IMG-20201122-WA0014-300x191.jpg 300w, http:\/\/vertienteglobal.com\/wp-content\/uploads\/2020\/11\/IMG-20201122-WA0014-150x96.jpg 150w, http:\/\/vertienteglobal.com\/wp-content\/uploads\/2020\/11\/IMG-20201122-WA0014-768x490.jpg 768w\" sizes=\"auto, (max-width: 960px) 100vw, 960px\" \/><\/figure>\n","protected":false},"excerpt":{"rendered":"<p>(Antonio Rivera) Tirso Esquivel se\u00f1al\u00f3 que estudios t\u00e9cnicos,ambientales y de riesgo presentados por Instituto Politecnico Nacional, la consultora ambiental Biosilva A. C. y el Atlas de Riesgo municipal recientemente presentado a CENAPRED, respaldan el documento del PDU Puerto Morelos, Quintana Roo, a 22 de noviembre de 2020.- Con el objetivo de ciudadanizar el Programa de [&hellip;]<\/p>\n","protected":false},"author":1,"featured_media":170224,"comment_status":"open","ping_status":"open","sticky":false,"template":"","format":"standard","meta":{"footnotes":""},"categories":[3],"tags":[],"class_list":["post-170223","post","type-post","status-publish","format-standard","has-post-thumbnail","hentry","category-quintana-roo","entry","has-media"],"jetpack_featured_media_url":"http:\/\/vertienteglobal.com\/wp-content\/uploads\/2020\/11\/IMG-20201122-WA0015.jpg","_links":{"self":[{"href":"http:\/\/vertienteglobal.com\/index.php?rest_route=\/wp\/v2\/posts\/170223","targetHints":{"allow":["GET"]}}],"collection":[{"href":"http:\/\/vertienteglobal.com\/index.php?rest_route=\/wp\/v2\/posts"}],"about":[{"href":"http:\/\/vertienteglobal.com\/index.php?rest_route=\/wp\/v2\/types\/post"}],"author":[{"embeddable":true,"href":"http:\/\/vertienteglobal.com\/index.php?rest_route=\/wp\/v2\/users\/1"}],"replies":[{"embeddable":true,"href":"http:\/\/vertienteglobal.com\/index.php?rest_route=%2Fwp%2Fv2%2Fcomments&post=170223"}],"version-history":[{"count":0,"href":"http:\/\/vertienteglobal.com\/index.php?rest_route=\/wp\/v2\/posts\/170223\/revisions"}],"wp:featuredmedia":[{"embeddable":true,"href":"http:\/\/vertienteglobal.com\/index.php?rest_route=\/wp\/v2\/media\/170224"}],"wp:attachment":[{"href":"http:\/\/vertienteglobal.com\/index.php?rest_route=%2Fwp%2Fv2%2Fmedia&parent=170223"}],"wp:term":[{"taxonomy":"category","embeddable":true,"href":"http:\/\/vertienteglobal.com\/index.php?rest_route=%2Fwp%2Fv2%2Fcategories&post=170223"},{"taxonomy":"post_tag","embeddable":true,"href":"http:\/\/vertienteglobal.com\/index.php?rest_route=%2Fwp%2Fv2%2Ftags&post=170223"}],"curies":[{"name":"wp","href":"https:\/\/api.w.org\/{rel}","templated":true}]}}