{"id":170197,"date":"2020-11-20T18:50:00","date_gmt":"2020-11-21T00:50:00","guid":{"rendered":"http:\/\/vertienteglobal.com\/?p=170197"},"modified":"2020-11-20T16:38:15","modified_gmt":"2020-11-20T22:38:15","slug":"realme-marca-china-de-telefonos-economicos-busca-expandirse-en-america-latina","status":"publish","type":"post","link":"http:\/\/vertienteglobal.com\/?p=170197","title":{"rendered":"Realme, marca china de tel\u00e9fonos econ\u00f3micos busca expandirse en Am\u00e9rica Latina"},"content":{"rendered":"\n<div class=\"twitterbutton\" style=\"float: right; padding-left: 5px;\"><a href=\"http:\/\/twitter.com\/share\" class=\"twitter-share-button\" data-count=\"horizontal\" data-text=\"Realme, marca china de tel\u00e9fonos econ\u00f3micos busca expandirse en Am\u00e9rica Latin...\" data-via=\"https:\/\/twitter.com\/VertienteGloba1\" data-url=\"http:\/\/vertienteglobal.com\/?p=170197\" data-lang=\"es\" data-related=\"Informaci\u00f3n general:S\u00edguenos para que est\u00e9ss informado\"><\/a><\/div>\n<figure class=\"wp-block-image size-large\"><img loading=\"lazy\" decoding=\"async\" width=\"1024\" height=\"576\" src=\"http:\/\/vertienteglobal.com\/wp-content\/uploads\/2020\/11\/125803.jpg\" alt=\"\" class=\"wp-image-170198\" srcset=\"http:\/\/vertienteglobal.com\/wp-content\/uploads\/2020\/11\/125803.jpg 1024w, http:\/\/vertienteglobal.com\/wp-content\/uploads\/2020\/11\/125803-300x169.jpg 300w, http:\/\/vertienteglobal.com\/wp-content\/uploads\/2020\/11\/125803-150x84.jpg 150w, http:\/\/vertienteglobal.com\/wp-content\/uploads\/2020\/11\/125803-768x432.jpg 768w\" sizes=\"auto, (max-width: 1024px) 100vw, 1024px\" \/><\/figure>\n\n\n\n<p>(Redacci\u00f3n)<\/p>\n\n\n\n<p>La compa\u00f1\u00eda que fue creada apenas hace dos a\u00f1os, abri\u00f3 mercado en Colombia, donde se dirige al mercado joven, para vender su l\u00ednea de dispositivos &#8216;econ\u00f3micos&#8217; y bien equipados, destac\u00f3 risti\u00e1n Barrios, gerente de ventas en el pa\u00eds<\/p>\n\n\n\n<p>Ciudad de M\u00e9xico a 20 de noviembre de 2020.- Realme, la marca china de tel\u00e9fonos inteligentes de bajo costo, apunta a Am\u00e9rica Latina, donde planea competir con pesos pesados como Samsung y Huawei.<\/p>\n\n\n\n<p>La compa\u00f1\u00eda que fue creada apenas hace dos a\u00f1os, abri\u00f3 mercado en Colombia, donde se dirige al mercado joven, para vender su l\u00ednea de dispositivos &#8216;econ\u00f3micos&#8217; y bien equipados, destac\u00f3 risti\u00e1n Barrios, gerente de ventas en el pa\u00eds.<\/p>\n\n\n\n<p>Los dispositivos m\u00f3viles de Realme, se pueden adquirir en l\u00ednea mediante MercadoLibre y Falabella.com. Con el tiempo espera abrir sus propias tiendas y contratar hasta 200 empleados, frente a los 15 que tiene actualmente.<\/p>\n\n\n\n<p>La expansi\u00f3n a Brasil, M\u00e9xico, Per\u00fa y Chile podr\u00eda llegar el pr\u00f3ximo a\u00f1o, a\u00f1adi\u00f3.<\/p>\n\n\n\n<p>&#8216;Estamos aprovechando la experiencia que tenemos en otros mercados emergentes, donde hemos tenido mucho \u00e9xito, y llev\u00e1ndola a Am\u00e9rica Latina&#8217;, dijo en una entrevista telef\u00f3nica.<\/p>\n\n\n\n<p>En Am\u00e9rica Latina, Realme tendr\u00e1 que competir con dispositivos fabricados por Samsung y Huawei, que dominan la participaci\u00f3n de mercado.<\/p>\n\n\n\n<p>Los equipos tiene un costo de inicio de alrededor de 135 d\u00f3lares (2 mil 731 pesos mexicanos), apunt\u00f3 Barrios. (Fuente: EF)<\/p>\n","protected":false},"excerpt":{"rendered":"<p>(Redacci\u00f3n) La compa\u00f1\u00eda que fue creada apenas hace dos a\u00f1os, abri\u00f3 mercado en Colombia, donde se dirige al mercado joven, para vender su l\u00ednea de dispositivos &#8216;econ\u00f3micos&#8217; y bien equipados, destac\u00f3 risti\u00e1n Barrios, gerente de ventas en el pa\u00eds Ciudad de M\u00e9xico a 20 de noviembre de 2020.- Realme, la marca china de tel\u00e9fonos inteligentes [&hellip;]<\/p>\n","protected":false},"author":1,"featured_media":170198,"comment_status":"open","ping_status":"open","sticky":false,"template":"","format":"standard","meta":{"footnotes":""},"categories":[8],"tags":[],"class_list":["post-170197","post","type-post","status-publish","format-standard","has-post-thumbnail","hentry","category-pais","entry","has-media"],"jetpack_featured_media_url":"http:\/\/vertienteglobal.com\/wp-content\/uploads\/2020\/11\/125803.jpg","_links":{"self":[{"href":"http:\/\/vertienteglobal.com\/index.php?rest_route=\/wp\/v2\/posts\/170197","targetHints":{"allow":["GET"]}}],"collection":[{"href":"http:\/\/vertienteglobal.com\/index.php?rest_route=\/wp\/v2\/posts"}],"about":[{"href":"http:\/\/vertienteglobal.com\/index.php?rest_route=\/wp\/v2\/types\/post"}],"author":[{"embeddable":true,"href":"http:\/\/vertienteglobal.com\/index.php?rest_route=\/wp\/v2\/users\/1"}],"replies":[{"embeddable":true,"href":"http:\/\/vertienteglobal.com\/index.php?rest_route=%2Fwp%2Fv2%2Fcomments&post=170197"}],"version-history":[{"count":0,"href":"http:\/\/vertienteglobal.com\/index.php?rest_route=\/wp\/v2\/posts\/170197\/revisions"}],"wp:featuredmedia":[{"embeddable":true,"href":"http:\/\/vertienteglobal.com\/index.php?rest_route=\/wp\/v2\/media\/170198"}],"wp:attachment":[{"href":"http:\/\/vertienteglobal.com\/index.php?rest_route=%2Fwp%2Fv2%2Fmedia&parent=170197"}],"wp:term":[{"taxonomy":"category","embeddable":true,"href":"http:\/\/vertienteglobal.com\/index.php?rest_route=%2Fwp%2Fv2%2Fcategories&post=170197"},{"taxonomy":"post_tag","embeddable":true,"href":"http:\/\/vertienteglobal.com\/index.php?rest_route=%2Fwp%2Fv2%2Ftags&post=170197"}],"curies":[{"name":"wp","href":"https:\/\/api.w.org\/{rel}","templated":true}]}}