{"id":170101,"date":"2020-11-19T08:42:00","date_gmt":"2020-11-19T14:42:00","guid":{"rendered":"http:\/\/vertienteglobal.com\/?p=170101"},"modified":"2020-11-19T16:18:21","modified_gmt":"2020-11-19T22:18:21","slug":"hoy-es-el-dia-del-hombre-sabes-por-que-se-celebra","status":"publish","type":"post","link":"http:\/\/vertienteglobal.com\/?p=170101","title":{"rendered":"Hoy es el D\u00eda del Hombre; \u00bfSabes por qu\u00e9 se celebra?"},"content":{"rendered":"\n<div class=\"twitterbutton\" style=\"float: right; padding-left: 5px;\"><a href=\"http:\/\/twitter.com\/share\" class=\"twitter-share-button\" data-count=\"horizontal\" data-text=\"Hoy es el D\u00eda del Hombre; \u00bfSabes por qu\u00e9 se celebra?\" data-via=\"https:\/\/twitter.com\/VertienteGloba1\" data-url=\"http:\/\/vertienteglobal.com\/?p=170101\" data-lang=\"es\" data-related=\"Informaci\u00f3n general:S\u00edguenos para que est\u00e9ss informado\"><\/a><\/div>\n<figure class=\"wp-block-image size-large\"><img loading=\"lazy\" decoding=\"async\" width=\"664\" height=\"498\" src=\"http:\/\/vertienteglobal.com\/wp-content\/uploads\/2020\/11\/IMG_20201119_170117.jpg\" alt=\"\" class=\"wp-image-170102\" srcset=\"http:\/\/vertienteglobal.com\/wp-content\/uploads\/2020\/11\/IMG_20201119_170117.jpg 664w, http:\/\/vertienteglobal.com\/wp-content\/uploads\/2020\/11\/IMG_20201119_170117-300x225.jpg 300w, http:\/\/vertienteglobal.com\/wp-content\/uploads\/2020\/11\/IMG_20201119_170117-150x113.jpg 150w\" sizes=\"auto, (max-width: 664px) 100vw, 664px\" \/><\/figure>\n\n\n\n<p>(Redacci\u00f3n)<\/p>\n\n\n\n<p>Tristemente cuenta con menos difusi\u00f3n que el D\u00eda Internacional de la Mujer y en consecuencia tiene menos apoyo financiero por parte de las instituciones<\/p>\n\n\n\n<p>Ciudad de M\u00e9xico a 19 de noviembre de 2020.- Como bien sabes, en M\u00e9xico hay un d\u00eda para todo, para el taco, el helado, la amistad y hasta para el cartero y la enfermera.<\/p>\n\n\n\n<p>Entre todas estas celebraciones hoy 19 de noviembre se conmemora a nivel internacional el D\u00eda del hombre, el cual tiene como objetivo promover la igualdad de g\u00e9neros y la salud.<\/p>\n\n\n\n<p>Tristemente cuenta con menos difusi\u00f3n que el D\u00eda Internacional de la Mujer y en consecuencia tiene menos apoyo financiero por parte de las instituciones.<\/p>\n\n\n\n<p>Por fortuna, con el paso del tiempo ha adquirido peso por su especial inter\u00e9s en temas de salud y bienestar.<\/p>\n\n\n\n<p>\u00bfC\u00f3mo surgi\u00f3?<\/p>\n\n\n\n<p>El profesor de la Universidad de Missouri, Tomas Oaster, propuso en 1992 dedicar la fecha al g\u00e9nero masculino. Esta idea se comenz\u00f3 a popularizar hasta el a\u00f1o 1999 y actualmente se festeja en 49 pa\u00edses.<\/p>\n\n\n\n<p>Varios organismos internacionales como la Organizaci\u00f3n de la Naciones Unidas para la Educaci\u00f3n, la Ciencia y la Cultura (Unesco), la Organizaci\u00f3n de las Naciones Unidas (ONU) y la Organizaci\u00f3n Panamericana de la Salud (OPS) apoyan esta iniciativa.<\/p>\n\n\n\n<p>Objetivos<\/p>\n\n\n\n<p>De acuerdo con el portal International Mens Day -sitio oficial de la celebraci\u00f3n- hay 4 fines principales:<\/p>\n\n\n\n<p>Hacer conciencia sobre la salud de ni\u00f1os y adultos.<\/p>\n\n\n\n<p>Mejorar las relaciones de g\u00e9nero a trav\u00e9s de la promoci\u00f3n de modelos de masculinidad.<\/p>\n\n\n\n<p>Promover la igualdad de g\u00e9nero.<\/p>\n\n\n\n<p>Destacar los modelos masculinos positivos.<br>(Fuente: Excelsior)<\/p>\n","protected":false},"excerpt":{"rendered":"<p>(Redacci\u00f3n) Tristemente cuenta con menos difusi\u00f3n que el D\u00eda Internacional de la Mujer y en consecuencia tiene menos apoyo financiero por parte de las instituciones Ciudad de M\u00e9xico a 19 de noviembre de 2020.- Como bien sabes, en M\u00e9xico hay un d\u00eda para todo, para el taco, el helado, la amistad y hasta para el [&hellip;]<\/p>\n","protected":false},"author":1,"featured_media":170102,"comment_status":"open","ping_status":"open","sticky":false,"template":"","format":"standard","meta":{"footnotes":""},"categories":[8],"tags":[],"class_list":["post-170101","post","type-post","status-publish","format-standard","has-post-thumbnail","hentry","category-pais","entry","has-media"],"jetpack_featured_media_url":"http:\/\/vertienteglobal.com\/wp-content\/uploads\/2020\/11\/IMG_20201119_170117.jpg","_links":{"self":[{"href":"http:\/\/vertienteglobal.com\/index.php?rest_route=\/wp\/v2\/posts\/170101","targetHints":{"allow":["GET"]}}],"collection":[{"href":"http:\/\/vertienteglobal.com\/index.php?rest_route=\/wp\/v2\/posts"}],"about":[{"href":"http:\/\/vertienteglobal.com\/index.php?rest_route=\/wp\/v2\/types\/post"}],"author":[{"embeddable":true,"href":"http:\/\/vertienteglobal.com\/index.php?rest_route=\/wp\/v2\/users\/1"}],"replies":[{"embeddable":true,"href":"http:\/\/vertienteglobal.com\/index.php?rest_route=%2Fwp%2Fv2%2Fcomments&post=170101"}],"version-history":[{"count":0,"href":"http:\/\/vertienteglobal.com\/index.php?rest_route=\/wp\/v2\/posts\/170101\/revisions"}],"wp:featuredmedia":[{"embeddable":true,"href":"http:\/\/vertienteglobal.com\/index.php?rest_route=\/wp\/v2\/media\/170102"}],"wp:attachment":[{"href":"http:\/\/vertienteglobal.com\/index.php?rest_route=%2Fwp%2Fv2%2Fmedia&parent=170101"}],"wp:term":[{"taxonomy":"category","embeddable":true,"href":"http:\/\/vertienteglobal.com\/index.php?rest_route=%2Fwp%2Fv2%2Fcategories&post=170101"},{"taxonomy":"post_tag","embeddable":true,"href":"http:\/\/vertienteglobal.com\/index.php?rest_route=%2Fwp%2Fv2%2Ftags&post=170101"}],"curies":[{"name":"wp","href":"https:\/\/api.w.org\/{rel}","templated":true}]}}