{"id":170095,"date":"2020-11-18T20:36:21","date_gmt":"2020-11-19T02:36:21","guid":{"rendered":"http:\/\/vertienteglobal.com\/?p=170095"},"modified":"2020-11-19T16:11:32","modified_gmt":"2020-11-19T22:11:32","slug":"boletas-sep-2020-2021-cuando-y-donde-consultar-las-evaluaciones","status":"publish","type":"post","link":"http:\/\/vertienteglobal.com\/?p=170095","title":{"rendered":"Boletas SEP 2020-2021: \u00bfCu\u00e1ndo y d\u00f3nde consultar las evaluaciones?"},"content":{"rendered":"\n<div class=\"twitterbutton\" style=\"float: right; padding-left: 5px;\"><a href=\"http:\/\/twitter.com\/share\" class=\"twitter-share-button\" data-count=\"horizontal\" data-text=\"Boletas SEP 2020-2021: \u00bfCu\u00e1ndo y d\u00f3nde consultar las evaluaciones?\" data-via=\"https:\/\/twitter.com\/VertienteGloba1\" data-url=\"http:\/\/vertienteglobal.com\/?p=170095\" data-lang=\"es\" data-related=\"Informaci\u00f3n general:S\u00edguenos para que est\u00e9ss informado\"><\/a><\/div>\n<figure class=\"wp-block-image size-large\"><img loading=\"lazy\" decoding=\"async\" width=\"1024\" height=\"580\" src=\"http:\/\/vertienteglobal.com\/wp-content\/uploads\/2020\/11\/IMG_20201119_170150-1024x580.jpg\" alt=\"\" class=\"wp-image-170096\" srcset=\"http:\/\/vertienteglobal.com\/wp-content\/uploads\/2020\/11\/IMG_20201119_170150-1024x580.jpg 1024w, http:\/\/vertienteglobal.com\/wp-content\/uploads\/2020\/11\/IMG_20201119_170150-300x170.jpg 300w, http:\/\/vertienteglobal.com\/wp-content\/uploads\/2020\/11\/IMG_20201119_170150-150x85.jpg 150w, http:\/\/vertienteglobal.com\/wp-content\/uploads\/2020\/11\/IMG_20201119_170150-768x435.jpg 768w, http:\/\/vertienteglobal.com\/wp-content\/uploads\/2020\/11\/IMG_20201119_170150.jpg 1200w\" sizes=\"auto, (max-width: 1024px) 100vw, 1024px\" \/><\/figure>\n\n\n\n<p>(Redacci\u00f3n)<\/p>\n\n\n\n<p>Los documentos ser\u00e1n entregados a madres, padres o tutores del 25 al 30 de noviembre, fechas que se encuentran se\u00f1aladas en el calendario escolar<\/p>\n\n\n\n<p>Ciudad de M\u00e9xico a 18 de noviembre de 2020.- El actual ciclo escolar 2020-2021 sufri\u00f3 numerosas modificaciones debido a la pandemia del COVID-19, por lo que previo al t\u00e9rmino del primer periodo, la Secretar\u00eda de Educaci\u00f3n P\u00fablica (SEP) dio a conocer las fechas y el modo de entrega de las boletas de calificaciones.<\/p>\n\n\n\n<p>Y es que dichos documentos ser\u00e1n entregados a madres, padres o tutores del 25 al 30 de noviembre, fechas que se encuentran se\u00f1aladas en el calendario escolar.<\/p>\n\n\n\n<p>Sin embargo, en esta ocasi\u00f3n las boletas de evaluaci\u00f3n no ser\u00e1n entregadas f\u00edsicamente ya que ser\u00e1n puestas a disposici\u00f3n a trav\u00e9s de medios electr\u00f3nicos.<\/p>\n\n\n\n<p>El medio en el que podr\u00e1n consultar las boletas y certificados es a trav\u00e9s de la p\u00e1gina controlescolar.aefcm.gob.mx.<\/p>\n\n\n\n<p>En dicho sitio te solicitar\u00e1n la CURP as\u00ed como la Clave de Centro de Trabajo (CCT) de la escuela a la que asiste el menor. Si no conoces esta clave la puedes consultar en el siguiente ENLACE.<\/p>\n\n\n\n<p>Para las localidades que no sea posible la entrega de boletas por medio de medios electr\u00f3nicos, podr\u00e1n acordar con las autoridades escolares del plantel la entrega f\u00edsica en la escuela, cuando esto sea posible.<\/p>\n\n\n\n<p>Mientras aquellas familias que requieran orientaciones espec\u00edficas, para favorecer el aprovechamiento de sus hijas e hijos o pupilos en el hogar, podr\u00e1n acordar con los docentes de grupo, los medios y horarios para tal fin.<\/p>\n\n\n\n<p>\u00bfC\u00f3mo ser\u00e1n las evaluaciones?<br>Para el proceso de evaluaci\u00f3n y el avance de los aprendizajes esperados, la SEP destaca que \u201cdeber\u00e1 valorarse el esfuerzo de quienes participan activamente en la comunidad escolar, e incentivar a quienes, por cualquier raz\u00f3n, no han establecido alg\u00fan canal de comunicaci\u00f3n con el personal docente y directivo\u201d.<\/p>\n\n\n\n<p>Ante ello, la instituci\u00f3n educativa plante\u00f3 las siguientes consideraciones:<\/p>\n\n\n\n<p>Dar prioridad a la funci\u00f3n formativa de la evaluaci\u00f3n<br>Emplear estrategias complementarias para el aprendizaje<br>Valorar los avances a partir del contexto particular de las y los estudiantes<br>Considerar las condiciones espec\u00edficas en las que la emergencia sanitaria afecta a cada alumna y alumno<br>Asignar calificaciones s\u00f3lo en los casos donde el personal docente tenga certeza de las condiciones de salud, accesibilidad y acompa\u00f1amiento de sus estudiantes<br>Utilizar la evaluaci\u00f3n como un instrumento para mejorar el aprendizaje<\/p>\n\n\n\n<p>Niveles de participaci\u00f3n<\/p>\n\n\n\n<p>Las evaluaciones estar\u00e1n a cargo del docente de grupo, en caso de ausencia ser\u00e1 el director o supervisor quien asume dicha responsabilidad.<\/p>\n\n\n\n<p>Los alumnos que mantengan una comunicaci\u00f3n y participaci\u00f3n sostenidas ser\u00e1n evaluados con base en las disposiciones del Art\u00edculo 10 del Acuerdo 11\/03\/19, publicado en el Diario Oficial de la Federaci\u00f3n el pasado 29 de marzo de 2019.<\/p>\n\n\n\n<p>Para las y los alumnos con los que se mantiene una comunicaci\u00f3n y participaci\u00f3n intermitentes, deber\u00e1 anotarse en la boleta de evaluaci\u00f3n la leyenda \u201cinformaci\u00f3n insuficiente\u201d.<\/p>\n\n\n\n<p>Mientras que las alumnas y alumnos con comunicaci\u00f3n pr\u00e1cticamente inexistente, se deber\u00e1 registrar en la boleta de evaluaci\u00f3n la leyenda \u201cSin informaci\u00f3n\u201d. (Fuente: Radio F\u00f3rmula)<\/p>\n","protected":false},"excerpt":{"rendered":"<p>(Redacci\u00f3n) Los documentos ser\u00e1n entregados a madres, padres o tutores del 25 al 30 de noviembre, fechas que se encuentran se\u00f1aladas en el calendario escolar Ciudad de M\u00e9xico a 18 de noviembre de 2020.- El actual ciclo escolar 2020-2021 sufri\u00f3 numerosas modificaciones debido a la pandemia del COVID-19, por lo que previo al t\u00e9rmino del [&hellip;]<\/p>\n","protected":false},"author":1,"featured_media":170096,"comment_status":"open","ping_status":"open","sticky":false,"template":"","format":"standard","meta":{"footnotes":""},"categories":[9,8],"tags":[],"class_list":["post-170095","post","type-post","status-publish","format-standard","has-post-thumbnail","hentry","category-educacion","category-pais","entry","has-media"],"jetpack_featured_media_url":"http:\/\/vertienteglobal.com\/wp-content\/uploads\/2020\/11\/IMG_20201119_170150.jpg","_links":{"self":[{"href":"http:\/\/vertienteglobal.com\/index.php?rest_route=\/wp\/v2\/posts\/170095","targetHints":{"allow":["GET"]}}],"collection":[{"href":"http:\/\/vertienteglobal.com\/index.php?rest_route=\/wp\/v2\/posts"}],"about":[{"href":"http:\/\/vertienteglobal.com\/index.php?rest_route=\/wp\/v2\/types\/post"}],"author":[{"embeddable":true,"href":"http:\/\/vertienteglobal.com\/index.php?rest_route=\/wp\/v2\/users\/1"}],"replies":[{"embeddable":true,"href":"http:\/\/vertienteglobal.com\/index.php?rest_route=%2Fwp%2Fv2%2Fcomments&post=170095"}],"version-history":[{"count":0,"href":"http:\/\/vertienteglobal.com\/index.php?rest_route=\/wp\/v2\/posts\/170095\/revisions"}],"wp:featuredmedia":[{"embeddable":true,"href":"http:\/\/vertienteglobal.com\/index.php?rest_route=\/wp\/v2\/media\/170096"}],"wp:attachment":[{"href":"http:\/\/vertienteglobal.com\/index.php?rest_route=%2Fwp%2Fv2%2Fmedia&parent=170095"}],"wp:term":[{"taxonomy":"category","embeddable":true,"href":"http:\/\/vertienteglobal.com\/index.php?rest_route=%2Fwp%2Fv2%2Fcategories&post=170095"},{"taxonomy":"post_tag","embeddable":true,"href":"http:\/\/vertienteglobal.com\/index.php?rest_route=%2Fwp%2Fv2%2Ftags&post=170095"}],"curies":[{"name":"wp","href":"https:\/\/api.w.org\/{rel}","templated":true}]}}