{"id":169984,"date":"2020-11-17T19:21:00","date_gmt":"2020-11-18T01:21:00","guid":{"rendered":"http:\/\/vertienteglobal.com\/?p=169984"},"modified":"2020-11-17T19:49:52","modified_gmt":"2020-11-18T01:49:52","slug":"legisladores-tendran-que-separarse-de-su-cargo-60-dias-antes-de-comicios-si-quieren-reelegirse-ine","status":"publish","type":"post","link":"http:\/\/vertienteglobal.com\/?p=169984","title":{"rendered":"Legisladores tendr\u00e1n que separarse de su cargo 60 d\u00edas antes de comicios si quieren reelegirse: INE"},"content":{"rendered":"\n<div class=\"twitterbutton\" style=\"float: right; padding-left: 5px;\"><a href=\"http:\/\/twitter.com\/share\" class=\"twitter-share-button\" data-count=\"horizontal\" data-text=\"Legisladores tendr\u00e1n que separarse de su cargo 60 d\u00edas antes de comicios si qu...\" data-via=\"https:\/\/twitter.com\/VertienteGloba1\" data-url=\"http:\/\/vertienteglobal.com\/?p=169984\" data-lang=\"es\" data-related=\"Informaci\u00f3n general:S\u00edguenos para que est\u00e9ss informado\"><\/a><\/div>\n<figure class=\"wp-block-image size-large\"><img loading=\"lazy\" decoding=\"async\" width=\"1024\" height=\"549\" src=\"http:\/\/vertienteglobal.com\/wp-content\/uploads\/2020\/11\/Em-4o6iW4AMjyAn-1024x549.jpg\" alt=\"\" class=\"wp-image-169985\" srcset=\"http:\/\/vertienteglobal.com\/wp-content\/uploads\/2020\/11\/Em-4o6iW4AMjyAn-1024x549.jpg 1024w, http:\/\/vertienteglobal.com\/wp-content\/uploads\/2020\/11\/Em-4o6iW4AMjyAn-300x161.jpg 300w, http:\/\/vertienteglobal.com\/wp-content\/uploads\/2020\/11\/Em-4o6iW4AMjyAn-150x80.jpg 150w, http:\/\/vertienteglobal.com\/wp-content\/uploads\/2020\/11\/Em-4o6iW4AMjyAn-768x412.jpg 768w, http:\/\/vertienteglobal.com\/wp-content\/uploads\/2020\/11\/Em-4o6iW4AMjyAn.jpg 1280w\" sizes=\"auto, (max-width: 1024px) 100vw, 1024px\" \/><\/figure>\n\n\n\n<p>(Redacci\u00f3n)<\/p>\n\n\n\n<p>Se deber\u00e1n separar 60 d\u00edas antes de las elecciones y no en 90, adem\u00e1s, se deben postular por la misma v\u00eda por la que ejercen ahora su cargo y participar\u00e1n por el mismo distrito<\/p>\n\n\n\n<p>Ciudad de M\u00e9xico a 17 de noviembre de 2020.- Se aprob\u00f3 por las comisiones unidas de Igualdad de G\u00e9nero y No Discriminaci\u00f3n y Prerrogativas y Partidos Pol\u00edticos que tendr\u00e1n que separarse de su cargo 60 d\u00edas antes de la jornada electoral de 2021, los legisladores que quieran reelegirse.<\/p>\n\n\n\n<p>Y es que adem\u00e1s, solo podr\u00e1n postularse por el mismo partido, distrito y la v\u00eda por la que llegaron a ese cargo, as\u00ed lo dieron a conocer los integrantes de estas comisiones unidas del Instituto Nacional Electoral (INE), la noche de este lunes, en Sesi\u00f3n Extraordinaria Urgente que dur\u00f3 m\u00e1s de cinco horas.<\/p>\n\n\n\n<p>En dicha sesi\u00f3n discutieron sobre los lineamientos, criterios y el instructivo para la reelecci\u00f3n de diputaciones y registro de coaliciones donde intercambiaron acusaciones, reproches e inconformidades.<\/p>\n\n\n\n<p>Al final de la sesi\u00f3n se aprob\u00f3 que no podr\u00e1n postularse por un partido distinto al que fueron electos en 2018, a menos que los hayan expulsado antes de la mitad de su periodo o hayan renunciado.<\/p>\n\n\n\n<p>Se deber\u00e1n separar 60 d\u00edas antes de las elecciones y no en 90, adem\u00e1s, se deben postular por la misma v\u00eda por la que ejercen ahora su cargo y participar\u00e1n por el mismo distrito.<\/p>\n\n\n\n<p>Por \u00faltimo, en unanimidad, acordaron eliminar el art\u00edculo 6 que imposibilitaba a los y las legisladoras interesadas en reelegirse, recibir apoyos adicionales a sus sueldos desde que manifestaban su intenci\u00f3n de participar en la elecci\u00f3n el pr\u00f3ximo 15 de diciembre hasta que se separaran del cargo.<\/p>\n","protected":false},"excerpt":{"rendered":"<p>(Redacci\u00f3n) Se deber\u00e1n separar 60 d\u00edas antes de las elecciones y no en 90, adem\u00e1s, se deben postular por la misma v\u00eda por la que ejercen ahora su cargo y participar\u00e1n por el mismo distrito Ciudad de M\u00e9xico a 17 de noviembre de 2020.- Se aprob\u00f3 por las comisiones unidas de Igualdad de G\u00e9nero y [&hellip;]<\/p>\n","protected":false},"author":1,"featured_media":169985,"comment_status":"open","ping_status":"open","sticky":false,"template":"","format":"standard","meta":{"footnotes":""},"categories":[8],"tags":[],"class_list":["post-169984","post","type-post","status-publish","format-standard","has-post-thumbnail","hentry","category-pais","entry","has-media"],"jetpack_featured_media_url":"http:\/\/vertienteglobal.com\/wp-content\/uploads\/2020\/11\/Em-4o6iW4AMjyAn.jpg","_links":{"self":[{"href":"http:\/\/vertienteglobal.com\/index.php?rest_route=\/wp\/v2\/posts\/169984","targetHints":{"allow":["GET"]}}],"collection":[{"href":"http:\/\/vertienteglobal.com\/index.php?rest_route=\/wp\/v2\/posts"}],"about":[{"href":"http:\/\/vertienteglobal.com\/index.php?rest_route=\/wp\/v2\/types\/post"}],"author":[{"embeddable":true,"href":"http:\/\/vertienteglobal.com\/index.php?rest_route=\/wp\/v2\/users\/1"}],"replies":[{"embeddable":true,"href":"http:\/\/vertienteglobal.com\/index.php?rest_route=%2Fwp%2Fv2%2Fcomments&post=169984"}],"version-history":[{"count":0,"href":"http:\/\/vertienteglobal.com\/index.php?rest_route=\/wp\/v2\/posts\/169984\/revisions"}],"wp:featuredmedia":[{"embeddable":true,"href":"http:\/\/vertienteglobal.com\/index.php?rest_route=\/wp\/v2\/media\/169985"}],"wp:attachment":[{"href":"http:\/\/vertienteglobal.com\/index.php?rest_route=%2Fwp%2Fv2%2Fmedia&parent=169984"}],"wp:term":[{"taxonomy":"category","embeddable":true,"href":"http:\/\/vertienteglobal.com\/index.php?rest_route=%2Fwp%2Fv2%2Fcategories&post=169984"},{"taxonomy":"post_tag","embeddable":true,"href":"http:\/\/vertienteglobal.com\/index.php?rest_route=%2Fwp%2Fv2%2Ftags&post=169984"}],"curies":[{"name":"wp","href":"https:\/\/api.w.org\/{rel}","templated":true}]}}