{"id":169975,"date":"2020-11-17T10:24:00","date_gmt":"2020-11-17T16:24:00","guid":{"rendered":"http:\/\/vertienteglobal.com\/?p=169975"},"modified":"2020-11-17T19:35:20","modified_gmt":"2020-11-18T01:35:20","slug":"emiten-alerta-gris-en-veracruz-por-frente-frio-lluvia-evento-de-norte-y-huracan-iota","status":"publish","type":"post","link":"http:\/\/vertienteglobal.com\/?p=169975","title":{"rendered":"Emiten Alerta Gris en Veracruz por frente fr\u00edo, lluvia, evento de Norte y hurac\u00e1n \u201cIota\u201d"},"content":{"rendered":"\n<div class=\"twitterbutton\" style=\"float: right; padding-left: 5px;\"><a href=\"http:\/\/twitter.com\/share\" class=\"twitter-share-button\" data-count=\"horizontal\" data-text=\"Emiten Alerta Gris en Veracruz por frente fr\u00edo, lluvia, evento de Norte y hurac...\" data-via=\"https:\/\/twitter.com\/VertienteGloba1\" data-url=\"http:\/\/vertienteglobal.com\/?p=169975\" data-lang=\"es\" data-related=\"Informaci\u00f3n general:S\u00edguenos para que est\u00e9ss informado\"><\/a><\/div>\n<figure class=\"wp-block-image size-large\"><img loading=\"lazy\" decoding=\"async\" width=\"1024\" height=\"683\" src=\"http:\/\/vertienteglobal.com\/wp-content\/uploads\/2020\/11\/1130995.jpg\" alt=\"\" class=\"wp-image-169976\" srcset=\"http:\/\/vertienteglobal.com\/wp-content\/uploads\/2020\/11\/1130995.jpg 1024w, http:\/\/vertienteglobal.com\/wp-content\/uploads\/2020\/11\/1130995-300x200.jpg 300w, http:\/\/vertienteglobal.com\/wp-content\/uploads\/2020\/11\/1130995-150x100.jpg 150w, http:\/\/vertienteglobal.com\/wp-content\/uploads\/2020\/11\/1130995-768x512.jpg 768w\" sizes=\"auto, (max-width: 1024px) 100vw, 1024px\" \/><\/figure>\n\n\n\n<p>(Redacci\u00f3n)<\/p>\n\n\n\n<p>Informo que persisten condiciones para lluvias fuertes a muy fuertes, viento del norte con rachas de 65 a 80 km\/h y que los valores de la temperatura siguen disminuyendo, por lo que llama a extremar precauci\u00f3n<\/p>\n\n\n\n<p>Xalapa, Veracruz, a 17 de noviembre de 2020.- La Secretar\u00eda de Protecci\u00f3n Civil emiti\u00f3 Alerta Gris a la comunidad veracruzana por el Frente fr\u00edo 13, lluvia, evento de Norte y en avance del hurac\u00e1n \u201cIota\u201d.<\/p>\n\n\n\n<p>Pronostica en un comunicado que persisten condiciones para lluvias fuertes a muy fuertes, viento del norte con rachas de 65 a 80 km\/h y que los valores de la temperatura siguen disminuyendo, por lo que llama a extremar precauci\u00f3n.<\/p>\n\n\n\n<p>Sistemas meteorol\u00f3gicos: Vaguada en el suroeste del Golfo de M\u00e9xico, Frente n\u00fam. 13 estacionado sobre el suroeste del Golfo de M\u00e9xico y sur de Veracruz, masa polar asociada cubre el norte, noreste y oriente del pa\u00eds, as\u00ed como el Golfo de M\u00e9xico, Iota debilitado a hurac\u00e1n categor\u00eda uno despu\u00e9s de haber impactado en Nicaragua anoche a las 21:40 horas. A las 06:00 horas de hoy, su centro fue ubicado a 145 km al Oeste-Suroeste de Puerto Cabezas, Nicaragua.<\/p>\n\n\n\n<p>Pron\u00f3stico de los sistemas: En los pr\u00f3ximos 2 a 3 d\u00edas se mantendr\u00e1 la vaguada sobre el suroeste del Golfo de M\u00e9xico y el Frente 13 tender\u00e1 a debilitarse sobre el suroeste del mismo golfo, mientras que su masa de aire polar cubrir\u00e1 el norte, noreste y este del pa\u00eds, as\u00ed como el Golfo de M\u00e9xico; en tanto que Iota, seguir\u00e1 debilit\u00e1ndose conforme se mueva sobre Centroam\u00e9rica hasta degradarse a un cicl\u00f3n post-tropical ma\u00f1ana mi\u00e9rcoles en costas de El Salvador. Despu\u00e9s de este periodo la vaguada dominar\u00e1 el oeste y suroeste del Golfo de M\u00e9xico.<\/p>\n\n\n\n<p>Efectos en el estado de Veracruz durante los siguientes 4 d\u00edas:<\/p>\n\n\n\n<p>Lluvias: acumulados m\u00e1ximos de 70 a 150 mm principalmente en cuencas del norte y sur, y de 20 a 50 mm en el resto del estado, siendo probables mayores a estos rangos de forma m\u00e1s dispersa.<\/p>\n\n\n\n<p>Viento del Norte y Noroeste con rachas m\u00e1ximas de 65 a 80 km\/h en costas centro-sur, y de 45 a 65 km\/h en costas del norte, y entre Xalapa-Misantla y Valle de Perote.<\/p>\n\n\n\n<p>Oleaje de 1.0 a 3.0 metros cercano al litoral, el cual continuar\u00eda impidiendo una libre descarga de los r\u00edos.<\/p>\n","protected":false},"excerpt":{"rendered":"<p>(Redacci\u00f3n) Informo que persisten condiciones para lluvias fuertes a muy fuertes, viento del norte con rachas de 65 a 80 km\/h y que los valores de la temperatura siguen disminuyendo, por lo que llama a extremar precauci\u00f3n Xalapa, Veracruz, a 17 de noviembre de 2020.- La Secretar\u00eda de Protecci\u00f3n Civil emiti\u00f3 Alerta Gris a la [&hellip;]<\/p>\n","protected":false},"author":1,"featured_media":169976,"comment_status":"open","ping_status":"open","sticky":false,"template":"","format":"standard","meta":{"footnotes":""},"categories":[7],"tags":[],"class_list":["post-169975","post","type-post","status-publish","format-standard","has-post-thumbnail","hentry","category-veracruz","entry","has-media"],"jetpack_featured_media_url":"http:\/\/vertienteglobal.com\/wp-content\/uploads\/2020\/11\/1130995.jpg","_links":{"self":[{"href":"http:\/\/vertienteglobal.com\/index.php?rest_route=\/wp\/v2\/posts\/169975","targetHints":{"allow":["GET"]}}],"collection":[{"href":"http:\/\/vertienteglobal.com\/index.php?rest_route=\/wp\/v2\/posts"}],"about":[{"href":"http:\/\/vertienteglobal.com\/index.php?rest_route=\/wp\/v2\/types\/post"}],"author":[{"embeddable":true,"href":"http:\/\/vertienteglobal.com\/index.php?rest_route=\/wp\/v2\/users\/1"}],"replies":[{"embeddable":true,"href":"http:\/\/vertienteglobal.com\/index.php?rest_route=%2Fwp%2Fv2%2Fcomments&post=169975"}],"version-history":[{"count":0,"href":"http:\/\/vertienteglobal.com\/index.php?rest_route=\/wp\/v2\/posts\/169975\/revisions"}],"wp:featuredmedia":[{"embeddable":true,"href":"http:\/\/vertienteglobal.com\/index.php?rest_route=\/wp\/v2\/media\/169976"}],"wp:attachment":[{"href":"http:\/\/vertienteglobal.com\/index.php?rest_route=%2Fwp%2Fv2%2Fmedia&parent=169975"}],"wp:term":[{"taxonomy":"category","embeddable":true,"href":"http:\/\/vertienteglobal.com\/index.php?rest_route=%2Fwp%2Fv2%2Fcategories&post=169975"},{"taxonomy":"post_tag","embeddable":true,"href":"http:\/\/vertienteglobal.com\/index.php?rest_route=%2Fwp%2Fv2%2Ftags&post=169975"}],"curies":[{"name":"wp","href":"https:\/\/api.w.org\/{rel}","templated":true}]}}