{"id":169899,"date":"2020-11-16T18:24:00","date_gmt":"2020-11-17T00:24:00","guid":{"rendered":"http:\/\/vertienteglobal.com\/?p=169899"},"modified":"2020-11-16T19:22:32","modified_gmt":"2020-11-17T01:22:32","slug":"carlos-joaquin-superviso-los-avances-de-la-tercera-etapa-del-parque-cancun","status":"publish","type":"post","link":"http:\/\/vertienteglobal.com\/?p=169899","title":{"rendered":"Carlos Joaqu\u00edn supervis\u00f3 los avances de la tercera etapa del Parque Canc\u00fan"},"content":{"rendered":"\n<div class=\"twitterbutton\" style=\"float: right; padding-left: 5px;\"><a href=\"http:\/\/twitter.com\/share\" class=\"twitter-share-button\" data-count=\"horizontal\" data-text=\"Carlos Joaqu\u00edn supervis\u00f3 los avances de la tercera etapa del Parque Canc\u00fan\" data-via=\"https:\/\/twitter.com\/VertienteGloba1\" data-url=\"http:\/\/vertienteglobal.com\/?p=169899\" data-lang=\"es\" data-related=\"Informaci\u00f3n general:S\u00edguenos para que est\u00e9ss informado\"><\/a><\/div>\n<figure class=\"wp-block-image size-large\"><img loading=\"lazy\" decoding=\"async\" width=\"585\" height=\"390\" src=\"http:\/\/vertienteglobal.com\/wp-content\/uploads\/2020\/11\/parque1-585x390-1.jpg\" alt=\"\" class=\"wp-image-169900\" srcset=\"http:\/\/vertienteglobal.com\/wp-content\/uploads\/2020\/11\/parque1-585x390-1.jpg 585w, http:\/\/vertienteglobal.com\/wp-content\/uploads\/2020\/11\/parque1-585x390-1-300x200.jpg 300w, http:\/\/vertienteglobal.com\/wp-content\/uploads\/2020\/11\/parque1-585x390-1-150x100.jpg 150w\" sizes=\"auto, (max-width: 585px) 100vw, 585px\" \/><\/figure>\n\n\n\n<p>(Redacci\u00f3n)<\/p>\n\n\n\n<p>Generar\u00e1 beneficios para m\u00e1s de 740 mil cancunenses y ser\u00e1 un atractivo tur\u00edstico<\/p>\n\n\n\n<p>Se rescatan 243 hect\u00e1reas, que durante muchos a\u00f1os sirvieron de basurero a colonias aleda\u00f1as<\/p>\n\n\n\n<p>Canc\u00fan, Quintana Roo, a 16 de noviembre de 2020.- El gobernador Carlos Joaqu\u00edn supervis\u00f3 los avances de la tercera etapa del Parque Canc\u00fan, un proyecto que beneficiar\u00e1 a m\u00e1s de 740 mil cancunenses y se sumar\u00e1 a los atractivos tur\u00edsticos de esta ciudad, para impulsar la reactivaci\u00f3n econ\u00f3mica.<\/p>\n\n\n\n<p>El gobernador de Quintana Roo estuvo acompa\u00f1ado por representantes del Patronato del Parque, as\u00ed como por autoridades estatales y municipales, como la secretaria de Turismo Marisol Vanegas P\u00e9rez y la presidenta de Benito Ju\u00e1rez Mara Lezama.<\/p>\n\n\n\n<p>Con este parque, se reforzar\u00e1n el orgullo y la pertenencia de los quintanarroenses, y se contribuir\u00e1 a enriquecer la vida comunitaria creando un atractivo m\u00e1s para los turistas que visitan la entidad.<\/p>\n\n\n\n<p>El proyecto se basa en un plan maestro para la transformaci\u00f3n de un basurero en el emblem\u00e1tico Parque Canc\u00fan. Se encuentra al lado de un \u00e1rea natural protegida, en 243 hect\u00e1reas que formaban parte del pol\u00edgono sur y del pol\u00edgono norte, que durante a\u00f1os fueron utilizados como basurero de las colonias circundantes.<\/p>\n\n\n\n<p>El Parque Canc\u00fan es un proyecto, que se ha venido desarrollando en los \u00faltimos a\u00f1os, a cargo del patronato en el \u00c1rea de Protecci\u00f3n de Flora y Fauna Manglares de Nichupt\u00e9, en Canc\u00fan, Quintana Roo, de la CONANP y se ha financiado por medio de recursos federales y estatales a trav\u00e9s de la SEDETUR, adem\u00e1s de aportaciones del sector privado, coordinada por un patronato representado por empresarios locales, quienes han demostrado su cari\u00f1o y su lealtad hacia Canc\u00fan.<\/p>\n\n\n\n<p>En esta tercera etapa, se llevar\u00e1 a cabo la construcci\u00f3n y el equipamiento de espacios recreativos educativos con juegos infantiles y juveniles, un m\u00f3dulo de ba\u00f1os, se\u00f1al\u00e9tica, andadores, conexi\u00f3n de energ\u00eda el\u00e9ctrica y, cumpliendo con las condiciones ambientales, esculturas, palapas, bancas y portones.<\/p>\n\n\n\n<p>Dentro del parque, habr\u00e1 \u00e1reas deportivas, un museo de biodiversidad, un sol\u00e1rium-lunarium, un foro cultural, un pastocinema, jardines tem\u00e1ticos, un \u00e1rea de alimentos y bebidas, una ciclov\u00eda y un espacio de patinaje.<\/p>\n\n\n\n<figure class=\"wp-block-image size-large\"><img loading=\"lazy\" decoding=\"async\" width=\"585\" height=\"390\" src=\"http:\/\/vertienteglobal.com\/wp-content\/uploads\/2020\/11\/parque4-585x390-1.jpg\" alt=\"\" class=\"wp-image-169902\" srcset=\"http:\/\/vertienteglobal.com\/wp-content\/uploads\/2020\/11\/parque4-585x390-1.jpg 585w, http:\/\/vertienteglobal.com\/wp-content\/uploads\/2020\/11\/parque4-585x390-1-300x200.jpg 300w, http:\/\/vertienteglobal.com\/wp-content\/uploads\/2020\/11\/parque4-585x390-1-150x100.jpg 150w\" sizes=\"auto, (max-width: 585px) 100vw, 585px\" \/><\/figure>\n\n\n\n<figure class=\"wp-block-image size-large\"><img loading=\"lazy\" decoding=\"async\" width=\"585\" height=\"641\" src=\"http:\/\/vertienteglobal.com\/wp-content\/uploads\/2020\/11\/parque2-585x641-1.jpg\" alt=\"\" class=\"wp-image-169903\" srcset=\"http:\/\/vertienteglobal.com\/wp-content\/uploads\/2020\/11\/parque2-585x641-1.jpg 585w, http:\/\/vertienteglobal.com\/wp-content\/uploads\/2020\/11\/parque2-585x641-1-274x300.jpg 274w, http:\/\/vertienteglobal.com\/wp-content\/uploads\/2020\/11\/parque2-585x641-1-137x150.jpg 137w\" sizes=\"auto, (max-width: 585px) 100vw, 585px\" \/><\/figure>\n","protected":false},"excerpt":{"rendered":"<p>(Redacci\u00f3n) Generar\u00e1 beneficios para m\u00e1s de 740 mil cancunenses y ser\u00e1 un atractivo tur\u00edstico Se rescatan 243 hect\u00e1reas, que durante muchos a\u00f1os sirvieron de basurero a colonias aleda\u00f1as Canc\u00fan, Quintana Roo, a 16 de noviembre de 2020.- El gobernador Carlos Joaqu\u00edn supervis\u00f3 los avances de la tercera etapa del Parque Canc\u00fan, un proyecto que beneficiar\u00e1 [&hellip;]<\/p>\n","protected":false},"author":1,"featured_media":169900,"comment_status":"open","ping_status":"open","sticky":false,"template":"","format":"standard","meta":{"footnotes":""},"categories":[3],"tags":[],"class_list":["post-169899","post","type-post","status-publish","format-standard","has-post-thumbnail","hentry","category-quintana-roo","entry","has-media"],"jetpack_featured_media_url":"http:\/\/vertienteglobal.com\/wp-content\/uploads\/2020\/11\/parque1-585x390-1.jpg","_links":{"self":[{"href":"http:\/\/vertienteglobal.com\/index.php?rest_route=\/wp\/v2\/posts\/169899","targetHints":{"allow":["GET"]}}],"collection":[{"href":"http:\/\/vertienteglobal.com\/index.php?rest_route=\/wp\/v2\/posts"}],"about":[{"href":"http:\/\/vertienteglobal.com\/index.php?rest_route=\/wp\/v2\/types\/post"}],"author":[{"embeddable":true,"href":"http:\/\/vertienteglobal.com\/index.php?rest_route=\/wp\/v2\/users\/1"}],"replies":[{"embeddable":true,"href":"http:\/\/vertienteglobal.com\/index.php?rest_route=%2Fwp%2Fv2%2Fcomments&post=169899"}],"version-history":[{"count":0,"href":"http:\/\/vertienteglobal.com\/index.php?rest_route=\/wp\/v2\/posts\/169899\/revisions"}],"wp:featuredmedia":[{"embeddable":true,"href":"http:\/\/vertienteglobal.com\/index.php?rest_route=\/wp\/v2\/media\/169900"}],"wp:attachment":[{"href":"http:\/\/vertienteglobal.com\/index.php?rest_route=%2Fwp%2Fv2%2Fmedia&parent=169899"}],"wp:term":[{"taxonomy":"category","embeddable":true,"href":"http:\/\/vertienteglobal.com\/index.php?rest_route=%2Fwp%2Fv2%2Fcategories&post=169899"},{"taxonomy":"post_tag","embeddable":true,"href":"http:\/\/vertienteglobal.com\/index.php?rest_route=%2Fwp%2Fv2%2Ftags&post=169899"}],"curies":[{"name":"wp","href":"https:\/\/api.w.org\/{rel}","templated":true}]}}