{"id":169893,"date":"2020-11-16T08:21:00","date_gmt":"2020-11-16T14:21:00","guid":{"rendered":"http:\/\/vertienteglobal.com\/?p=169893"},"modified":"2020-11-16T19:18:08","modified_gmt":"2020-11-17T01:18:08","slug":"amlo-asegura-que-evito-que-se-inundara-mas-tabasco","status":"publish","type":"post","link":"http:\/\/vertienteglobal.com\/?p=169893","title":{"rendered":"AMLO asegura que evit\u00f3 que se inundara m\u00e1s Tabasco"},"content":{"rendered":"\n<div class=\"twitterbutton\" style=\"float: right; padding-left: 5px;\"><a href=\"http:\/\/twitter.com\/share\" class=\"twitter-share-button\" data-count=\"horizontal\" data-text=\"AMLO asegura que evit\u00f3 que se inundara m\u00e1s Tabasco\" data-via=\"https:\/\/twitter.com\/VertienteGloba1\" data-url=\"http:\/\/vertienteglobal.com\/?p=169893\" data-lang=\"es\" data-related=\"Informaci\u00f3n general:S\u00edguenos para que est\u00e9ss informado\"><\/a><\/div>\n<figure class=\"wp-block-image size-large\"><img loading=\"lazy\" decoding=\"async\" width=\"1024\" height=\"669\" src=\"http:\/\/vertienteglobal.com\/wp-content\/uploads\/2020\/11\/1130826.jpg\" alt=\"\" class=\"wp-image-169894\" srcset=\"http:\/\/vertienteglobal.com\/wp-content\/uploads\/2020\/11\/1130826.jpg 1024w, http:\/\/vertienteglobal.com\/wp-content\/uploads\/2020\/11\/1130826-300x196.jpg 300w, http:\/\/vertienteglobal.com\/wp-content\/uploads\/2020\/11\/1130826-150x98.jpg 150w, http:\/\/vertienteglobal.com\/wp-content\/uploads\/2020\/11\/1130826-768x502.jpg 768w\" sizes=\"auto, (max-width: 1024px) 100vw, 1024px\" \/><\/figure>\n\n\n\n<p>(Redacci\u00f3n)<\/p>\n\n\n\n<p>El presidente reconoci\u00f3 que para salvar a Villahermosa se decidi\u00f3 inundar a comunidades ind\u00edgenas porque de lo contrario habr\u00eda muchos afectados m\u00e1s<\/p>\n\n\n\n<p>Ciudad de M\u00e9xico a 16 de noviembre de 2020.- Al hablar de las inundaciones en Tabasco, el presidente Andr\u00e9s Manuel L\u00f3pez Obrador, afirm\u00f3 que \u00e9l evit\u00f3 que se inundaran m\u00e1s las zonas bajas de aquel estado.<\/p>\n\n\n\n<p>Y es que dijo: \u201cPara no inundar las zonas bajas, los t\u00e9cnicos ten\u00edan pensado sacar hasta 2,500 metros c\u00fabicos por segundo y yo detuve eso, les dije esperen, voy para all\u00e1\u201d.<\/p>\n\n\n\n<p>Se\u00f1al\u00f3 que se opt\u00f3 por cerrar una compuerta de la presa para enviar menos agua a Villahermosa, por esa raz\u00f3n se tuvo m\u00e1s agua para la zona de las comunidades ind\u00edgenas y entonces detuvo para que se inundara m\u00e1s.<\/p>\n\n\n\n<p>El presidente reconoci\u00f3 que para salvar a Villahermosa se decidi\u00f3 inundar a comunidades ind\u00edgenas porque de lo contrario habr\u00eda muchos afectados m\u00e1s.<\/p>\n\n\n\n<p>\u201cTuvimos que optar, el r\u00edo de la presa Pe\u00f1ita. En Huilmanguillo, ah\u00ed se hizo una compuerta para proteger a Villahermosa, entonces esa compuerta que no se cerraba en 12 a\u00f1os se cerr\u00f3 para quitarle agua a Villahermosa y eso signific\u00f3 m\u00e1s agua por el Samaria, hacia la zona baja que son las zonas de las comunidades ind\u00edgenas\u201d.<\/p>\n\n\n\n<p>Indic\u00f3 que a pesar de que midieron que se inundar\u00eda la zona baja, concluyeron que el volumen de agua ser\u00eda menor que en otras inundaciones.<\/p>\n\n\n\n<p>\u201cMedimos que se iban a ir al agua estas comunidades pero no como en otras ocasiones que ya el volumen era menor, adem\u00e1s del desag\u00fce y optamos por cerrar la compuerta\u201d.<\/p>\n\n\n\n<p>En ese sentido, coment\u00f3 que \u00abno ha habido un buen control de las presas y por esa raz\u00f3n emitir\u00e1 un decreto por lo que ya no ser\u00e1 la generaci\u00f3n de energ\u00eda lo principal.<\/p>\n","protected":false},"excerpt":{"rendered":"<p>(Redacci\u00f3n) El presidente reconoci\u00f3 que para salvar a Villahermosa se decidi\u00f3 inundar a comunidades ind\u00edgenas porque de lo contrario habr\u00eda muchos afectados m\u00e1s Ciudad de M\u00e9xico a 16 de noviembre de 2020.- Al hablar de las inundaciones en Tabasco, el presidente Andr\u00e9s Manuel L\u00f3pez Obrador, afirm\u00f3 que \u00e9l evit\u00f3 que se inundaran m\u00e1s las zonas [&hellip;]<\/p>\n","protected":false},"author":1,"featured_media":169894,"comment_status":"open","ping_status":"open","sticky":false,"template":"","format":"standard","meta":{"footnotes":""},"categories":[8,5],"tags":[],"class_list":["post-169893","post","type-post","status-publish","format-standard","has-post-thumbnail","hentry","category-pais","category-tabasco","entry","has-media"],"jetpack_featured_media_url":"http:\/\/vertienteglobal.com\/wp-content\/uploads\/2020\/11\/1130826.jpg","_links":{"self":[{"href":"http:\/\/vertienteglobal.com\/index.php?rest_route=\/wp\/v2\/posts\/169893","targetHints":{"allow":["GET"]}}],"collection":[{"href":"http:\/\/vertienteglobal.com\/index.php?rest_route=\/wp\/v2\/posts"}],"about":[{"href":"http:\/\/vertienteglobal.com\/index.php?rest_route=\/wp\/v2\/types\/post"}],"author":[{"embeddable":true,"href":"http:\/\/vertienteglobal.com\/index.php?rest_route=\/wp\/v2\/users\/1"}],"replies":[{"embeddable":true,"href":"http:\/\/vertienteglobal.com\/index.php?rest_route=%2Fwp%2Fv2%2Fcomments&post=169893"}],"version-history":[{"count":0,"href":"http:\/\/vertienteglobal.com\/index.php?rest_route=\/wp\/v2\/posts\/169893\/revisions"}],"wp:featuredmedia":[{"embeddable":true,"href":"http:\/\/vertienteglobal.com\/index.php?rest_route=\/wp\/v2\/media\/169894"}],"wp:attachment":[{"href":"http:\/\/vertienteglobal.com\/index.php?rest_route=%2Fwp%2Fv2%2Fmedia&parent=169893"}],"wp:term":[{"taxonomy":"category","embeddable":true,"href":"http:\/\/vertienteglobal.com\/index.php?rest_route=%2Fwp%2Fv2%2Fcategories&post=169893"},{"taxonomy":"post_tag","embeddable":true,"href":"http:\/\/vertienteglobal.com\/index.php?rest_route=%2Fwp%2Fv2%2Ftags&post=169893"}],"curies":[{"name":"wp","href":"https:\/\/api.w.org\/{rel}","templated":true}]}}